{"id":1002,"date":"2021-01-27T17:39:10","date_gmt":"2021-01-27T17:39:10","guid":{"rendered":"https:\/\/www.tourenwagenjuniorcup.de\/?p=1002"},"modified":"2021-01-27T17:39:11","modified_gmt":"2021-01-27T17:39:11","slug":"neuzugang-im-tourenwagen-junior-cup-kues-team-bernhard","status":"publish","type":"post","link":"https:\/\/www.tourenwagenjuniorcup.de\/en\/neuzugang-im-tourenwagen-junior-cup-kues-team-bernhard\/","title":{"rendered":"NEUZUGANG IM TOURENWAGEN JUNIOR CUP: K\u00dcS TEAM BERNHARD"},"content":{"rendered":"<div id=\"cs-content\" class=\"cs-content\"><\/div>\n","protected":false},"excerpt":{"rendered":"<p>Neuzugang im Tourenwagen Junior Cup: K\u00dcS Team Bernhard Das K\u00dcS Team Bernhard geht in Sachen Talentf\u00f6rderung den n\u00e4chsten Schritt und steigt in den Tourenwagen Junior Cup ein. Erster Fahrer f\u00fcr die Mannschaft aus Landstuhl ist Daniel Gregor. Der 15-J\u00e4hrige aus Leinsweiler konnte als Kartfahrer im Junior Team 75 Bernhard \u00fcberzeugen und wird in der kommenden Saison einen VW up! GTI &#8230; <\/p>\n<div><a href=\"https:\/\/www.tourenwagenjuniorcup.de\/en\/neuzugang-im-tourenwagen-junior-cup-kues-team-bernhard\/\" class=\"more-link\">Read More<\/a><\/div>\n","protected":false},"author":3,"featured_media":1003,"comment_status":"closed","ping_status":"closed","sticky":false,"template":"","format":"standard","meta":{"footnotes":""},"categories":[3],"tags":[],"class_list":["post-1002","post","type-post","status-publish","format-standard","has-post-thumbnail","hentry","category-unkategorisiert"],"yoast_head":"<!-- This site is optimized with the Yoast SEO plugin v25.9 - https:\/\/yoast.com\/wordpress\/plugins\/seo\/ -->\n<title>NEUZUGANG IM TOURENWAGEN JUNIOR CUP: K\u00dcS TEAM BERNHARD | ADAC Tourenwagen Junior Cup<\/title>\n<meta name=\"robots\" content=\"index, follow, max-snippet:-1, max-image-preview:large, max-video-preview:-1\" \/>\n<link rel=\"canonical\" href=\"https:\/\/www.tourenwagenjuniorcup.de\/en\/neuzugang-im-tourenwagen-junior-cup-kues-team-bernhard\/\" \/>\n<meta property=\"og:locale\" content=\"en_US\" \/>\n<meta property=\"og:type\" content=\"article\" \/>\n<meta property=\"og:title\" content=\"NEUZUGANG IM TOURENWAGEN JUNIOR CUP: K\u00dcS TEAM BERNHARD | ADAC Tourenwagen Junior Cup\" \/>\n<meta property=\"og:description\" content=\"Neuzugang im Tourenwagen Junior Cup: K\u00dcS Team Bernhard Das K\u00dcS Team Bernhard geht in Sachen Talentf\u00f6rderung den n\u00e4chsten Schritt und steigt in den Tourenwagen Junior Cup ein. Erster Fahrer f\u00fcr die Mannschaft aus Landstuhl ist Daniel Gregor. Der 15-J\u00e4hrige aus Leinsweiler konnte als Kartfahrer im Junior Team 75 Bernhard \u00fcberzeugen und wird in der kommenden Saison einen VW up! GTI ... Read More\" \/>\n<meta property=\"og:url\" content=\"https:\/\/www.tourenwagenjuniorcup.de\/en\/neuzugang-im-tourenwagen-junior-cup-kues-team-bernhard\/\" \/>\n<meta property=\"og:site_name\" content=\"ADAC Tourenwagen Junior Cup\" \/>\n<meta property=\"article:published_time\" content=\"2021-01-27T17:39:10+00:00\" \/>\n<meta property=\"article:modified_time\" content=\"2021-01-27T17:39:11+00:00\" \/>\n<meta property=\"og:image\" content=\"https:\/\/www.tourenwagenjuniorcup.de\/wp-content\/uploads\/Team_75_Bernhard_Entry.jpg\" \/>\n\t<meta property=\"og:image:width\" content=\"1920\" \/>\n\t<meta property=\"og:image:height\" content=\"1080\" \/>\n\t<meta property=\"og:image:type\" content=\"image\/jpeg\" \/>\n<meta name=\"author\" content=\"Matthias Meyer\" \/>\n<meta name=\"twitter:card\" content=\"summary_large_image\" \/>\n<meta name=\"twitter:label1\" content=\"Written by\" \/>\n\t<meta name=\"twitter:data1\" content=\"Matthias Meyer\" \/>\n<script type=\"application\/ld+json\" class=\"yoast-schema-graph\">{\"@context\":\"https:\/\/schema.org\",\"@graph\":[{\"@type\":\"WebPage\",\"@id\":\"https:\/\/www.tourenwagenjuniorcup.de\/en\/neuzugang-im-tourenwagen-junior-cup-kues-team-bernhard\/\",\"url\":\"https:\/\/www.tourenwagenjuniorcup.de\/en\/neuzugang-im-tourenwagen-junior-cup-kues-team-bernhard\/\",\"name\":\"NEUZUGANG IM TOURENWAGEN JUNIOR CUP: K\u00dcS TEAM BERNHARD | ADAC Tourenwagen Junior Cup\",\"isPartOf\":{\"@id\":\"https:\/\/www.tourenwagenjuniorcup.de\/en\/#website\"},\"primaryImageOfPage\":{\"@id\":\"https:\/\/www.tourenwagenjuniorcup.de\/en\/neuzugang-im-tourenwagen-junior-cup-kues-team-bernhard\/#primaryimage\"},\"image\":{\"@id\":\"https:\/\/www.tourenwagenjuniorcup.de\/en\/neuzugang-im-tourenwagen-junior-cup-kues-team-bernhard\/#primaryimage\"},\"thumbnailUrl\":\"https:\/\/www.tourenwagenjuniorcup.de\/wp-content\/uploads\/Team_75_Bernhard_Entry.jpg\",\"datePublished\":\"2021-01-27T17:39:10+00:00\",\"dateModified\":\"2021-01-27T17:39:11+00:00\",\"author\":{\"@id\":\"https:\/\/www.tourenwagenjuniorcup.de\/en\/#\/schema\/person\/555d6c5113b5491d1fd53b653f9acf4c\"},\"breadcrumb\":{\"@id\":\"https:\/\/www.tourenwagenjuniorcup.de\/en\/neuzugang-im-tourenwagen-junior-cup-kues-team-bernhard\/#breadcrumb\"},\"inLanguage\":\"en-US\",\"potentialAction\":[{\"@type\":\"ReadAction\",\"target\":[\"https:\/\/www.tourenwagenjuniorcup.de\/en\/neuzugang-im-tourenwagen-junior-cup-kues-team-bernhard\/\"]}]},{\"@type\":\"ImageObject\",\"inLanguage\":\"en-US\",\"@id\":\"https:\/\/www.tourenwagenjuniorcup.de\/en\/neuzugang-im-tourenwagen-junior-cup-kues-team-bernhard\/#primaryimage\",\"url\":\"https:\/\/www.tourenwagenjuniorcup.de\/wp-content\/uploads\/Team_75_Bernhard_Entry.jpg\",\"contentUrl\":\"https:\/\/www.tourenwagenjuniorcup.de\/wp-content\/uploads\/Team_75_Bernhard_Entry.jpg\",\"width\":1920,\"height\":1080},{\"@type\":\"BreadcrumbList\",\"@id\":\"https:\/\/www.tourenwagenjuniorcup.de\/en\/neuzugang-im-tourenwagen-junior-cup-kues-team-bernhard\/#breadcrumb\",\"itemListElement\":[{\"@type\":\"ListItem\",\"position\":1,\"name\":\"Startseite\",\"item\":\"https:\/\/www.tourenwagenjuniorcup.de\/en\/\"},{\"@type\":\"ListItem\",\"position\":2,\"name\":\"NEUZUGANG IM TOURENWAGEN JUNIOR CUP: K\u00dcS TEAM BERNHARD\"}]},{\"@type\":\"WebSite\",\"@id\":\"https:\/\/www.tourenwagenjuniorcup.de\/en\/#website\",\"url\":\"https:\/\/www.tourenwagenjuniorcup.de\/en\/\",\"name\":\"ADAC Tourenwagen Junior Cup\",\"description\":\"Der ADAC Tourenwagen Junior Cup ist die deutsche Nachwuchsliga und dein Sprungbrett in den Profi-Sport.\",\"potentialAction\":[{\"@type\":\"SearchAction\",\"target\":{\"@type\":\"EntryPoint\",\"urlTemplate\":\"https:\/\/www.tourenwagenjuniorcup.de\/en\/?s={search_term_string}\"},\"query-input\":{\"@type\":\"PropertyValueSpecification\",\"valueRequired\":true,\"valueName\":\"search_term_string\"}}],\"inLanguage\":\"en-US\"},{\"@type\":\"Person\",\"@id\":\"https:\/\/www.tourenwagenjuniorcup.de\/en\/#\/schema\/person\/555d6c5113b5491d1fd53b653f9acf4c\",\"name\":\"Matthias Meyer\",\"image\":{\"@type\":\"ImageObject\",\"inLanguage\":\"en-US\",\"@id\":\"https:\/\/www.tourenwagenjuniorcup.de\/en\/#\/schema\/person\/image\/\",\"url\":\"https:\/\/secure.gravatar.com\/avatar\/4f7f88e9834655263977d4fa2e611bbaca4504a33c25d4bd6d973af7e9255f71?s=96&d=mm&r=g\",\"contentUrl\":\"https:\/\/secure.gravatar.com\/avatar\/4f7f88e9834655263977d4fa2e611bbaca4504a33c25d4bd6d973af7e9255f71?s=96&d=mm&r=g\",\"caption\":\"Matthias Meyer\"},\"url\":\"https:\/\/www.tourenwagenjuniorcup.de\/en\/author\/matthias\/\"}]}<\/script>\n<!-- \/ Yoast SEO plugin. -->","yoast_head_json":{"title":"NEUZUGANG IM TOURENWAGEN JUNIOR CUP: K\u00dcS TEAM BERNHARD | ADAC Tourenwagen Junior Cup","robots":{"index":"index","follow":"follow","max-snippet":"max-snippet:-1","max-image-preview":"max-image-preview:large","max-video-preview":"max-video-preview:-1"},"canonical":"https:\/\/www.tourenwagenjuniorcup.de\/en\/neuzugang-im-tourenwagen-junior-cup-kues-team-bernhard\/","og_locale":"en_US","og_type":"article","og_title":"NEUZUGANG IM TOURENWAGEN JUNIOR CUP: K\u00dcS TEAM BERNHARD | ADAC Tourenwagen Junior Cup","og_description":"Neuzugang im Tourenwagen Junior Cup: K\u00dcS Team Bernhard Das K\u00dcS Team Bernhard geht in Sachen Talentf\u00f6rderung den n\u00e4chsten Schritt und steigt in den Tourenwagen Junior Cup ein. Erster Fahrer f\u00fcr die Mannschaft aus Landstuhl ist Daniel Gregor. Der 15-J\u00e4hrige aus Leinsweiler konnte als Kartfahrer im Junior Team 75 Bernhard \u00fcberzeugen und wird in der kommenden Saison einen VW up! GTI ... Read More","og_url":"https:\/\/www.tourenwagenjuniorcup.de\/en\/neuzugang-im-tourenwagen-junior-cup-kues-team-bernhard\/","og_site_name":"ADAC Tourenwagen Junior Cup","article_published_time":"2021-01-27T17:39:10+00:00","article_modified_time":"2021-01-27T17:39:11+00:00","og_image":[{"width":1920,"height":1080,"url":"https:\/\/www.tourenwagenjuniorcup.de\/wp-content\/uploads\/Team_75_Bernhard_Entry.jpg","type":"image\/jpeg"}],"author":"Matthias Meyer","twitter_card":"summary_large_image","twitter_misc":{"Written by":"Matthias Meyer"},"schema":{"@context":"https:\/\/schema.org","@graph":[{"@type":"WebPage","@id":"https:\/\/www.tourenwagenjuniorcup.de\/en\/neuzugang-im-tourenwagen-junior-cup-kues-team-bernhard\/","url":"https:\/\/www.tourenwagenjuniorcup.de\/en\/neuzugang-im-tourenwagen-junior-cup-kues-team-bernhard\/","name":"NEUZUGANG IM TOURENWAGEN JUNIOR CUP: K\u00dcS TEAM BERNHARD | ADAC Tourenwagen Junior Cup","isPartOf":{"@id":"https:\/\/www.tourenwagenjuniorcup.de\/en\/#website"},"primaryImageOfPage":{"@id":"https:\/\/www.tourenwagenjuniorcup.de\/en\/neuzugang-im-tourenwagen-junior-cup-kues-team-bernhard\/#primaryimage"},"image":{"@id":"https:\/\/www.tourenwagenjuniorcup.de\/en\/neuzugang-im-tourenwagen-junior-cup-kues-team-bernhard\/#primaryimage"},"thumbnailUrl":"https:\/\/www.tourenwagenjuniorcup.de\/wp-content\/uploads\/Team_75_Bernhard_Entry.jpg","datePublished":"2021-01-27T17:39:10+00:00","dateModified":"2021-01-27T17:39:11+00:00","author":{"@id":"https:\/\/www.tourenwagenjuniorcup.de\/en\/#\/schema\/person\/555d6c5113b5491d1fd53b653f9acf4c"},"breadcrumb":{"@id":"https:\/\/www.tourenwagenjuniorcup.de\/en\/neuzugang-im-tourenwagen-junior-cup-kues-team-bernhard\/#breadcrumb"},"inLanguage":"en-US","potentialAction":[{"@type":"ReadAction","target":["https:\/\/www.tourenwagenjuniorcup.de\/en\/neuzugang-im-tourenwagen-junior-cup-kues-team-bernhard\/"]}]},{"@type":"ImageObject","inLanguage":"en-US","@id":"https:\/\/www.tourenwagenjuniorcup.de\/en\/neuzugang-im-tourenwagen-junior-cup-kues-team-bernhard\/#primaryimage","url":"https:\/\/www.tourenwagenjuniorcup.de\/wp-content\/uploads\/Team_75_Bernhard_Entry.jpg","contentUrl":"https:\/\/www.tourenwagenjuniorcup.de\/wp-content\/uploads\/Team_75_Bernhard_Entry.jpg","width":1920,"height":1080},{"@type":"BreadcrumbList","@id":"https:\/\/www.tourenwagenjuniorcup.de\/en\/neuzugang-im-tourenwagen-junior-cup-kues-team-bernhard\/#breadcrumb","itemListElement":[{"@type":"ListItem","position":1,"name":"Startseite","item":"https:\/\/www.tourenwagenjuniorcup.de\/en\/"},{"@type":"ListItem","position":2,"name":"NEUZUGANG IM TOURENWAGEN JUNIOR CUP: K\u00dcS TEAM BERNHARD"}]},{"@type":"WebSite","@id":"https:\/\/www.tourenwagenjuniorcup.de\/en\/#website","url":"https:\/\/www.tourenwagenjuniorcup.de\/en\/","name":"ADAC Tourenwagen Junior Cup","description":"Der ADAC Tourenwagen Junior Cup ist die deutsche Nachwuchsliga und dein Sprungbrett in den Profi-Sport.","potentialAction":[{"@type":"SearchAction","target":{"@type":"EntryPoint","urlTemplate":"https:\/\/www.tourenwagenjuniorcup.de\/en\/?s={search_term_string}"},"query-input":{"@type":"PropertyValueSpecification","valueRequired":true,"valueName":"search_term_string"}}],"inLanguage":"en-US"},{"@type":"Person","@id":"https:\/\/www.tourenwagenjuniorcup.de\/en\/#\/schema\/person\/555d6c5113b5491d1fd53b653f9acf4c","name":"Matthias Meyer","image":{"@type":"ImageObject","inLanguage":"en-US","@id":"https:\/\/www.tourenwagenjuniorcup.de\/en\/#\/schema\/person\/image\/","url":"https:\/\/secure.gravatar.com\/avatar\/4f7f88e9834655263977d4fa2e611bbaca4504a33c25d4bd6d973af7e9255f71?s=96&d=mm&r=g","contentUrl":"https:\/\/secure.gravatar.com\/avatar\/4f7f88e9834655263977d4fa2e611bbaca4504a33c25d4bd6d973af7e9255f71?s=96&d=mm&r=g","caption":"Matthias Meyer"},"url":"https:\/\/www.tourenwagenjuniorcup.de\/en\/author\/matthias\/"}]}},"_links":{"self":[{"href":"https:\/\/www.tourenwagenjuniorcup.de\/en\/wp-json\/wp\/v2\/posts\/1002","targetHints":{"allow":["GET"]}}],"collection":[{"href":"https:\/\/www.tourenwagenjuniorcup.de\/en\/wp-json\/wp\/v2\/posts"}],"about":[{"href":"https:\/\/www.tourenwagenjuniorcup.de\/en\/wp-json\/wp\/v2\/types\/post"}],"author":[{"embeddable":true,"href":"https:\/\/www.tourenwagenjuniorcup.de\/en\/wp-json\/wp\/v2\/users\/3"}],"replies":[{"embeddable":true,"href":"https:\/\/www.tourenwagenjuniorcup.de\/en\/wp-json\/wp\/v2\/comments?post=1002"}],"version-history":[{"count":2,"href":"https:\/\/www.tourenwagenjuniorcup.de\/en\/wp-json\/wp\/v2\/posts\/1002\/revisions"}],"predecessor-version":[{"id":1005,"href":"https:\/\/www.tourenwagenjuniorcup.de\/en\/wp-json\/wp\/v2\/posts\/1002\/revisions\/1005"}],"wp:featuredmedia":[{"embeddable":true,"href":"https:\/\/www.tourenwagenjuniorcup.de\/en\/wp-json\/wp\/v2\/media\/1003"}],"wp:attachment":[{"href":"https:\/\/www.tourenwagenjuniorcup.de\/en\/wp-json\/wp\/v2\/media?parent=1002"}],"wp:term":[{"taxonomy":"category","embeddable":true,"href":"https:\/\/www.tourenwagenjuniorcup.de\/en\/wp-json\/wp\/v2\/categories?post=1002"},{"taxonomy":"post_tag","embeddable":true,"href":"https:\/\/www.tourenwagenjuniorcup.de\/en\/wp-json\/wp\/v2\/tags?post=1002"}],"curies":[{"name":"wp","href":"https:\/\/api.w.org\/{rel}","templated":true}]}}