{"id":1043,"date":"2021-03-27T19:14:59","date_gmt":"2021-03-27T19:14:59","guid":{"rendered":"https:\/\/www.tourenwagenjuniorcup.de\/?p=1043"},"modified":"2021-03-27T19:44:48","modified_gmt":"2021-03-27T19:44:48","slug":"kai-jordan-bringt-juniorteam-mit-hr-an-den-start","status":"publish","type":"post","link":"https:\/\/www.tourenwagenjuniorcup.de\/en\/kai-jordan-bringt-juniorteam-mit-hr-an-den-start\/","title":{"rendered":"KAI JORDAN BRINGT JUNIORTEAM MIT H&#038;R AN DEN START"},"content":{"rendered":"<div id=\"cs-content\" class=\"cs-content\"><\/div>\n","protected":false},"excerpt":{"rendered":"<p>Bereits in den vergangenen Jahren hat sich Kai Jordan h\u00e4ufiger an Rennwochenenden um junge Fahrer gek\u00fcmmert als selbst ins Lenkrad zu greifen. Jetzt setzt er alles auf Nachwuchsf\u00f6rderung und stellt mit seinem langj\u00e4hrigen Partner H&amp;R Spezialfedern ein subventioniertes Juniorteam f\u00fcr den Tourenwagen Junior Cup auf. Tourenwagen und Kai Jordan &#8211; das ist seit vielen Jahren eine erfolgreiche Kombination. Allerdings fokussierte &#8230; <\/p>\n<div><a href=\"https:\/\/www.tourenwagenjuniorcup.de\/en\/kai-jordan-bringt-juniorteam-mit-hr-an-den-start\/\" class=\"more-link\">Read More<\/a><\/div>\n","protected":false},"author":3,"featured_media":1044,"comment_status":"closed","ping_status":"closed","sticky":false,"template":"","format":"standard","meta":{"footnotes":""},"categories":[3],"tags":[],"class_list":["post-1043","post","type-post","status-publish","format-standard","has-post-thumbnail","hentry","category-unkategorisiert"],"yoast_head":"<!-- This site is optimized with the Yoast SEO plugin v25.9 - https:\/\/yoast.com\/wordpress\/plugins\/seo\/ -->\n<title>KAI JORDAN BRINGT JUNIORTEAM MIT H&amp;R AN DEN START | ADAC Tourenwagen Junior Cup<\/title>\n<meta name=\"robots\" content=\"index, follow, max-snippet:-1, max-image-preview:large, max-video-preview:-1\" \/>\n<link rel=\"canonical\" href=\"https:\/\/www.tourenwagenjuniorcup.de\/en\/kai-jordan-bringt-juniorteam-mit-hr-an-den-start\/\" \/>\n<meta property=\"og:locale\" content=\"en_US\" \/>\n<meta property=\"og:type\" content=\"article\" \/>\n<meta property=\"og:title\" content=\"KAI JORDAN BRINGT JUNIORTEAM MIT H&amp;R AN DEN START | ADAC Tourenwagen Junior Cup\" \/>\n<meta property=\"og:description\" content=\"Bereits in den vergangenen Jahren hat sich Kai Jordan h\u00e4ufiger an Rennwochenenden um junge Fahrer gek\u00fcmmert als selbst ins Lenkrad zu greifen. Jetzt setzt er alles auf Nachwuchsf\u00f6rderung und stellt mit seinem langj\u00e4hrigen Partner H&amp;R Spezialfedern ein subventioniertes Juniorteam f\u00fcr den Tourenwagen Junior Cup auf. Tourenwagen und Kai Jordan - das ist seit vielen Jahren eine erfolgreiche Kombination. Allerdings fokussierte ... Read More\" \/>\n<meta property=\"og:url\" content=\"https:\/\/www.tourenwagenjuniorcup.de\/en\/kai-jordan-bringt-juniorteam-mit-hr-an-den-start\/\" \/>\n<meta property=\"og:site_name\" content=\"ADAC Tourenwagen Junior Cup\" \/>\n<meta property=\"article:published_time\" content=\"2021-03-27T19:14:59+00:00\" \/>\n<meta property=\"article:modified_time\" content=\"2021-03-27T19:44:48+00:00\" \/>\n<meta property=\"og:image\" content=\"https:\/\/www.tourenwagenjuniorcup.de\/wp-content\/uploads\/h_r_announcement.jpg\" \/>\n\t<meta property=\"og:image:width\" content=\"1920\" \/>\n\t<meta property=\"og:image:height\" content=\"1080\" \/>\n\t<meta property=\"og:image:type\" content=\"image\/jpeg\" \/>\n<meta name=\"author\" content=\"Matthias Meyer\" \/>\n<meta name=\"twitter:card\" content=\"summary_large_image\" \/>\n<meta name=\"twitter:label1\" content=\"Written by\" \/>\n\t<meta name=\"twitter:data1\" content=\"Matthias Meyer\" \/>\n<script type=\"application\/ld+json\" class=\"yoast-schema-graph\">{\"@context\":\"https:\/\/schema.org\",\"@graph\":[{\"@type\":\"WebPage\",\"@id\":\"https:\/\/www.tourenwagenjuniorcup.de\/en\/kai-jordan-bringt-juniorteam-mit-hr-an-den-start\/\",\"url\":\"https:\/\/www.tourenwagenjuniorcup.de\/en\/kai-jordan-bringt-juniorteam-mit-hr-an-den-start\/\",\"name\":\"KAI JORDAN BRINGT JUNIORTEAM MIT H&R AN DEN START | ADAC Tourenwagen Junior Cup\",\"isPartOf\":{\"@id\":\"https:\/\/www.tourenwagenjuniorcup.de\/en\/#website\"},\"primaryImageOfPage\":{\"@id\":\"https:\/\/www.tourenwagenjuniorcup.de\/en\/kai-jordan-bringt-juniorteam-mit-hr-an-den-start\/#primaryimage\"},\"image\":{\"@id\":\"https:\/\/www.tourenwagenjuniorcup.de\/en\/kai-jordan-bringt-juniorteam-mit-hr-an-den-start\/#primaryimage\"},\"thumbnailUrl\":\"https:\/\/www.tourenwagenjuniorcup.de\/wp-content\/uploads\/h_r_announcement.jpg\",\"datePublished\":\"2021-03-27T19:14:59+00:00\",\"dateModified\":\"2021-03-27T19:44:48+00:00\",\"author\":{\"@id\":\"https:\/\/www.tourenwagenjuniorcup.de\/en\/#\/schema\/person\/555d6c5113b5491d1fd53b653f9acf4c\"},\"breadcrumb\":{\"@id\":\"https:\/\/www.tourenwagenjuniorcup.de\/en\/kai-jordan-bringt-juniorteam-mit-hr-an-den-start\/#breadcrumb\"},\"inLanguage\":\"en-US\",\"potentialAction\":[{\"@type\":\"ReadAction\",\"target\":[\"https:\/\/www.tourenwagenjuniorcup.de\/en\/kai-jordan-bringt-juniorteam-mit-hr-an-den-start\/\"]}]},{\"@type\":\"ImageObject\",\"inLanguage\":\"en-US\",\"@id\":\"https:\/\/www.tourenwagenjuniorcup.de\/en\/kai-jordan-bringt-juniorteam-mit-hr-an-den-start\/#primaryimage\",\"url\":\"https:\/\/www.tourenwagenjuniorcup.de\/wp-content\/uploads\/h_r_announcement.jpg\",\"contentUrl\":\"https:\/\/www.tourenwagenjuniorcup.de\/wp-content\/uploads\/h_r_announcement.jpg\",\"width\":1920,\"height\":1080},{\"@type\":\"BreadcrumbList\",\"@id\":\"https:\/\/www.tourenwagenjuniorcup.de\/en\/kai-jordan-bringt-juniorteam-mit-hr-an-den-start\/#breadcrumb\",\"itemListElement\":[{\"@type\":\"ListItem\",\"position\":1,\"name\":\"Startseite\",\"item\":\"https:\/\/www.tourenwagenjuniorcup.de\/en\/\"},{\"@type\":\"ListItem\",\"position\":2,\"name\":\"KAI JORDAN BRINGT JUNIORTEAM MIT H&#038;R AN DEN START\"}]},{\"@type\":\"WebSite\",\"@id\":\"https:\/\/www.tourenwagenjuniorcup.de\/en\/#website\",\"url\":\"https:\/\/www.tourenwagenjuniorcup.de\/en\/\",\"name\":\"ADAC Tourenwagen Junior Cup\",\"description\":\"Der ADAC Tourenwagen Junior Cup ist die deutsche Nachwuchsliga und dein Sprungbrett in den Profi-Sport.\",\"potentialAction\":[{\"@type\":\"SearchAction\",\"target\":{\"@type\":\"EntryPoint\",\"urlTemplate\":\"https:\/\/www.tourenwagenjuniorcup.de\/en\/?s={search_term_string}\"},\"query-input\":{\"@type\":\"PropertyValueSpecification\",\"valueRequired\":true,\"valueName\":\"search_term_string\"}}],\"inLanguage\":\"en-US\"},{\"@type\":\"Person\",\"@id\":\"https:\/\/www.tourenwagenjuniorcup.de\/en\/#\/schema\/person\/555d6c5113b5491d1fd53b653f9acf4c\",\"name\":\"Matthias Meyer\",\"image\":{\"@type\":\"ImageObject\",\"inLanguage\":\"en-US\",\"@id\":\"https:\/\/www.tourenwagenjuniorcup.de\/en\/#\/schema\/person\/image\/\",\"url\":\"https:\/\/secure.gravatar.com\/avatar\/4f7f88e9834655263977d4fa2e611bbaca4504a33c25d4bd6d973af7e9255f71?s=96&d=mm&r=g\",\"contentUrl\":\"https:\/\/secure.gravatar.com\/avatar\/4f7f88e9834655263977d4fa2e611bbaca4504a33c25d4bd6d973af7e9255f71?s=96&d=mm&r=g\",\"caption\":\"Matthias Meyer\"},\"url\":\"https:\/\/www.tourenwagenjuniorcup.de\/en\/author\/matthias\/\"}]}<\/script>\n<!-- \/ Yoast SEO plugin. -->","yoast_head_json":{"title":"KAI JORDAN BRINGT JUNIORTEAM MIT H&R AN DEN START | ADAC Tourenwagen Junior Cup","robots":{"index":"index","follow":"follow","max-snippet":"max-snippet:-1","max-image-preview":"max-image-preview:large","max-video-preview":"max-video-preview:-1"},"canonical":"https:\/\/www.tourenwagenjuniorcup.de\/en\/kai-jordan-bringt-juniorteam-mit-hr-an-den-start\/","og_locale":"en_US","og_type":"article","og_title":"KAI JORDAN BRINGT JUNIORTEAM MIT H&R AN DEN START | ADAC Tourenwagen Junior Cup","og_description":"Bereits in den vergangenen Jahren hat sich Kai Jordan h\u00e4ufiger an Rennwochenenden um junge Fahrer gek\u00fcmmert als selbst ins Lenkrad zu greifen. Jetzt setzt er alles auf Nachwuchsf\u00f6rderung und stellt mit seinem langj\u00e4hrigen Partner H&amp;R Spezialfedern ein subventioniertes Juniorteam f\u00fcr den Tourenwagen Junior Cup auf. Tourenwagen und Kai Jordan - das ist seit vielen Jahren eine erfolgreiche Kombination. Allerdings fokussierte ... Read More","og_url":"https:\/\/www.tourenwagenjuniorcup.de\/en\/kai-jordan-bringt-juniorteam-mit-hr-an-den-start\/","og_site_name":"ADAC Tourenwagen Junior Cup","article_published_time":"2021-03-27T19:14:59+00:00","article_modified_time":"2021-03-27T19:44:48+00:00","og_image":[{"width":1920,"height":1080,"url":"https:\/\/www.tourenwagenjuniorcup.de\/wp-content\/uploads\/h_r_announcement.jpg","type":"image\/jpeg"}],"author":"Matthias Meyer","twitter_card":"summary_large_image","twitter_misc":{"Written by":"Matthias Meyer"},"schema":{"@context":"https:\/\/schema.org","@graph":[{"@type":"WebPage","@id":"https:\/\/www.tourenwagenjuniorcup.de\/en\/kai-jordan-bringt-juniorteam-mit-hr-an-den-start\/","url":"https:\/\/www.tourenwagenjuniorcup.de\/en\/kai-jordan-bringt-juniorteam-mit-hr-an-den-start\/","name":"KAI JORDAN BRINGT JUNIORTEAM MIT H&R AN DEN START | ADAC Tourenwagen Junior Cup","isPartOf":{"@id":"https:\/\/www.tourenwagenjuniorcup.de\/en\/#website"},"primaryImageOfPage":{"@id":"https:\/\/www.tourenwagenjuniorcup.de\/en\/kai-jordan-bringt-juniorteam-mit-hr-an-den-start\/#primaryimage"},"image":{"@id":"https:\/\/www.tourenwagenjuniorcup.de\/en\/kai-jordan-bringt-juniorteam-mit-hr-an-den-start\/#primaryimage"},"thumbnailUrl":"https:\/\/www.tourenwagenjuniorcup.de\/wp-content\/uploads\/h_r_announcement.jpg","datePublished":"2021-03-27T19:14:59+00:00","dateModified":"2021-03-27T19:44:48+00:00","author":{"@id":"https:\/\/www.tourenwagenjuniorcup.de\/en\/#\/schema\/person\/555d6c5113b5491d1fd53b653f9acf4c"},"breadcrumb":{"@id":"https:\/\/www.tourenwagenjuniorcup.de\/en\/kai-jordan-bringt-juniorteam-mit-hr-an-den-start\/#breadcrumb"},"inLanguage":"en-US","potentialAction":[{"@type":"ReadAction","target":["https:\/\/www.tourenwagenjuniorcup.de\/en\/kai-jordan-bringt-juniorteam-mit-hr-an-den-start\/"]}]},{"@type":"ImageObject","inLanguage":"en-US","@id":"https:\/\/www.tourenwagenjuniorcup.de\/en\/kai-jordan-bringt-juniorteam-mit-hr-an-den-start\/#primaryimage","url":"https:\/\/www.tourenwagenjuniorcup.de\/wp-content\/uploads\/h_r_announcement.jpg","contentUrl":"https:\/\/www.tourenwagenjuniorcup.de\/wp-content\/uploads\/h_r_announcement.jpg","width":1920,"height":1080},{"@type":"BreadcrumbList","@id":"https:\/\/www.tourenwagenjuniorcup.de\/en\/kai-jordan-bringt-juniorteam-mit-hr-an-den-start\/#breadcrumb","itemListElement":[{"@type":"ListItem","position":1,"name":"Startseite","item":"https:\/\/www.tourenwagenjuniorcup.de\/en\/"},{"@type":"ListItem","position":2,"name":"KAI JORDAN BRINGT JUNIORTEAM MIT H&#038;R AN DEN START"}]},{"@type":"WebSite","@id":"https:\/\/www.tourenwagenjuniorcup.de\/en\/#website","url":"https:\/\/www.tourenwagenjuniorcup.de\/en\/","name":"ADAC Tourenwagen Junior Cup","description":"Der ADAC Tourenwagen Junior Cup ist die deutsche Nachwuchsliga und dein Sprungbrett in den Profi-Sport.","potentialAction":[{"@type":"SearchAction","target":{"@type":"EntryPoint","urlTemplate":"https:\/\/www.tourenwagenjuniorcup.de\/en\/?s={search_term_string}"},"query-input":{"@type":"PropertyValueSpecification","valueRequired":true,"valueName":"search_term_string"}}],"inLanguage":"en-US"},{"@type":"Person","@id":"https:\/\/www.tourenwagenjuniorcup.de\/en\/#\/schema\/person\/555d6c5113b5491d1fd53b653f9acf4c","name":"Matthias Meyer","image":{"@type":"ImageObject","inLanguage":"en-US","@id":"https:\/\/www.tourenwagenjuniorcup.de\/en\/#\/schema\/person\/image\/","url":"https:\/\/secure.gravatar.com\/avatar\/4f7f88e9834655263977d4fa2e611bbaca4504a33c25d4bd6d973af7e9255f71?s=96&d=mm&r=g","contentUrl":"https:\/\/secure.gravatar.com\/avatar\/4f7f88e9834655263977d4fa2e611bbaca4504a33c25d4bd6d973af7e9255f71?s=96&d=mm&r=g","caption":"Matthias Meyer"},"url":"https:\/\/www.tourenwagenjuniorcup.de\/en\/author\/matthias\/"}]}},"_links":{"self":[{"href":"https:\/\/www.tourenwagenjuniorcup.de\/en\/wp-json\/wp\/v2\/posts\/1043","targetHints":{"allow":["GET"]}}],"collection":[{"href":"https:\/\/www.tourenwagenjuniorcup.de\/en\/wp-json\/wp\/v2\/posts"}],"about":[{"href":"https:\/\/www.tourenwagenjuniorcup.de\/en\/wp-json\/wp\/v2\/types\/post"}],"author":[{"embeddable":true,"href":"https:\/\/www.tourenwagenjuniorcup.de\/en\/wp-json\/wp\/v2\/users\/3"}],"replies":[{"embeddable":true,"href":"https:\/\/www.tourenwagenjuniorcup.de\/en\/wp-json\/wp\/v2\/comments?post=1043"}],"version-history":[{"count":2,"href":"https:\/\/www.tourenwagenjuniorcup.de\/en\/wp-json\/wp\/v2\/posts\/1043\/revisions"}],"predecessor-version":[{"id":1046,"href":"https:\/\/www.tourenwagenjuniorcup.de\/en\/wp-json\/wp\/v2\/posts\/1043\/revisions\/1046"}],"wp:featuredmedia":[{"embeddable":true,"href":"https:\/\/www.tourenwagenjuniorcup.de\/en\/wp-json\/wp\/v2\/media\/1044"}],"wp:attachment":[{"href":"https:\/\/www.tourenwagenjuniorcup.de\/en\/wp-json\/wp\/v2\/media?parent=1043"}],"wp:term":[{"taxonomy":"category","embeddable":true,"href":"https:\/\/www.tourenwagenjuniorcup.de\/en\/wp-json\/wp\/v2\/categories?post=1043"},{"taxonomy":"post_tag","embeddable":true,"href":"https:\/\/www.tourenwagenjuniorcup.de\/en\/wp-json\/wp\/v2\/tags?post=1043"}],"curies":[{"name":"wp","href":"https:\/\/api.w.org\/{rel}","templated":true}]}}