{"id":1047,"date":"2021-03-30T20:02:04","date_gmt":"2021-03-30T20:02:04","guid":{"rendered":"https:\/\/www.tourenwagenjuniorcup.de\/?p=1047"},"modified":"2021-03-30T20:55:21","modified_gmt":"2021-03-30T20:55:21","slug":"tag-der-offenen-tuer-beim-tourenwagen-junior-cup","status":"publish","type":"post","link":"https:\/\/www.tourenwagenjuniorcup.de\/en\/tag-der-offenen-tuer-beim-tourenwagen-junior-cup\/","title":{"rendered":"TAG DER OFFENEN T\u00dcR BEIM TOURENWAGEN JUNIOR CUP"},"content":{"rendered":"<div id=\"cs-content\" class=\"cs-content\"><\/div>\n","protected":false},"excerpt":{"rendered":"<p>Am Samstag, den 3. April 2021 \u00f6ffnet der VW up! GTI Cup aus dem Tourenwagen Junior Cup sprichw\u00f6rtlich seine T\u00fcren. In vorab gebuchten Slots haben Fahrer und Teams die M\u00f6glichkeit, sich auf dem ADAC Fahrsicherheitsgel\u00e4nde in Bremen ungest\u00f6rt einen Eindruck des Einsatzfahrzeuges zu machen. Durch den nur eingeschr\u00e4nkt m\u00f6glichen Betrieb auf den Rennstrecken waren die Fahrzeuge des Tourenwagen Junior Cup &#8230; <\/p>\n<div><a href=\"https:\/\/www.tourenwagenjuniorcup.de\/en\/tag-der-offenen-tuer-beim-tourenwagen-junior-cup\/\" class=\"more-link\">Read More<\/a><\/div>\n","protected":false},"author":3,"featured_media":1050,"comment_status":"closed","ping_status":"closed","sticky":false,"template":"","format":"standard","meta":{"footnotes":""},"categories":[3],"tags":[],"class_list":["post-1047","post","type-post","status-publish","format-standard","has-post-thumbnail","hentry","category-unkategorisiert"],"yoast_head":"<!-- This site is optimized with the Yoast SEO plugin v25.9 - https:\/\/yoast.com\/wordpress\/plugins\/seo\/ -->\n<title>TAG DER OFFENEN T\u00dcR BEIM TOURENWAGEN JUNIOR CUP | ADAC Tourenwagen Junior Cup<\/title>\n<meta name=\"robots\" content=\"index, follow, max-snippet:-1, max-image-preview:large, max-video-preview:-1\" \/>\n<link rel=\"canonical\" href=\"https:\/\/www.tourenwagenjuniorcup.de\/en\/tag-der-offenen-tuer-beim-tourenwagen-junior-cup\/\" \/>\n<meta property=\"og:locale\" content=\"en_US\" \/>\n<meta property=\"og:type\" content=\"article\" \/>\n<meta property=\"og:title\" content=\"TAG DER OFFENEN T\u00dcR BEIM TOURENWAGEN JUNIOR CUP | ADAC Tourenwagen Junior Cup\" \/>\n<meta property=\"og:description\" content=\"Am Samstag, den 3. April 2021 \u00f6ffnet der VW up! GTI Cup aus dem Tourenwagen Junior Cup sprichw\u00f6rtlich seine T\u00fcren. In vorab gebuchten Slots haben Fahrer und Teams die M\u00f6glichkeit, sich auf dem ADAC Fahrsicherheitsgel\u00e4nde in Bremen ungest\u00f6rt einen Eindruck des Einsatzfahrzeuges zu machen. Durch den nur eingeschr\u00e4nkt m\u00f6glichen Betrieb auf den Rennstrecken waren die Fahrzeuge des Tourenwagen Junior Cup ... Read More\" \/>\n<meta property=\"og:url\" content=\"https:\/\/www.tourenwagenjuniorcup.de\/en\/tag-der-offenen-tuer-beim-tourenwagen-junior-cup\/\" \/>\n<meta property=\"og:site_name\" content=\"ADAC Tourenwagen Junior Cup\" \/>\n<meta property=\"article:published_time\" content=\"2021-03-30T20:02:04+00:00\" \/>\n<meta property=\"article:modified_time\" content=\"2021-03-30T20:55:21+00:00\" \/>\n<meta property=\"og:image\" content=\"https:\/\/www.tourenwagenjuniorcup.de\/wp-content\/uploads\/Click_and_Meet_News.jpg\" \/>\n\t<meta property=\"og:image:width\" content=\"1920\" \/>\n\t<meta property=\"og:image:height\" content=\"1080\" \/>\n\t<meta property=\"og:image:type\" content=\"image\/jpeg\" \/>\n<meta name=\"author\" content=\"Matthias Meyer\" \/>\n<meta name=\"twitter:card\" content=\"summary_large_image\" \/>\n<meta name=\"twitter:label1\" content=\"Written by\" \/>\n\t<meta name=\"twitter:data1\" content=\"Matthias Meyer\" \/>\n<script type=\"application\/ld+json\" class=\"yoast-schema-graph\">{\"@context\":\"https:\/\/schema.org\",\"@graph\":[{\"@type\":\"WebPage\",\"@id\":\"https:\/\/www.tourenwagenjuniorcup.de\/en\/tag-der-offenen-tuer-beim-tourenwagen-junior-cup\/\",\"url\":\"https:\/\/www.tourenwagenjuniorcup.de\/en\/tag-der-offenen-tuer-beim-tourenwagen-junior-cup\/\",\"name\":\"TAG DER OFFENEN T\u00dcR BEIM TOURENWAGEN JUNIOR CUP | ADAC Tourenwagen Junior Cup\",\"isPartOf\":{\"@id\":\"https:\/\/www.tourenwagenjuniorcup.de\/en\/#website\"},\"primaryImageOfPage\":{\"@id\":\"https:\/\/www.tourenwagenjuniorcup.de\/en\/tag-der-offenen-tuer-beim-tourenwagen-junior-cup\/#primaryimage\"},\"image\":{\"@id\":\"https:\/\/www.tourenwagenjuniorcup.de\/en\/tag-der-offenen-tuer-beim-tourenwagen-junior-cup\/#primaryimage\"},\"thumbnailUrl\":\"https:\/\/www.tourenwagenjuniorcup.de\/wp-content\/uploads\/Click_and_Meet_News.jpg\",\"datePublished\":\"2021-03-30T20:02:04+00:00\",\"dateModified\":\"2021-03-30T20:55:21+00:00\",\"author\":{\"@id\":\"https:\/\/www.tourenwagenjuniorcup.de\/en\/#\/schema\/person\/555d6c5113b5491d1fd53b653f9acf4c\"},\"breadcrumb\":{\"@id\":\"https:\/\/www.tourenwagenjuniorcup.de\/en\/tag-der-offenen-tuer-beim-tourenwagen-junior-cup\/#breadcrumb\"},\"inLanguage\":\"en-US\",\"potentialAction\":[{\"@type\":\"ReadAction\",\"target\":[\"https:\/\/www.tourenwagenjuniorcup.de\/en\/tag-der-offenen-tuer-beim-tourenwagen-junior-cup\/\"]}]},{\"@type\":\"ImageObject\",\"inLanguage\":\"en-US\",\"@id\":\"https:\/\/www.tourenwagenjuniorcup.de\/en\/tag-der-offenen-tuer-beim-tourenwagen-junior-cup\/#primaryimage\",\"url\":\"https:\/\/www.tourenwagenjuniorcup.de\/wp-content\/uploads\/Click_and_Meet_News.jpg\",\"contentUrl\":\"https:\/\/www.tourenwagenjuniorcup.de\/wp-content\/uploads\/Click_and_Meet_News.jpg\",\"width\":1920,\"height\":1080},{\"@type\":\"BreadcrumbList\",\"@id\":\"https:\/\/www.tourenwagenjuniorcup.de\/en\/tag-der-offenen-tuer-beim-tourenwagen-junior-cup\/#breadcrumb\",\"itemListElement\":[{\"@type\":\"ListItem\",\"position\":1,\"name\":\"Startseite\",\"item\":\"https:\/\/www.tourenwagenjuniorcup.de\/en\/\"},{\"@type\":\"ListItem\",\"position\":2,\"name\":\"TAG DER OFFENEN T\u00dcR BEIM TOURENWAGEN JUNIOR CUP\"}]},{\"@type\":\"WebSite\",\"@id\":\"https:\/\/www.tourenwagenjuniorcup.de\/en\/#website\",\"url\":\"https:\/\/www.tourenwagenjuniorcup.de\/en\/\",\"name\":\"ADAC Tourenwagen Junior Cup\",\"description\":\"Der ADAC Tourenwagen Junior Cup ist die deutsche Nachwuchsliga und dein Sprungbrett in den Profi-Sport.\",\"potentialAction\":[{\"@type\":\"SearchAction\",\"target\":{\"@type\":\"EntryPoint\",\"urlTemplate\":\"https:\/\/www.tourenwagenjuniorcup.de\/en\/?s={search_term_string}\"},\"query-input\":{\"@type\":\"PropertyValueSpecification\",\"valueRequired\":true,\"valueName\":\"search_term_string\"}}],\"inLanguage\":\"en-US\"},{\"@type\":\"Person\",\"@id\":\"https:\/\/www.tourenwagenjuniorcup.de\/en\/#\/schema\/person\/555d6c5113b5491d1fd53b653f9acf4c\",\"name\":\"Matthias Meyer\",\"image\":{\"@type\":\"ImageObject\",\"inLanguage\":\"en-US\",\"@id\":\"https:\/\/www.tourenwagenjuniorcup.de\/en\/#\/schema\/person\/image\/\",\"url\":\"https:\/\/secure.gravatar.com\/avatar\/4f7f88e9834655263977d4fa2e611bbaca4504a33c25d4bd6d973af7e9255f71?s=96&d=mm&r=g\",\"contentUrl\":\"https:\/\/secure.gravatar.com\/avatar\/4f7f88e9834655263977d4fa2e611bbaca4504a33c25d4bd6d973af7e9255f71?s=96&d=mm&r=g\",\"caption\":\"Matthias Meyer\"},\"url\":\"https:\/\/www.tourenwagenjuniorcup.de\/en\/author\/matthias\/\"}]}<\/script>\n<!-- \/ Yoast SEO plugin. -->","yoast_head_json":{"title":"TAG DER OFFENEN T\u00dcR BEIM TOURENWAGEN JUNIOR CUP | ADAC Tourenwagen Junior Cup","robots":{"index":"index","follow":"follow","max-snippet":"max-snippet:-1","max-image-preview":"max-image-preview:large","max-video-preview":"max-video-preview:-1"},"canonical":"https:\/\/www.tourenwagenjuniorcup.de\/en\/tag-der-offenen-tuer-beim-tourenwagen-junior-cup\/","og_locale":"en_US","og_type":"article","og_title":"TAG DER OFFENEN T\u00dcR BEIM TOURENWAGEN JUNIOR CUP | ADAC Tourenwagen Junior Cup","og_description":"Am Samstag, den 3. April 2021 \u00f6ffnet der VW up! GTI Cup aus dem Tourenwagen Junior Cup sprichw\u00f6rtlich seine T\u00fcren. In vorab gebuchten Slots haben Fahrer und Teams die M\u00f6glichkeit, sich auf dem ADAC Fahrsicherheitsgel\u00e4nde in Bremen ungest\u00f6rt einen Eindruck des Einsatzfahrzeuges zu machen. Durch den nur eingeschr\u00e4nkt m\u00f6glichen Betrieb auf den Rennstrecken waren die Fahrzeuge des Tourenwagen Junior Cup ... Read More","og_url":"https:\/\/www.tourenwagenjuniorcup.de\/en\/tag-der-offenen-tuer-beim-tourenwagen-junior-cup\/","og_site_name":"ADAC Tourenwagen Junior Cup","article_published_time":"2021-03-30T20:02:04+00:00","article_modified_time":"2021-03-30T20:55:21+00:00","og_image":[{"width":1920,"height":1080,"url":"https:\/\/www.tourenwagenjuniorcup.de\/wp-content\/uploads\/Click_and_Meet_News.jpg","type":"image\/jpeg"}],"author":"Matthias Meyer","twitter_card":"summary_large_image","twitter_misc":{"Written by":"Matthias Meyer"},"schema":{"@context":"https:\/\/schema.org","@graph":[{"@type":"WebPage","@id":"https:\/\/www.tourenwagenjuniorcup.de\/en\/tag-der-offenen-tuer-beim-tourenwagen-junior-cup\/","url":"https:\/\/www.tourenwagenjuniorcup.de\/en\/tag-der-offenen-tuer-beim-tourenwagen-junior-cup\/","name":"TAG DER OFFENEN T\u00dcR BEIM TOURENWAGEN JUNIOR CUP | ADAC Tourenwagen Junior Cup","isPartOf":{"@id":"https:\/\/www.tourenwagenjuniorcup.de\/en\/#website"},"primaryImageOfPage":{"@id":"https:\/\/www.tourenwagenjuniorcup.de\/en\/tag-der-offenen-tuer-beim-tourenwagen-junior-cup\/#primaryimage"},"image":{"@id":"https:\/\/www.tourenwagenjuniorcup.de\/en\/tag-der-offenen-tuer-beim-tourenwagen-junior-cup\/#primaryimage"},"thumbnailUrl":"https:\/\/www.tourenwagenjuniorcup.de\/wp-content\/uploads\/Click_and_Meet_News.jpg","datePublished":"2021-03-30T20:02:04+00:00","dateModified":"2021-03-30T20:55:21+00:00","author":{"@id":"https:\/\/www.tourenwagenjuniorcup.de\/en\/#\/schema\/person\/555d6c5113b5491d1fd53b653f9acf4c"},"breadcrumb":{"@id":"https:\/\/www.tourenwagenjuniorcup.de\/en\/tag-der-offenen-tuer-beim-tourenwagen-junior-cup\/#breadcrumb"},"inLanguage":"en-US","potentialAction":[{"@type":"ReadAction","target":["https:\/\/www.tourenwagenjuniorcup.de\/en\/tag-der-offenen-tuer-beim-tourenwagen-junior-cup\/"]}]},{"@type":"ImageObject","inLanguage":"en-US","@id":"https:\/\/www.tourenwagenjuniorcup.de\/en\/tag-der-offenen-tuer-beim-tourenwagen-junior-cup\/#primaryimage","url":"https:\/\/www.tourenwagenjuniorcup.de\/wp-content\/uploads\/Click_and_Meet_News.jpg","contentUrl":"https:\/\/www.tourenwagenjuniorcup.de\/wp-content\/uploads\/Click_and_Meet_News.jpg","width":1920,"height":1080},{"@type":"BreadcrumbList","@id":"https:\/\/www.tourenwagenjuniorcup.de\/en\/tag-der-offenen-tuer-beim-tourenwagen-junior-cup\/#breadcrumb","itemListElement":[{"@type":"ListItem","position":1,"name":"Startseite","item":"https:\/\/www.tourenwagenjuniorcup.de\/en\/"},{"@type":"ListItem","position":2,"name":"TAG DER OFFENEN T\u00dcR BEIM TOURENWAGEN JUNIOR CUP"}]},{"@type":"WebSite","@id":"https:\/\/www.tourenwagenjuniorcup.de\/en\/#website","url":"https:\/\/www.tourenwagenjuniorcup.de\/en\/","name":"ADAC Tourenwagen Junior Cup","description":"Der ADAC Tourenwagen Junior Cup ist die deutsche Nachwuchsliga und dein Sprungbrett in den Profi-Sport.","potentialAction":[{"@type":"SearchAction","target":{"@type":"EntryPoint","urlTemplate":"https:\/\/www.tourenwagenjuniorcup.de\/en\/?s={search_term_string}"},"query-input":{"@type":"PropertyValueSpecification","valueRequired":true,"valueName":"search_term_string"}}],"inLanguage":"en-US"},{"@type":"Person","@id":"https:\/\/www.tourenwagenjuniorcup.de\/en\/#\/schema\/person\/555d6c5113b5491d1fd53b653f9acf4c","name":"Matthias Meyer","image":{"@type":"ImageObject","inLanguage":"en-US","@id":"https:\/\/www.tourenwagenjuniorcup.de\/en\/#\/schema\/person\/image\/","url":"https:\/\/secure.gravatar.com\/avatar\/4f7f88e9834655263977d4fa2e611bbaca4504a33c25d4bd6d973af7e9255f71?s=96&d=mm&r=g","contentUrl":"https:\/\/secure.gravatar.com\/avatar\/4f7f88e9834655263977d4fa2e611bbaca4504a33c25d4bd6d973af7e9255f71?s=96&d=mm&r=g","caption":"Matthias Meyer"},"url":"https:\/\/www.tourenwagenjuniorcup.de\/en\/author\/matthias\/"}]}},"_links":{"self":[{"href":"https:\/\/www.tourenwagenjuniorcup.de\/en\/wp-json\/wp\/v2\/posts\/1047","targetHints":{"allow":["GET"]}}],"collection":[{"href":"https:\/\/www.tourenwagenjuniorcup.de\/en\/wp-json\/wp\/v2\/posts"}],"about":[{"href":"https:\/\/www.tourenwagenjuniorcup.de\/en\/wp-json\/wp\/v2\/types\/post"}],"author":[{"embeddable":true,"href":"https:\/\/www.tourenwagenjuniorcup.de\/en\/wp-json\/wp\/v2\/users\/3"}],"replies":[{"embeddable":true,"href":"https:\/\/www.tourenwagenjuniorcup.de\/en\/wp-json\/wp\/v2\/comments?post=1047"}],"version-history":[{"count":2,"href":"https:\/\/www.tourenwagenjuniorcup.de\/en\/wp-json\/wp\/v2\/posts\/1047\/revisions"}],"predecessor-version":[{"id":1049,"href":"https:\/\/www.tourenwagenjuniorcup.de\/en\/wp-json\/wp\/v2\/posts\/1047\/revisions\/1049"}],"wp:featuredmedia":[{"embeddable":true,"href":"https:\/\/www.tourenwagenjuniorcup.de\/en\/wp-json\/wp\/v2\/media\/1050"}],"wp:attachment":[{"href":"https:\/\/www.tourenwagenjuniorcup.de\/en\/wp-json\/wp\/v2\/media?parent=1047"}],"wp:term":[{"taxonomy":"category","embeddable":true,"href":"https:\/\/www.tourenwagenjuniorcup.de\/en\/wp-json\/wp\/v2\/categories?post=1047"},{"taxonomy":"post_tag","embeddable":true,"href":"https:\/\/www.tourenwagenjuniorcup.de\/en\/wp-json\/wp\/v2\/tags?post=1047"}],"curies":[{"name":"wp","href":"https:\/\/api.w.org\/{rel}","templated":true}]}}