{"id":1445,"date":"2021-08-29T11:03:16","date_gmt":"2021-08-29T11:03:16","guid":{"rendered":"https:\/\/www.tourenwagenjuniorcup.de\/?p=1445"},"modified":"2021-08-29T11:53:03","modified_gmt":"2021-08-29T11:53:03","slug":"tim-roelleke-im-regen-qualifying-vorn","status":"publish","type":"post","link":"https:\/\/www.tourenwagenjuniorcup.de\/tim-roelleke-im-regen-qualifying-vorn\/","title":{"rendered":"TIM R\u00d6LLEKE IM REGEN-QUALIFYING VORN"},"content":{"rendered":"<div id=\"cs-content\" class=\"cs-content\"><\/div>\n","protected":false},"excerpt":{"rendered":"<p>Die erste Session auf nasser Strecke entschied am Sonntagvormittag der L\u00fcdinghauser Tim R\u00f6lleke f\u00fcr sich. Mit seiner schnellsten Runde sicherte er sich die Pole Position f\u00fcr das zweite Rennen und einen Zusatzpunkt f\u00fcr die Meisterschaft. \u2028\u2028 Tim R\u00f6lleke freute sich bereits als er in das Auto stieg: Bei Regen war er schon im Kart schnell und war gespannt, ob ihm &#8230; <\/p>\n<div><a href=\"https:\/\/www.tourenwagenjuniorcup.de\/tim-roelleke-im-regen-qualifying-vorn\/\" class=\"more-link\">Read More<\/a><\/div>\n","protected":false},"author":3,"featured_media":1446,"comment_status":"closed","ping_status":"closed","sticky":false,"template":"","format":"standard","meta":{"footnotes":""},"categories":[3],"tags":[],"class_list":["post-1445","post","type-post","status-publish","format-standard","has-post-thumbnail","hentry","category-unkategorisiert"],"yoast_head":"<!-- This site is optimized with the Yoast SEO plugin v25.9 - https:\/\/yoast.com\/wordpress\/plugins\/seo\/ -->\n<title>TIM R\u00d6LLEKE IM REGEN-QUALIFYING VORN | ADAC Tourenwagen Junior Cup<\/title>\n<meta name=\"robots\" content=\"index, follow, max-snippet:-1, max-image-preview:large, max-video-preview:-1\" \/>\n<link rel=\"canonical\" href=\"https:\/\/www.tourenwagenjuniorcup.de\/en\/tim-roelleke-im-regen-qualifying-vorn\/\" \/>\n<meta property=\"og:locale\" content=\"en_US\" \/>\n<meta property=\"og:type\" content=\"article\" \/>\n<meta property=\"og:title\" content=\"TIM R\u00d6LLEKE IM REGEN-QUALIFYING VORN | ADAC Tourenwagen Junior Cup\" \/>\n<meta property=\"og:description\" content=\"Die erste Session auf nasser Strecke entschied am Sonntagvormittag der L\u00fcdinghauser Tim R\u00f6lleke f\u00fcr sich. Mit seiner schnellsten Runde sicherte er sich die Pole Position f\u00fcr das zweite Rennen und einen Zusatzpunkt f\u00fcr die Meisterschaft. \u2028\u2028 Tim R\u00f6lleke freute sich bereits als er in das Auto stieg: Bei Regen war er schon im Kart schnell und war gespannt, ob ihm ... Read More\" \/>\n<meta property=\"og:url\" content=\"https:\/\/www.tourenwagenjuniorcup.de\/tim-roelleke-im-regen-qualifying-vorn\/\" \/>\n<meta property=\"og:site_name\" content=\"ADAC Tourenwagen Junior Cup\" \/>\n<meta property=\"article:published_time\" content=\"2021-08-29T11:03:16+00:00\" \/>\n<meta property=\"article:modified_time\" content=\"2021-08-29T11:53:03+00:00\" \/>\n<meta property=\"og:image\" content=\"https:\/\/www.tourenwagenjuniorcup.de\/wp-content\/uploads\/Assen_Roelleke_Qualifying_2-scaled.jpg\" \/>\n\t<meta property=\"og:image:width\" content=\"1920\" \/>\n\t<meta property=\"og:image:height\" content=\"1280\" \/>\n\t<meta property=\"og:image:type\" content=\"image\/jpeg\" \/>\n<meta name=\"author\" content=\"Matthias Meyer\" \/>\n<meta name=\"twitter:card\" content=\"summary_large_image\" \/>\n<meta name=\"twitter:label1\" content=\"Written by\" \/>\n\t<meta name=\"twitter:data1\" content=\"Matthias Meyer\" \/>\n<script type=\"application\/ld+json\" class=\"yoast-schema-graph\">{\"@context\":\"https:\/\/schema.org\",\"@graph\":[{\"@type\":\"WebPage\",\"@id\":\"https:\/\/www.tourenwagenjuniorcup.de\/tim-roelleke-im-regen-qualifying-vorn\/\",\"url\":\"https:\/\/www.tourenwagenjuniorcup.de\/tim-roelleke-im-regen-qualifying-vorn\/\",\"name\":\"TIM R\u00d6LLEKE IM REGEN-QUALIFYING VORN | ADAC Tourenwagen Junior Cup\",\"isPartOf\":{\"@id\":\"https:\/\/www.tourenwagenjuniorcup.de\/en\/#website\"},\"primaryImageOfPage\":{\"@id\":\"https:\/\/www.tourenwagenjuniorcup.de\/tim-roelleke-im-regen-qualifying-vorn\/#primaryimage\"},\"image\":{\"@id\":\"https:\/\/www.tourenwagenjuniorcup.de\/tim-roelleke-im-regen-qualifying-vorn\/#primaryimage\"},\"thumbnailUrl\":\"https:\/\/www.tourenwagenjuniorcup.de\/wp-content\/uploads\/Assen_Roelleke_Qualifying_2-scaled.jpg\",\"datePublished\":\"2021-08-29T11:03:16+00:00\",\"dateModified\":\"2021-08-29T11:53:03+00:00\",\"author\":{\"@id\":\"https:\/\/www.tourenwagenjuniorcup.de\/en\/#\/schema\/person\/555d6c5113b5491d1fd53b653f9acf4c\"},\"breadcrumb\":{\"@id\":\"https:\/\/www.tourenwagenjuniorcup.de\/tim-roelleke-im-regen-qualifying-vorn\/#breadcrumb\"},\"inLanguage\":\"en-US\",\"potentialAction\":[{\"@type\":\"ReadAction\",\"target\":[\"https:\/\/www.tourenwagenjuniorcup.de\/tim-roelleke-im-regen-qualifying-vorn\/\"]}]},{\"@type\":\"ImageObject\",\"inLanguage\":\"en-US\",\"@id\":\"https:\/\/www.tourenwagenjuniorcup.de\/tim-roelleke-im-regen-qualifying-vorn\/#primaryimage\",\"url\":\"https:\/\/www.tourenwagenjuniorcup.de\/wp-content\/uploads\/Assen_Roelleke_Qualifying_2-scaled.jpg\",\"contentUrl\":\"https:\/\/www.tourenwagenjuniorcup.de\/wp-content\/uploads\/Assen_Roelleke_Qualifying_2-scaled.jpg\",\"width\":1920,\"height\":1280},{\"@type\":\"BreadcrumbList\",\"@id\":\"https:\/\/www.tourenwagenjuniorcup.de\/tim-roelleke-im-regen-qualifying-vorn\/#breadcrumb\",\"itemListElement\":[{\"@type\":\"ListItem\",\"position\":1,\"name\":\"Startseite\",\"item\":\"https:\/\/www.tourenwagenjuniorcup.de\/en\/\"},{\"@type\":\"ListItem\",\"position\":2,\"name\":\"TIM R\u00d6LLEKE IM REGEN-QUALIFYING VORN\"}]},{\"@type\":\"WebSite\",\"@id\":\"https:\/\/www.tourenwagenjuniorcup.de\/en\/#website\",\"url\":\"https:\/\/www.tourenwagenjuniorcup.de\/en\/\",\"name\":\"ADAC Tourenwagen Junior Cup\",\"description\":\"Der ADAC Tourenwagen Junior Cup ist die deutsche Nachwuchsliga und dein Sprungbrett in den Profi-Sport.\",\"potentialAction\":[{\"@type\":\"SearchAction\",\"target\":{\"@type\":\"EntryPoint\",\"urlTemplate\":\"https:\/\/www.tourenwagenjuniorcup.de\/en\/?s={search_term_string}\"},\"query-input\":{\"@type\":\"PropertyValueSpecification\",\"valueRequired\":true,\"valueName\":\"search_term_string\"}}],\"inLanguage\":\"en-US\"},{\"@type\":\"Person\",\"@id\":\"https:\/\/www.tourenwagenjuniorcup.de\/en\/#\/schema\/person\/555d6c5113b5491d1fd53b653f9acf4c\",\"name\":\"Matthias Meyer\",\"image\":{\"@type\":\"ImageObject\",\"inLanguage\":\"en-US\",\"@id\":\"https:\/\/www.tourenwagenjuniorcup.de\/en\/#\/schema\/person\/image\/\",\"url\":\"https:\/\/secure.gravatar.com\/avatar\/4f7f88e9834655263977d4fa2e611bbaca4504a33c25d4bd6d973af7e9255f71?s=96&d=mm&r=g\",\"contentUrl\":\"https:\/\/secure.gravatar.com\/avatar\/4f7f88e9834655263977d4fa2e611bbaca4504a33c25d4bd6d973af7e9255f71?s=96&d=mm&r=g\",\"caption\":\"Matthias Meyer\"},\"url\":\"https:\/\/www.tourenwagenjuniorcup.de\/en\/author\/matthias\/\"}]}<\/script>\n<!-- \/ Yoast SEO plugin. -->","yoast_head_json":{"title":"TIM R\u00d6LLEKE IM REGEN-QUALIFYING VORN | ADAC Tourenwagen Junior Cup","robots":{"index":"index","follow":"follow","max-snippet":"max-snippet:-1","max-image-preview":"max-image-preview:large","max-video-preview":"max-video-preview:-1"},"canonical":"https:\/\/www.tourenwagenjuniorcup.de\/en\/tim-roelleke-im-regen-qualifying-vorn\/","og_locale":"en_US","og_type":"article","og_title":"TIM R\u00d6LLEKE IM REGEN-QUALIFYING VORN | ADAC Tourenwagen Junior Cup","og_description":"Die erste Session auf nasser Strecke entschied am Sonntagvormittag der L\u00fcdinghauser Tim R\u00f6lleke f\u00fcr sich. Mit seiner schnellsten Runde sicherte er sich die Pole Position f\u00fcr das zweite Rennen und einen Zusatzpunkt f\u00fcr die Meisterschaft. \u2028\u2028 Tim R\u00f6lleke freute sich bereits als er in das Auto stieg: Bei Regen war er schon im Kart schnell und war gespannt, ob ihm ... Read More","og_url":"https:\/\/www.tourenwagenjuniorcup.de\/tim-roelleke-im-regen-qualifying-vorn\/","og_site_name":"ADAC Tourenwagen Junior Cup","article_published_time":"2021-08-29T11:03:16+00:00","article_modified_time":"2021-08-29T11:53:03+00:00","og_image":[{"width":1920,"height":1280,"url":"https:\/\/www.tourenwagenjuniorcup.de\/wp-content\/uploads\/Assen_Roelleke_Qualifying_2-scaled.jpg","type":"image\/jpeg"}],"author":"Matthias Meyer","twitter_card":"summary_large_image","twitter_misc":{"Written by":"Matthias Meyer"},"schema":{"@context":"https:\/\/schema.org","@graph":[{"@type":"WebPage","@id":"https:\/\/www.tourenwagenjuniorcup.de\/tim-roelleke-im-regen-qualifying-vorn\/","url":"https:\/\/www.tourenwagenjuniorcup.de\/tim-roelleke-im-regen-qualifying-vorn\/","name":"TIM R\u00d6LLEKE IM REGEN-QUALIFYING VORN | ADAC Tourenwagen Junior Cup","isPartOf":{"@id":"https:\/\/www.tourenwagenjuniorcup.de\/en\/#website"},"primaryImageOfPage":{"@id":"https:\/\/www.tourenwagenjuniorcup.de\/tim-roelleke-im-regen-qualifying-vorn\/#primaryimage"},"image":{"@id":"https:\/\/www.tourenwagenjuniorcup.de\/tim-roelleke-im-regen-qualifying-vorn\/#primaryimage"},"thumbnailUrl":"https:\/\/www.tourenwagenjuniorcup.de\/wp-content\/uploads\/Assen_Roelleke_Qualifying_2-scaled.jpg","datePublished":"2021-08-29T11:03:16+00:00","dateModified":"2021-08-29T11:53:03+00:00","author":{"@id":"https:\/\/www.tourenwagenjuniorcup.de\/en\/#\/schema\/person\/555d6c5113b5491d1fd53b653f9acf4c"},"breadcrumb":{"@id":"https:\/\/www.tourenwagenjuniorcup.de\/tim-roelleke-im-regen-qualifying-vorn\/#breadcrumb"},"inLanguage":"en-US","potentialAction":[{"@type":"ReadAction","target":["https:\/\/www.tourenwagenjuniorcup.de\/tim-roelleke-im-regen-qualifying-vorn\/"]}]},{"@type":"ImageObject","inLanguage":"en-US","@id":"https:\/\/www.tourenwagenjuniorcup.de\/tim-roelleke-im-regen-qualifying-vorn\/#primaryimage","url":"https:\/\/www.tourenwagenjuniorcup.de\/wp-content\/uploads\/Assen_Roelleke_Qualifying_2-scaled.jpg","contentUrl":"https:\/\/www.tourenwagenjuniorcup.de\/wp-content\/uploads\/Assen_Roelleke_Qualifying_2-scaled.jpg","width":1920,"height":1280},{"@type":"BreadcrumbList","@id":"https:\/\/www.tourenwagenjuniorcup.de\/tim-roelleke-im-regen-qualifying-vorn\/#breadcrumb","itemListElement":[{"@type":"ListItem","position":1,"name":"Startseite","item":"https:\/\/www.tourenwagenjuniorcup.de\/en\/"},{"@type":"ListItem","position":2,"name":"TIM R\u00d6LLEKE IM REGEN-QUALIFYING VORN"}]},{"@type":"WebSite","@id":"https:\/\/www.tourenwagenjuniorcup.de\/en\/#website","url":"https:\/\/www.tourenwagenjuniorcup.de\/en\/","name":"ADAC Tourenwagen Junior Cup","description":"Der ADAC Tourenwagen Junior Cup ist die deutsche Nachwuchsliga und dein Sprungbrett in den Profi-Sport.","potentialAction":[{"@type":"SearchAction","target":{"@type":"EntryPoint","urlTemplate":"https:\/\/www.tourenwagenjuniorcup.de\/en\/?s={search_term_string}"},"query-input":{"@type":"PropertyValueSpecification","valueRequired":true,"valueName":"search_term_string"}}],"inLanguage":"en-US"},{"@type":"Person","@id":"https:\/\/www.tourenwagenjuniorcup.de\/en\/#\/schema\/person\/555d6c5113b5491d1fd53b653f9acf4c","name":"Matthias Meyer","image":{"@type":"ImageObject","inLanguage":"en-US","@id":"https:\/\/www.tourenwagenjuniorcup.de\/en\/#\/schema\/person\/image\/","url":"https:\/\/secure.gravatar.com\/avatar\/4f7f88e9834655263977d4fa2e611bbaca4504a33c25d4bd6d973af7e9255f71?s=96&d=mm&r=g","contentUrl":"https:\/\/secure.gravatar.com\/avatar\/4f7f88e9834655263977d4fa2e611bbaca4504a33c25d4bd6d973af7e9255f71?s=96&d=mm&r=g","caption":"Matthias Meyer"},"url":"https:\/\/www.tourenwagenjuniorcup.de\/en\/author\/matthias\/"}]}},"_links":{"self":[{"href":"https:\/\/www.tourenwagenjuniorcup.de\/en\/wp-json\/wp\/v2\/posts\/1445","targetHints":{"allow":["GET"]}}],"collection":[{"href":"https:\/\/www.tourenwagenjuniorcup.de\/en\/wp-json\/wp\/v2\/posts"}],"about":[{"href":"https:\/\/www.tourenwagenjuniorcup.de\/en\/wp-json\/wp\/v2\/types\/post"}],"author":[{"embeddable":true,"href":"https:\/\/www.tourenwagenjuniorcup.de\/en\/wp-json\/wp\/v2\/users\/3"}],"replies":[{"embeddable":true,"href":"https:\/\/www.tourenwagenjuniorcup.de\/en\/wp-json\/wp\/v2\/comments?post=1445"}],"version-history":[{"count":3,"href":"https:\/\/www.tourenwagenjuniorcup.de\/en\/wp-json\/wp\/v2\/posts\/1445\/revisions"}],"predecessor-version":[{"id":1450,"href":"https:\/\/www.tourenwagenjuniorcup.de\/en\/wp-json\/wp\/v2\/posts\/1445\/revisions\/1450"}],"wp:featuredmedia":[{"embeddable":true,"href":"https:\/\/www.tourenwagenjuniorcup.de\/en\/wp-json\/wp\/v2\/media\/1446"}],"wp:attachment":[{"href":"https:\/\/www.tourenwagenjuniorcup.de\/en\/wp-json\/wp\/v2\/media?parent=1445"}],"wp:term":[{"taxonomy":"category","embeddable":true,"href":"https:\/\/www.tourenwagenjuniorcup.de\/en\/wp-json\/wp\/v2\/categories?post=1445"},{"taxonomy":"post_tag","embeddable":true,"href":"https:\/\/www.tourenwagenjuniorcup.de\/en\/wp-json\/wp\/v2\/tags?post=1445"}],"curies":[{"name":"wp","href":"https:\/\/api.w.org\/{rel}","templated":true}]}}