{"id":1556,"date":"2021-09-12T19:14:28","date_gmt":"2021-09-12T19:14:28","guid":{"rendered":"https:\/\/www.tourenwagenjuniorcup.de\/?p=1556"},"modified":"2021-09-12T19:14:31","modified_gmt":"2021-09-12T19:14:31","slug":"mit-up-duo-zum-comeback-georg-motorsport-startet-mit-nadja-olbrisch-und-giancarlo-gino-luehrs","status":"publish","type":"post","link":"https:\/\/www.tourenwagenjuniorcup.de\/mit-up-duo-zum-comeback-georg-motorsport-startet-mit-nadja-olbrisch-und-giancarlo-gino-luehrs\/","title":{"rendered":"MIT UP!-DUO ZUM COMEBACK: GEORG MOTORSPORT STARTET MIT NADJA OLBRISCH UND GIANCARLO-GINO L\u00dcHRS"},"content":{"rendered":"<div id=\"cs-content\" class=\"cs-content\"><\/div>\n","protected":false},"excerpt":{"rendered":"<p>Georg Motorsport war mit zwei Podiumspl\u00e4tzen beim Saisonauftakt des Tourenwagen Junior Cup in Oschersleben vielversprechend in die Saison gestartet. Nach der Absage des Rennwochenendes am N\u00fcrburgring musste das Team aus M\u00fchlhausen beim zweiten Lauf in Assen (NL) pausieren. F\u00fcr das Comeback am Hockenheimring bringt das Team mit Nadja Olbrisch und Giancarlo-Gino L\u00fchrs gleich zwei Youngster an den Start. Das Herz &#8230; <\/p>\n<div><a href=\"https:\/\/www.tourenwagenjuniorcup.de\/mit-up-duo-zum-comeback-georg-motorsport-startet-mit-nadja-olbrisch-und-giancarlo-gino-luehrs\/\" class=\"more-link\">Read More<\/a><\/div>\n","protected":false},"author":3,"featured_media":1557,"comment_status":"closed","ping_status":"closed","sticky":false,"template":"","format":"standard","meta":{"footnotes":""},"categories":[3],"tags":[],"class_list":["post-1556","post","type-post","status-publish","format-standard","has-post-thumbnail","hentry","category-unkategorisiert"],"yoast_head":"<!-- This site is optimized with the Yoast SEO plugin v25.9 - https:\/\/yoast.com\/wordpress\/plugins\/seo\/ -->\n<title>MIT UP!-DUO ZUM COMEBACK: GEORG MOTORSPORT STARTET MIT NADJA OLBRISCH UND GIANCARLO-GINO L\u00dcHRS | ADAC Tourenwagen Junior Cup<\/title>\n<meta name=\"robots\" content=\"index, follow, max-snippet:-1, max-image-preview:large, max-video-preview:-1\" \/>\n<link rel=\"canonical\" href=\"https:\/\/www.tourenwagenjuniorcup.de\/en\/mit-up-duo-zum-comeback-georg-motorsport-startet-mit-nadja-olbrisch-und-giancarlo-gino-luehrs\/\" \/>\n<meta property=\"og:locale\" content=\"en_US\" \/>\n<meta property=\"og:type\" content=\"article\" \/>\n<meta property=\"og:title\" content=\"MIT UP!-DUO ZUM COMEBACK: GEORG MOTORSPORT STARTET MIT NADJA OLBRISCH UND GIANCARLO-GINO L\u00dcHRS | ADAC Tourenwagen Junior Cup\" \/>\n<meta property=\"og:description\" content=\"Georg Motorsport war mit zwei Podiumspl\u00e4tzen beim Saisonauftakt des Tourenwagen Junior Cup in Oschersleben vielversprechend in die Saison gestartet. Nach der Absage des Rennwochenendes am N\u00fcrburgring musste das Team aus M\u00fchlhausen beim zweiten Lauf in Assen (NL) pausieren. F\u00fcr das Comeback am Hockenheimring bringt das Team mit Nadja Olbrisch und Giancarlo-Gino L\u00fchrs gleich zwei Youngster an den Start. Das Herz ... Read More\" \/>\n<meta property=\"og:url\" content=\"https:\/\/www.tourenwagenjuniorcup.de\/mit-up-duo-zum-comeback-georg-motorsport-startet-mit-nadja-olbrisch-und-giancarlo-gino-luehrs\/\" \/>\n<meta property=\"og:site_name\" content=\"ADAC Tourenwagen Junior Cup\" \/>\n<meta property=\"article:published_time\" content=\"2021-09-12T19:14:28+00:00\" \/>\n<meta property=\"article:modified_time\" content=\"2021-09-12T19:14:31+00:00\" \/>\n<meta property=\"og:image\" content=\"https:\/\/www.tourenwagenjuniorcup.de\/wp-content\/uploads\/Giancarlo_Luehrs_News.jpg\" \/>\n\t<meta property=\"og:image:width\" content=\"1920\" \/>\n\t<meta property=\"og:image:height\" content=\"1280\" \/>\n\t<meta property=\"og:image:type\" content=\"image\/jpeg\" \/>\n<meta name=\"author\" content=\"Matthias Meyer\" \/>\n<meta name=\"twitter:card\" content=\"summary_large_image\" \/>\n<meta name=\"twitter:label1\" content=\"Written by\" \/>\n\t<meta name=\"twitter:data1\" content=\"Matthias Meyer\" \/>\n<script type=\"application\/ld+json\" class=\"yoast-schema-graph\">{\"@context\":\"https:\/\/schema.org\",\"@graph\":[{\"@type\":\"WebPage\",\"@id\":\"https:\/\/www.tourenwagenjuniorcup.de\/mit-up-duo-zum-comeback-georg-motorsport-startet-mit-nadja-olbrisch-und-giancarlo-gino-luehrs\/\",\"url\":\"https:\/\/www.tourenwagenjuniorcup.de\/mit-up-duo-zum-comeback-georg-motorsport-startet-mit-nadja-olbrisch-und-giancarlo-gino-luehrs\/\",\"name\":\"MIT UP!-DUO ZUM COMEBACK: GEORG MOTORSPORT STARTET MIT NADJA OLBRISCH UND GIANCARLO-GINO L\u00dcHRS | ADAC Tourenwagen Junior Cup\",\"isPartOf\":{\"@id\":\"https:\/\/www.tourenwagenjuniorcup.de\/en\/#website\"},\"primaryImageOfPage\":{\"@id\":\"https:\/\/www.tourenwagenjuniorcup.de\/mit-up-duo-zum-comeback-georg-motorsport-startet-mit-nadja-olbrisch-und-giancarlo-gino-luehrs\/#primaryimage\"},\"image\":{\"@id\":\"https:\/\/www.tourenwagenjuniorcup.de\/mit-up-duo-zum-comeback-georg-motorsport-startet-mit-nadja-olbrisch-und-giancarlo-gino-luehrs\/#primaryimage\"},\"thumbnailUrl\":\"https:\/\/www.tourenwagenjuniorcup.de\/wp-content\/uploads\/Giancarlo_Luehrs_News.jpg\",\"datePublished\":\"2021-09-12T19:14:28+00:00\",\"dateModified\":\"2021-09-12T19:14:31+00:00\",\"author\":{\"@id\":\"https:\/\/www.tourenwagenjuniorcup.de\/en\/#\/schema\/person\/555d6c5113b5491d1fd53b653f9acf4c\"},\"breadcrumb\":{\"@id\":\"https:\/\/www.tourenwagenjuniorcup.de\/mit-up-duo-zum-comeback-georg-motorsport-startet-mit-nadja-olbrisch-und-giancarlo-gino-luehrs\/#breadcrumb\"},\"inLanguage\":\"en-US\",\"potentialAction\":[{\"@type\":\"ReadAction\",\"target\":[\"https:\/\/www.tourenwagenjuniorcup.de\/mit-up-duo-zum-comeback-georg-motorsport-startet-mit-nadja-olbrisch-und-giancarlo-gino-luehrs\/\"]}]},{\"@type\":\"ImageObject\",\"inLanguage\":\"en-US\",\"@id\":\"https:\/\/www.tourenwagenjuniorcup.de\/mit-up-duo-zum-comeback-georg-motorsport-startet-mit-nadja-olbrisch-und-giancarlo-gino-luehrs\/#primaryimage\",\"url\":\"https:\/\/www.tourenwagenjuniorcup.de\/wp-content\/uploads\/Giancarlo_Luehrs_News.jpg\",\"contentUrl\":\"https:\/\/www.tourenwagenjuniorcup.de\/wp-content\/uploads\/Giancarlo_Luehrs_News.jpg\",\"width\":1920,\"height\":1280},{\"@type\":\"BreadcrumbList\",\"@id\":\"https:\/\/www.tourenwagenjuniorcup.de\/mit-up-duo-zum-comeback-georg-motorsport-startet-mit-nadja-olbrisch-und-giancarlo-gino-luehrs\/#breadcrumb\",\"itemListElement\":[{\"@type\":\"ListItem\",\"position\":1,\"name\":\"Startseite\",\"item\":\"https:\/\/www.tourenwagenjuniorcup.de\/en\/\"},{\"@type\":\"ListItem\",\"position\":2,\"name\":\"MIT UP!-DUO ZUM COMEBACK: GEORG MOTORSPORT STARTET MIT NADJA OLBRISCH UND GIANCARLO-GINO L\u00dcHRS\"}]},{\"@type\":\"WebSite\",\"@id\":\"https:\/\/www.tourenwagenjuniorcup.de\/en\/#website\",\"url\":\"https:\/\/www.tourenwagenjuniorcup.de\/en\/\",\"name\":\"ADAC Tourenwagen Junior Cup\",\"description\":\"Der ADAC Tourenwagen Junior Cup ist die deutsche Nachwuchsliga und dein Sprungbrett in den Profi-Sport.\",\"potentialAction\":[{\"@type\":\"SearchAction\",\"target\":{\"@type\":\"EntryPoint\",\"urlTemplate\":\"https:\/\/www.tourenwagenjuniorcup.de\/en\/?s={search_term_string}\"},\"query-input\":{\"@type\":\"PropertyValueSpecification\",\"valueRequired\":true,\"valueName\":\"search_term_string\"}}],\"inLanguage\":\"en-US\"},{\"@type\":\"Person\",\"@id\":\"https:\/\/www.tourenwagenjuniorcup.de\/en\/#\/schema\/person\/555d6c5113b5491d1fd53b653f9acf4c\",\"name\":\"Matthias Meyer\",\"image\":{\"@type\":\"ImageObject\",\"inLanguage\":\"en-US\",\"@id\":\"https:\/\/www.tourenwagenjuniorcup.de\/en\/#\/schema\/person\/image\/\",\"url\":\"https:\/\/secure.gravatar.com\/avatar\/4f7f88e9834655263977d4fa2e611bbaca4504a33c25d4bd6d973af7e9255f71?s=96&d=mm&r=g\",\"contentUrl\":\"https:\/\/secure.gravatar.com\/avatar\/4f7f88e9834655263977d4fa2e611bbaca4504a33c25d4bd6d973af7e9255f71?s=96&d=mm&r=g\",\"caption\":\"Matthias Meyer\"},\"url\":\"https:\/\/www.tourenwagenjuniorcup.de\/en\/author\/matthias\/\"}]}<\/script>\n<!-- \/ Yoast SEO plugin. -->","yoast_head_json":{"title":"MIT UP!-DUO ZUM COMEBACK: GEORG MOTORSPORT STARTET MIT NADJA OLBRISCH UND GIANCARLO-GINO L\u00dcHRS | ADAC Tourenwagen Junior Cup","robots":{"index":"index","follow":"follow","max-snippet":"max-snippet:-1","max-image-preview":"max-image-preview:large","max-video-preview":"max-video-preview:-1"},"canonical":"https:\/\/www.tourenwagenjuniorcup.de\/en\/mit-up-duo-zum-comeback-georg-motorsport-startet-mit-nadja-olbrisch-und-giancarlo-gino-luehrs\/","og_locale":"en_US","og_type":"article","og_title":"MIT UP!-DUO ZUM COMEBACK: GEORG MOTORSPORT STARTET MIT NADJA OLBRISCH UND GIANCARLO-GINO L\u00dcHRS | ADAC Tourenwagen Junior Cup","og_description":"Georg Motorsport war mit zwei Podiumspl\u00e4tzen beim Saisonauftakt des Tourenwagen Junior Cup in Oschersleben vielversprechend in die Saison gestartet. Nach der Absage des Rennwochenendes am N\u00fcrburgring musste das Team aus M\u00fchlhausen beim zweiten Lauf in Assen (NL) pausieren. F\u00fcr das Comeback am Hockenheimring bringt das Team mit Nadja Olbrisch und Giancarlo-Gino L\u00fchrs gleich zwei Youngster an den Start. Das Herz ... Read More","og_url":"https:\/\/www.tourenwagenjuniorcup.de\/mit-up-duo-zum-comeback-georg-motorsport-startet-mit-nadja-olbrisch-und-giancarlo-gino-luehrs\/","og_site_name":"ADAC Tourenwagen Junior Cup","article_published_time":"2021-09-12T19:14:28+00:00","article_modified_time":"2021-09-12T19:14:31+00:00","og_image":[{"width":1920,"height":1280,"url":"https:\/\/www.tourenwagenjuniorcup.de\/wp-content\/uploads\/Giancarlo_Luehrs_News.jpg","type":"image\/jpeg"}],"author":"Matthias Meyer","twitter_card":"summary_large_image","twitter_misc":{"Written by":"Matthias Meyer"},"schema":{"@context":"https:\/\/schema.org","@graph":[{"@type":"WebPage","@id":"https:\/\/www.tourenwagenjuniorcup.de\/mit-up-duo-zum-comeback-georg-motorsport-startet-mit-nadja-olbrisch-und-giancarlo-gino-luehrs\/","url":"https:\/\/www.tourenwagenjuniorcup.de\/mit-up-duo-zum-comeback-georg-motorsport-startet-mit-nadja-olbrisch-und-giancarlo-gino-luehrs\/","name":"MIT UP!-DUO ZUM COMEBACK: GEORG MOTORSPORT STARTET MIT NADJA OLBRISCH UND GIANCARLO-GINO L\u00dcHRS | ADAC Tourenwagen Junior Cup","isPartOf":{"@id":"https:\/\/www.tourenwagenjuniorcup.de\/en\/#website"},"primaryImageOfPage":{"@id":"https:\/\/www.tourenwagenjuniorcup.de\/mit-up-duo-zum-comeback-georg-motorsport-startet-mit-nadja-olbrisch-und-giancarlo-gino-luehrs\/#primaryimage"},"image":{"@id":"https:\/\/www.tourenwagenjuniorcup.de\/mit-up-duo-zum-comeback-georg-motorsport-startet-mit-nadja-olbrisch-und-giancarlo-gino-luehrs\/#primaryimage"},"thumbnailUrl":"https:\/\/www.tourenwagenjuniorcup.de\/wp-content\/uploads\/Giancarlo_Luehrs_News.jpg","datePublished":"2021-09-12T19:14:28+00:00","dateModified":"2021-09-12T19:14:31+00:00","author":{"@id":"https:\/\/www.tourenwagenjuniorcup.de\/en\/#\/schema\/person\/555d6c5113b5491d1fd53b653f9acf4c"},"breadcrumb":{"@id":"https:\/\/www.tourenwagenjuniorcup.de\/mit-up-duo-zum-comeback-georg-motorsport-startet-mit-nadja-olbrisch-und-giancarlo-gino-luehrs\/#breadcrumb"},"inLanguage":"en-US","potentialAction":[{"@type":"ReadAction","target":["https:\/\/www.tourenwagenjuniorcup.de\/mit-up-duo-zum-comeback-georg-motorsport-startet-mit-nadja-olbrisch-und-giancarlo-gino-luehrs\/"]}]},{"@type":"ImageObject","inLanguage":"en-US","@id":"https:\/\/www.tourenwagenjuniorcup.de\/mit-up-duo-zum-comeback-georg-motorsport-startet-mit-nadja-olbrisch-und-giancarlo-gino-luehrs\/#primaryimage","url":"https:\/\/www.tourenwagenjuniorcup.de\/wp-content\/uploads\/Giancarlo_Luehrs_News.jpg","contentUrl":"https:\/\/www.tourenwagenjuniorcup.de\/wp-content\/uploads\/Giancarlo_Luehrs_News.jpg","width":1920,"height":1280},{"@type":"BreadcrumbList","@id":"https:\/\/www.tourenwagenjuniorcup.de\/mit-up-duo-zum-comeback-georg-motorsport-startet-mit-nadja-olbrisch-und-giancarlo-gino-luehrs\/#breadcrumb","itemListElement":[{"@type":"ListItem","position":1,"name":"Startseite","item":"https:\/\/www.tourenwagenjuniorcup.de\/en\/"},{"@type":"ListItem","position":2,"name":"MIT UP!-DUO ZUM COMEBACK: GEORG MOTORSPORT STARTET MIT NADJA OLBRISCH UND GIANCARLO-GINO L\u00dcHRS"}]},{"@type":"WebSite","@id":"https:\/\/www.tourenwagenjuniorcup.de\/en\/#website","url":"https:\/\/www.tourenwagenjuniorcup.de\/en\/","name":"ADAC Tourenwagen Junior Cup","description":"Der ADAC Tourenwagen Junior Cup ist die deutsche Nachwuchsliga und dein Sprungbrett in den Profi-Sport.","potentialAction":[{"@type":"SearchAction","target":{"@type":"EntryPoint","urlTemplate":"https:\/\/www.tourenwagenjuniorcup.de\/en\/?s={search_term_string}"},"query-input":{"@type":"PropertyValueSpecification","valueRequired":true,"valueName":"search_term_string"}}],"inLanguage":"en-US"},{"@type":"Person","@id":"https:\/\/www.tourenwagenjuniorcup.de\/en\/#\/schema\/person\/555d6c5113b5491d1fd53b653f9acf4c","name":"Matthias Meyer","image":{"@type":"ImageObject","inLanguage":"en-US","@id":"https:\/\/www.tourenwagenjuniorcup.de\/en\/#\/schema\/person\/image\/","url":"https:\/\/secure.gravatar.com\/avatar\/4f7f88e9834655263977d4fa2e611bbaca4504a33c25d4bd6d973af7e9255f71?s=96&d=mm&r=g","contentUrl":"https:\/\/secure.gravatar.com\/avatar\/4f7f88e9834655263977d4fa2e611bbaca4504a33c25d4bd6d973af7e9255f71?s=96&d=mm&r=g","caption":"Matthias Meyer"},"url":"https:\/\/www.tourenwagenjuniorcup.de\/en\/author\/matthias\/"}]}},"_links":{"self":[{"href":"https:\/\/www.tourenwagenjuniorcup.de\/en\/wp-json\/wp\/v2\/posts\/1556","targetHints":{"allow":["GET"]}}],"collection":[{"href":"https:\/\/www.tourenwagenjuniorcup.de\/en\/wp-json\/wp\/v2\/posts"}],"about":[{"href":"https:\/\/www.tourenwagenjuniorcup.de\/en\/wp-json\/wp\/v2\/types\/post"}],"author":[{"embeddable":true,"href":"https:\/\/www.tourenwagenjuniorcup.de\/en\/wp-json\/wp\/v2\/users\/3"}],"replies":[{"embeddable":true,"href":"https:\/\/www.tourenwagenjuniorcup.de\/en\/wp-json\/wp\/v2\/comments?post=1556"}],"version-history":[{"count":2,"href":"https:\/\/www.tourenwagenjuniorcup.de\/en\/wp-json\/wp\/v2\/posts\/1556\/revisions"}],"predecessor-version":[{"id":1559,"href":"https:\/\/www.tourenwagenjuniorcup.de\/en\/wp-json\/wp\/v2\/posts\/1556\/revisions\/1559"}],"wp:featuredmedia":[{"embeddable":true,"href":"https:\/\/www.tourenwagenjuniorcup.de\/en\/wp-json\/wp\/v2\/media\/1557"}],"wp:attachment":[{"href":"https:\/\/www.tourenwagenjuniorcup.de\/en\/wp-json\/wp\/v2\/media?parent=1556"}],"wp:term":[{"taxonomy":"category","embeddable":true,"href":"https:\/\/www.tourenwagenjuniorcup.de\/en\/wp-json\/wp\/v2\/categories?post=1556"},{"taxonomy":"post_tag","embeddable":true,"href":"https:\/\/www.tourenwagenjuniorcup.de\/en\/wp-json\/wp\/v2\/tags?post=1556"}],"curies":[{"name":"wp","href":"https:\/\/api.w.org\/{rel}","templated":true}]}}