{"id":1609,"date":"2021-09-20T17:09:54","date_gmt":"2021-09-20T17:09:54","guid":{"rendered":"https:\/\/www.tourenwagenjuniorcup.de\/?p=1609"},"modified":"2021-09-20T17:12:38","modified_gmt":"2021-09-20T17:12:38","slug":"actiongeladenes-wochenende-am-hockenheimring","status":"publish","type":"post","link":"https:\/\/www.tourenwagenjuniorcup.de\/actiongeladenes_wochenende_am_hockenheimring\/","title":{"rendered":"ACTIONGELADENES WOCHENENDE AM HOCKENHEIMRING"},"content":{"rendered":"<div id=\"cs-content\" class=\"cs-content\"><\/div>\n","protected":false},"excerpt":{"rendered":"<p>Auf dem 4,574 Kilometer langen Hockenheimring Baden-W\u00fcrttemberg feierte Florian Vietze seinen ersten Sieg im Tourenwagen Junior Cup. Der 16-J\u00e4hrige gewann den f\u00fcnften Saisonlauf vor Tim R\u00f6lleke und Jan Noller. Der zweite Durchgang wurde nach zwei \u00dcberschl\u00e4gen nicht wieder neu gestartet, die in die Unf\u00e4lle involvierten Piloten blieben unverletzt. In der Gesamtwertung ist Vietze nun neuer Spitzenreiter, Daniel Gregor und Nick &#8230; <\/p>\n<div><a href=\"https:\/\/www.tourenwagenjuniorcup.de\/actiongeladenes_wochenende_am_hockenheimring\/\" class=\"more-link\">Read More<\/a><\/div>\n","protected":false},"author":3,"featured_media":1612,"comment_status":"closed","ping_status":"closed","sticky":false,"template":"","format":"standard","meta":{"footnotes":""},"categories":[3],"tags":[],"class_list":["post-1609","post","type-post","status-publish","format-standard","has-post-thumbnail","hentry","category-unkategorisiert"],"yoast_head":"<!-- This site is optimized with the Yoast SEO plugin v25.9 - https:\/\/yoast.com\/wordpress\/plugins\/seo\/ -->\n<title>ACTIONGELADENES WOCHENENDE AM HOCKENHEIMRING | ADAC Tourenwagen Junior Cup<\/title>\n<meta name=\"robots\" content=\"index, follow, max-snippet:-1, max-image-preview:large, max-video-preview:-1\" \/>\n<link rel=\"canonical\" href=\"https:\/\/www.tourenwagenjuniorcup.de\/en\/actiongeladenes_wochenende_am_hockenheimring\/\" \/>\n<meta property=\"og:locale\" content=\"en_US\" \/>\n<meta property=\"og:type\" content=\"article\" \/>\n<meta property=\"og:title\" content=\"ACTIONGELADENES WOCHENENDE AM HOCKENHEIMRING | ADAC Tourenwagen Junior Cup\" \/>\n<meta property=\"og:description\" content=\"Auf dem 4,574 Kilometer langen Hockenheimring Baden-W\u00fcrttemberg feierte Florian Vietze seinen ersten Sieg im Tourenwagen Junior Cup. Der 16-J\u00e4hrige gewann den f\u00fcnften Saisonlauf vor Tim R\u00f6lleke und Jan Noller. Der zweite Durchgang wurde nach zwei \u00dcberschl\u00e4gen nicht wieder neu gestartet, die in die Unf\u00e4lle involvierten Piloten blieben unverletzt. In der Gesamtwertung ist Vietze nun neuer Spitzenreiter, Daniel Gregor und Nick ... Read More\" \/>\n<meta property=\"og:url\" content=\"https:\/\/www.tourenwagenjuniorcup.de\/actiongeladenes_wochenende_am_hockenheimring\/\" \/>\n<meta property=\"og:site_name\" content=\"ADAC Tourenwagen Junior Cup\" \/>\n<meta property=\"article:published_time\" content=\"2021-09-20T17:09:54+00:00\" \/>\n<meta property=\"article:modified_time\" content=\"2021-09-20T17:12:38+00:00\" \/>\n<meta property=\"og:image\" content=\"https:\/\/www.tourenwagenjuniorcup.de\/wp-content\/uploads\/Hockenheim_News.jpg\" \/>\n\t<meta property=\"og:image:width\" content=\"1920\" \/>\n\t<meta property=\"og:image:height\" content=\"1282\" \/>\n\t<meta property=\"og:image:type\" content=\"image\/jpeg\" \/>\n<meta name=\"author\" content=\"Matthias Meyer\" \/>\n<meta name=\"twitter:card\" content=\"summary_large_image\" \/>\n<meta name=\"twitter:label1\" content=\"Written by\" \/>\n\t<meta name=\"twitter:data1\" content=\"Matthias Meyer\" \/>\n<script type=\"application\/ld+json\" class=\"yoast-schema-graph\">{\"@context\":\"https:\/\/schema.org\",\"@graph\":[{\"@type\":\"WebPage\",\"@id\":\"https:\/\/www.tourenwagenjuniorcup.de\/actiongeladenes_wochenende_am_hockenheimring\/\",\"url\":\"https:\/\/www.tourenwagenjuniorcup.de\/actiongeladenes_wochenende_am_hockenheimring\/\",\"name\":\"ACTIONGELADENES WOCHENENDE AM HOCKENHEIMRING | ADAC Tourenwagen Junior Cup\",\"isPartOf\":{\"@id\":\"https:\/\/www.tourenwagenjuniorcup.de\/en\/#website\"},\"primaryImageOfPage\":{\"@id\":\"https:\/\/www.tourenwagenjuniorcup.de\/actiongeladenes_wochenende_am_hockenheimring\/#primaryimage\"},\"image\":{\"@id\":\"https:\/\/www.tourenwagenjuniorcup.de\/actiongeladenes_wochenende_am_hockenheimring\/#primaryimage\"},\"thumbnailUrl\":\"https:\/\/www.tourenwagenjuniorcup.de\/wp-content\/uploads\/Hockenheim_News.jpg\",\"datePublished\":\"2021-09-20T17:09:54+00:00\",\"dateModified\":\"2021-09-20T17:12:38+00:00\",\"author\":{\"@id\":\"https:\/\/www.tourenwagenjuniorcup.de\/en\/#\/schema\/person\/555d6c5113b5491d1fd53b653f9acf4c\"},\"breadcrumb\":{\"@id\":\"https:\/\/www.tourenwagenjuniorcup.de\/actiongeladenes_wochenende_am_hockenheimring\/#breadcrumb\"},\"inLanguage\":\"en-US\",\"potentialAction\":[{\"@type\":\"ReadAction\",\"target\":[\"https:\/\/www.tourenwagenjuniorcup.de\/actiongeladenes_wochenende_am_hockenheimring\/\"]}]},{\"@type\":\"ImageObject\",\"inLanguage\":\"en-US\",\"@id\":\"https:\/\/www.tourenwagenjuniorcup.de\/actiongeladenes_wochenende_am_hockenheimring\/#primaryimage\",\"url\":\"https:\/\/www.tourenwagenjuniorcup.de\/wp-content\/uploads\/Hockenheim_News.jpg\",\"contentUrl\":\"https:\/\/www.tourenwagenjuniorcup.de\/wp-content\/uploads\/Hockenheim_News.jpg\",\"width\":1920,\"height\":1282},{\"@type\":\"BreadcrumbList\",\"@id\":\"https:\/\/www.tourenwagenjuniorcup.de\/actiongeladenes_wochenende_am_hockenheimring\/#breadcrumb\",\"itemListElement\":[{\"@type\":\"ListItem\",\"position\":1,\"name\":\"Startseite\",\"item\":\"https:\/\/www.tourenwagenjuniorcup.de\/en\/\"},{\"@type\":\"ListItem\",\"position\":2,\"name\":\"ACTIONGELADENES WOCHENENDE AM HOCKENHEIMRING\"}]},{\"@type\":\"WebSite\",\"@id\":\"https:\/\/www.tourenwagenjuniorcup.de\/en\/#website\",\"url\":\"https:\/\/www.tourenwagenjuniorcup.de\/en\/\",\"name\":\"ADAC Tourenwagen Junior Cup\",\"description\":\"Der ADAC Tourenwagen Junior Cup ist die deutsche Nachwuchsliga und dein Sprungbrett in den Profi-Sport.\",\"potentialAction\":[{\"@type\":\"SearchAction\",\"target\":{\"@type\":\"EntryPoint\",\"urlTemplate\":\"https:\/\/www.tourenwagenjuniorcup.de\/en\/?s={search_term_string}\"},\"query-input\":{\"@type\":\"PropertyValueSpecification\",\"valueRequired\":true,\"valueName\":\"search_term_string\"}}],\"inLanguage\":\"en-US\"},{\"@type\":\"Person\",\"@id\":\"https:\/\/www.tourenwagenjuniorcup.de\/en\/#\/schema\/person\/555d6c5113b5491d1fd53b653f9acf4c\",\"name\":\"Matthias Meyer\",\"image\":{\"@type\":\"ImageObject\",\"inLanguage\":\"en-US\",\"@id\":\"https:\/\/www.tourenwagenjuniorcup.de\/en\/#\/schema\/person\/image\/\",\"url\":\"https:\/\/secure.gravatar.com\/avatar\/4f7f88e9834655263977d4fa2e611bbaca4504a33c25d4bd6d973af7e9255f71?s=96&d=mm&r=g\",\"contentUrl\":\"https:\/\/secure.gravatar.com\/avatar\/4f7f88e9834655263977d4fa2e611bbaca4504a33c25d4bd6d973af7e9255f71?s=96&d=mm&r=g\",\"caption\":\"Matthias Meyer\"},\"url\":\"https:\/\/www.tourenwagenjuniorcup.de\/en\/author\/matthias\/\"}]}<\/script>\n<!-- \/ Yoast SEO plugin. -->","yoast_head_json":{"title":"ACTIONGELADENES WOCHENENDE AM HOCKENHEIMRING | ADAC Tourenwagen Junior Cup","robots":{"index":"index","follow":"follow","max-snippet":"max-snippet:-1","max-image-preview":"max-image-preview:large","max-video-preview":"max-video-preview:-1"},"canonical":"https:\/\/www.tourenwagenjuniorcup.de\/en\/actiongeladenes_wochenende_am_hockenheimring\/","og_locale":"en_US","og_type":"article","og_title":"ACTIONGELADENES WOCHENENDE AM HOCKENHEIMRING | ADAC Tourenwagen Junior Cup","og_description":"Auf dem 4,574 Kilometer langen Hockenheimring Baden-W\u00fcrttemberg feierte Florian Vietze seinen ersten Sieg im Tourenwagen Junior Cup. Der 16-J\u00e4hrige gewann den f\u00fcnften Saisonlauf vor Tim R\u00f6lleke und Jan Noller. Der zweite Durchgang wurde nach zwei \u00dcberschl\u00e4gen nicht wieder neu gestartet, die in die Unf\u00e4lle involvierten Piloten blieben unverletzt. In der Gesamtwertung ist Vietze nun neuer Spitzenreiter, Daniel Gregor und Nick ... Read More","og_url":"https:\/\/www.tourenwagenjuniorcup.de\/actiongeladenes_wochenende_am_hockenheimring\/","og_site_name":"ADAC Tourenwagen Junior Cup","article_published_time":"2021-09-20T17:09:54+00:00","article_modified_time":"2021-09-20T17:12:38+00:00","og_image":[{"width":1920,"height":1282,"url":"https:\/\/www.tourenwagenjuniorcup.de\/wp-content\/uploads\/Hockenheim_News.jpg","type":"image\/jpeg"}],"author":"Matthias Meyer","twitter_card":"summary_large_image","twitter_misc":{"Written by":"Matthias Meyer"},"schema":{"@context":"https:\/\/schema.org","@graph":[{"@type":"WebPage","@id":"https:\/\/www.tourenwagenjuniorcup.de\/actiongeladenes_wochenende_am_hockenheimring\/","url":"https:\/\/www.tourenwagenjuniorcup.de\/actiongeladenes_wochenende_am_hockenheimring\/","name":"ACTIONGELADENES WOCHENENDE AM HOCKENHEIMRING | ADAC Tourenwagen Junior Cup","isPartOf":{"@id":"https:\/\/www.tourenwagenjuniorcup.de\/en\/#website"},"primaryImageOfPage":{"@id":"https:\/\/www.tourenwagenjuniorcup.de\/actiongeladenes_wochenende_am_hockenheimring\/#primaryimage"},"image":{"@id":"https:\/\/www.tourenwagenjuniorcup.de\/actiongeladenes_wochenende_am_hockenheimring\/#primaryimage"},"thumbnailUrl":"https:\/\/www.tourenwagenjuniorcup.de\/wp-content\/uploads\/Hockenheim_News.jpg","datePublished":"2021-09-20T17:09:54+00:00","dateModified":"2021-09-20T17:12:38+00:00","author":{"@id":"https:\/\/www.tourenwagenjuniorcup.de\/en\/#\/schema\/person\/555d6c5113b5491d1fd53b653f9acf4c"},"breadcrumb":{"@id":"https:\/\/www.tourenwagenjuniorcup.de\/actiongeladenes_wochenende_am_hockenheimring\/#breadcrumb"},"inLanguage":"en-US","potentialAction":[{"@type":"ReadAction","target":["https:\/\/www.tourenwagenjuniorcup.de\/actiongeladenes_wochenende_am_hockenheimring\/"]}]},{"@type":"ImageObject","inLanguage":"en-US","@id":"https:\/\/www.tourenwagenjuniorcup.de\/actiongeladenes_wochenende_am_hockenheimring\/#primaryimage","url":"https:\/\/www.tourenwagenjuniorcup.de\/wp-content\/uploads\/Hockenheim_News.jpg","contentUrl":"https:\/\/www.tourenwagenjuniorcup.de\/wp-content\/uploads\/Hockenheim_News.jpg","width":1920,"height":1282},{"@type":"BreadcrumbList","@id":"https:\/\/www.tourenwagenjuniorcup.de\/actiongeladenes_wochenende_am_hockenheimring\/#breadcrumb","itemListElement":[{"@type":"ListItem","position":1,"name":"Startseite","item":"https:\/\/www.tourenwagenjuniorcup.de\/en\/"},{"@type":"ListItem","position":2,"name":"ACTIONGELADENES WOCHENENDE AM HOCKENHEIMRING"}]},{"@type":"WebSite","@id":"https:\/\/www.tourenwagenjuniorcup.de\/en\/#website","url":"https:\/\/www.tourenwagenjuniorcup.de\/en\/","name":"ADAC Tourenwagen Junior Cup","description":"Der ADAC Tourenwagen Junior Cup ist die deutsche Nachwuchsliga und dein Sprungbrett in den Profi-Sport.","potentialAction":[{"@type":"SearchAction","target":{"@type":"EntryPoint","urlTemplate":"https:\/\/www.tourenwagenjuniorcup.de\/en\/?s={search_term_string}"},"query-input":{"@type":"PropertyValueSpecification","valueRequired":true,"valueName":"search_term_string"}}],"inLanguage":"en-US"},{"@type":"Person","@id":"https:\/\/www.tourenwagenjuniorcup.de\/en\/#\/schema\/person\/555d6c5113b5491d1fd53b653f9acf4c","name":"Matthias Meyer","image":{"@type":"ImageObject","inLanguage":"en-US","@id":"https:\/\/www.tourenwagenjuniorcup.de\/en\/#\/schema\/person\/image\/","url":"https:\/\/secure.gravatar.com\/avatar\/4f7f88e9834655263977d4fa2e611bbaca4504a33c25d4bd6d973af7e9255f71?s=96&d=mm&r=g","contentUrl":"https:\/\/secure.gravatar.com\/avatar\/4f7f88e9834655263977d4fa2e611bbaca4504a33c25d4bd6d973af7e9255f71?s=96&d=mm&r=g","caption":"Matthias Meyer"},"url":"https:\/\/www.tourenwagenjuniorcup.de\/en\/author\/matthias\/"}]}},"_links":{"self":[{"href":"https:\/\/www.tourenwagenjuniorcup.de\/en\/wp-json\/wp\/v2\/posts\/1609","targetHints":{"allow":["GET"]}}],"collection":[{"href":"https:\/\/www.tourenwagenjuniorcup.de\/en\/wp-json\/wp\/v2\/posts"}],"about":[{"href":"https:\/\/www.tourenwagenjuniorcup.de\/en\/wp-json\/wp\/v2\/types\/post"}],"author":[{"embeddable":true,"href":"https:\/\/www.tourenwagenjuniorcup.de\/en\/wp-json\/wp\/v2\/users\/3"}],"replies":[{"embeddable":true,"href":"https:\/\/www.tourenwagenjuniorcup.de\/en\/wp-json\/wp\/v2\/comments?post=1609"}],"version-history":[{"count":3,"href":"https:\/\/www.tourenwagenjuniorcup.de\/en\/wp-json\/wp\/v2\/posts\/1609\/revisions"}],"predecessor-version":[{"id":1613,"href":"https:\/\/www.tourenwagenjuniorcup.de\/en\/wp-json\/wp\/v2\/posts\/1609\/revisions\/1613"}],"wp:featuredmedia":[{"embeddable":true,"href":"https:\/\/www.tourenwagenjuniorcup.de\/en\/wp-json\/wp\/v2\/media\/1612"}],"wp:attachment":[{"href":"https:\/\/www.tourenwagenjuniorcup.de\/en\/wp-json\/wp\/v2\/media?parent=1609"}],"wp:term":[{"taxonomy":"category","embeddable":true,"href":"https:\/\/www.tourenwagenjuniorcup.de\/en\/wp-json\/wp\/v2\/categories?post=1609"},{"taxonomy":"post_tag","embeddable":true,"href":"https:\/\/www.tourenwagenjuniorcup.de\/en\/wp-json\/wp\/v2\/tags?post=1609"}],"curies":[{"name":"wp","href":"https:\/\/api.w.org\/{rel}","templated":true}]}}