{"id":1704,"date":"2021-10-04T17:12:26","date_gmt":"2021-10-04T17:12:26","guid":{"rendered":"https:\/\/www.tourenwagenjuniorcup.de\/?p=1704"},"modified":"2021-10-04T17:59:24","modified_gmt":"2021-10-04T17:59:24","slug":"lilly-zug-ich-kann-den-cup-definitiv-empfehlen","status":"publish","type":"post","link":"https:\/\/www.tourenwagenjuniorcup.de\/lilly-zug-ich-kann-den-cup-definitiv-empfehlen\/","title":{"rendered":"LILLY ZUG: &#8220;ICH KANN DEN CUP DEFINITIV EMPFEHLEN!&#8221;"},"content":{"rendered":"<div id=\"cs-content\" class=\"cs-content\"><\/div>\n","protected":false},"excerpt":{"rendered":"<p>In den spannenden Rennen des Tourenwagen Junior Cup war Lilly Zug in ihrem VW up! GTI mit der Startnummer 43 h\u00e4ufig in Zweik\u00e4mpfe verwickelt. Bei der jungen Pilotin, die aus dem Kartsport in den Automobilsport wechselte, ist eines klar: Sie l\u00e4sst sich nicht so schnell abschrecken und wei\u00df, was sie will. Enge Duelle und immer den Blick nach vorne, im &#8230; <\/p>\n<div><a href=\"https:\/\/www.tourenwagenjuniorcup.de\/lilly-zug-ich-kann-den-cup-definitiv-empfehlen\/\" class=\"more-link\">Read More<\/a><\/div>\n","protected":false},"author":3,"featured_media":1705,"comment_status":"closed","ping_status":"closed","sticky":false,"template":"","format":"standard","meta":{"footnotes":""},"categories":[3],"tags":[],"class_list":["post-1704","post","type-post","status-publish","format-standard","has-post-thumbnail","hentry","category-unkategorisiert"],"yoast_head":"<!-- This site is optimized with the Yoast SEO plugin v25.9 - https:\/\/yoast.com\/wordpress\/plugins\/seo\/ -->\n<title>LILLY ZUG: &quot;ICH KANN DEN CUP DEFINITIV EMPFEHLEN!&quot; | ADAC Tourenwagen Junior Cup<\/title>\n<meta name=\"robots\" content=\"index, follow, max-snippet:-1, max-image-preview:large, max-video-preview:-1\" \/>\n<link rel=\"canonical\" href=\"https:\/\/www.tourenwagenjuniorcup.de\/en\/lilly-zug-ich-kann-den-cup-definitiv-empfehlen\/\" \/>\n<meta property=\"og:locale\" content=\"en_US\" \/>\n<meta property=\"og:type\" content=\"article\" \/>\n<meta property=\"og:title\" content=\"LILLY ZUG: &quot;ICH KANN DEN CUP DEFINITIV EMPFEHLEN!&quot; | ADAC Tourenwagen Junior Cup\" \/>\n<meta property=\"og:description\" content=\"In den spannenden Rennen des Tourenwagen Junior Cup war Lilly Zug in ihrem VW up! GTI mit der Startnummer 43 h\u00e4ufig in Zweik\u00e4mpfe verwickelt. Bei der jungen Pilotin, die aus dem Kartsport in den Automobilsport wechselte, ist eines klar: Sie l\u00e4sst sich nicht so schnell abschrecken und wei\u00df, was sie will. Enge Duelle und immer den Blick nach vorne, im ... Read More\" \/>\n<meta property=\"og:url\" content=\"https:\/\/www.tourenwagenjuniorcup.de\/lilly-zug-ich-kann-den-cup-definitiv-empfehlen\/\" \/>\n<meta property=\"og:site_name\" content=\"ADAC Tourenwagen Junior Cup\" \/>\n<meta property=\"article:published_time\" content=\"2021-10-04T17:12:26+00:00\" \/>\n<meta property=\"article:modified_time\" content=\"2021-10-04T17:59:24+00:00\" \/>\n<meta property=\"og:image\" content=\"https:\/\/www.tourenwagenjuniorcup.de\/wp-content\/uploads\/Lilly_Zug_News.jpg\" \/>\n\t<meta property=\"og:image:width\" content=\"1920\" \/>\n\t<meta property=\"og:image:height\" content=\"1282\" \/>\n\t<meta property=\"og:image:type\" content=\"image\/jpeg\" \/>\n<meta name=\"author\" content=\"Matthias Meyer\" \/>\n<meta name=\"twitter:card\" content=\"summary_large_image\" \/>\n<meta name=\"twitter:label1\" content=\"Written by\" \/>\n\t<meta name=\"twitter:data1\" content=\"Matthias Meyer\" \/>\n<script type=\"application\/ld+json\" class=\"yoast-schema-graph\">{\"@context\":\"https:\/\/schema.org\",\"@graph\":[{\"@type\":\"WebPage\",\"@id\":\"https:\/\/www.tourenwagenjuniorcup.de\/lilly-zug-ich-kann-den-cup-definitiv-empfehlen\/\",\"url\":\"https:\/\/www.tourenwagenjuniorcup.de\/lilly-zug-ich-kann-den-cup-definitiv-empfehlen\/\",\"name\":\"LILLY ZUG: \\\"ICH KANN DEN CUP DEFINITIV EMPFEHLEN!\\\" | ADAC Tourenwagen Junior Cup\",\"isPartOf\":{\"@id\":\"https:\/\/www.tourenwagenjuniorcup.de\/en\/#website\"},\"primaryImageOfPage\":{\"@id\":\"https:\/\/www.tourenwagenjuniorcup.de\/lilly-zug-ich-kann-den-cup-definitiv-empfehlen\/#primaryimage\"},\"image\":{\"@id\":\"https:\/\/www.tourenwagenjuniorcup.de\/lilly-zug-ich-kann-den-cup-definitiv-empfehlen\/#primaryimage\"},\"thumbnailUrl\":\"https:\/\/www.tourenwagenjuniorcup.de\/wp-content\/uploads\/Lilly_Zug_News.jpg\",\"datePublished\":\"2021-10-04T17:12:26+00:00\",\"dateModified\":\"2021-10-04T17:59:24+00:00\",\"author\":{\"@id\":\"https:\/\/www.tourenwagenjuniorcup.de\/en\/#\/schema\/person\/555d6c5113b5491d1fd53b653f9acf4c\"},\"breadcrumb\":{\"@id\":\"https:\/\/www.tourenwagenjuniorcup.de\/lilly-zug-ich-kann-den-cup-definitiv-empfehlen\/#breadcrumb\"},\"inLanguage\":\"en-US\",\"potentialAction\":[{\"@type\":\"ReadAction\",\"target\":[\"https:\/\/www.tourenwagenjuniorcup.de\/lilly-zug-ich-kann-den-cup-definitiv-empfehlen\/\"]}]},{\"@type\":\"ImageObject\",\"inLanguage\":\"en-US\",\"@id\":\"https:\/\/www.tourenwagenjuniorcup.de\/lilly-zug-ich-kann-den-cup-definitiv-empfehlen\/#primaryimage\",\"url\":\"https:\/\/www.tourenwagenjuniorcup.de\/wp-content\/uploads\/Lilly_Zug_News.jpg\",\"contentUrl\":\"https:\/\/www.tourenwagenjuniorcup.de\/wp-content\/uploads\/Lilly_Zug_News.jpg\",\"width\":1920,\"height\":1282},{\"@type\":\"BreadcrumbList\",\"@id\":\"https:\/\/www.tourenwagenjuniorcup.de\/lilly-zug-ich-kann-den-cup-definitiv-empfehlen\/#breadcrumb\",\"itemListElement\":[{\"@type\":\"ListItem\",\"position\":1,\"name\":\"Startseite\",\"item\":\"https:\/\/www.tourenwagenjuniorcup.de\/en\/\"},{\"@type\":\"ListItem\",\"position\":2,\"name\":\"LILLY ZUG: &#8220;ICH KANN DEN CUP DEFINITIV EMPFEHLEN!&#8221;\"}]},{\"@type\":\"WebSite\",\"@id\":\"https:\/\/www.tourenwagenjuniorcup.de\/en\/#website\",\"url\":\"https:\/\/www.tourenwagenjuniorcup.de\/en\/\",\"name\":\"ADAC Tourenwagen Junior Cup\",\"description\":\"Der ADAC Tourenwagen Junior Cup ist die deutsche Nachwuchsliga und dein Sprungbrett in den Profi-Sport.\",\"potentialAction\":[{\"@type\":\"SearchAction\",\"target\":{\"@type\":\"EntryPoint\",\"urlTemplate\":\"https:\/\/www.tourenwagenjuniorcup.de\/en\/?s={search_term_string}\"},\"query-input\":{\"@type\":\"PropertyValueSpecification\",\"valueRequired\":true,\"valueName\":\"search_term_string\"}}],\"inLanguage\":\"en-US\"},{\"@type\":\"Person\",\"@id\":\"https:\/\/www.tourenwagenjuniorcup.de\/en\/#\/schema\/person\/555d6c5113b5491d1fd53b653f9acf4c\",\"name\":\"Matthias Meyer\",\"image\":{\"@type\":\"ImageObject\",\"inLanguage\":\"en-US\",\"@id\":\"https:\/\/www.tourenwagenjuniorcup.de\/en\/#\/schema\/person\/image\/\",\"url\":\"https:\/\/secure.gravatar.com\/avatar\/4f7f88e9834655263977d4fa2e611bbaca4504a33c25d4bd6d973af7e9255f71?s=96&d=mm&r=g\",\"contentUrl\":\"https:\/\/secure.gravatar.com\/avatar\/4f7f88e9834655263977d4fa2e611bbaca4504a33c25d4bd6d973af7e9255f71?s=96&d=mm&r=g\",\"caption\":\"Matthias Meyer\"},\"url\":\"https:\/\/www.tourenwagenjuniorcup.de\/en\/author\/matthias\/\"}]}<\/script>\n<!-- \/ Yoast SEO plugin. -->","yoast_head_json":{"title":"LILLY ZUG: \"ICH KANN DEN CUP DEFINITIV EMPFEHLEN!\" | ADAC Tourenwagen Junior Cup","robots":{"index":"index","follow":"follow","max-snippet":"max-snippet:-1","max-image-preview":"max-image-preview:large","max-video-preview":"max-video-preview:-1"},"canonical":"https:\/\/www.tourenwagenjuniorcup.de\/en\/lilly-zug-ich-kann-den-cup-definitiv-empfehlen\/","og_locale":"en_US","og_type":"article","og_title":"LILLY ZUG: \"ICH KANN DEN CUP DEFINITIV EMPFEHLEN!\" | ADAC Tourenwagen Junior Cup","og_description":"In den spannenden Rennen des Tourenwagen Junior Cup war Lilly Zug in ihrem VW up! GTI mit der Startnummer 43 h\u00e4ufig in Zweik\u00e4mpfe verwickelt. Bei der jungen Pilotin, die aus dem Kartsport in den Automobilsport wechselte, ist eines klar: Sie l\u00e4sst sich nicht so schnell abschrecken und wei\u00df, was sie will. Enge Duelle und immer den Blick nach vorne, im ... Read More","og_url":"https:\/\/www.tourenwagenjuniorcup.de\/lilly-zug-ich-kann-den-cup-definitiv-empfehlen\/","og_site_name":"ADAC Tourenwagen Junior Cup","article_published_time":"2021-10-04T17:12:26+00:00","article_modified_time":"2021-10-04T17:59:24+00:00","og_image":[{"width":1920,"height":1282,"url":"https:\/\/www.tourenwagenjuniorcup.de\/wp-content\/uploads\/Lilly_Zug_News.jpg","type":"image\/jpeg"}],"author":"Matthias Meyer","twitter_card":"summary_large_image","twitter_misc":{"Written by":"Matthias Meyer"},"schema":{"@context":"https:\/\/schema.org","@graph":[{"@type":"WebPage","@id":"https:\/\/www.tourenwagenjuniorcup.de\/lilly-zug-ich-kann-den-cup-definitiv-empfehlen\/","url":"https:\/\/www.tourenwagenjuniorcup.de\/lilly-zug-ich-kann-den-cup-definitiv-empfehlen\/","name":"LILLY ZUG: \"ICH KANN DEN CUP DEFINITIV EMPFEHLEN!\" | ADAC Tourenwagen Junior Cup","isPartOf":{"@id":"https:\/\/www.tourenwagenjuniorcup.de\/en\/#website"},"primaryImageOfPage":{"@id":"https:\/\/www.tourenwagenjuniorcup.de\/lilly-zug-ich-kann-den-cup-definitiv-empfehlen\/#primaryimage"},"image":{"@id":"https:\/\/www.tourenwagenjuniorcup.de\/lilly-zug-ich-kann-den-cup-definitiv-empfehlen\/#primaryimage"},"thumbnailUrl":"https:\/\/www.tourenwagenjuniorcup.de\/wp-content\/uploads\/Lilly_Zug_News.jpg","datePublished":"2021-10-04T17:12:26+00:00","dateModified":"2021-10-04T17:59:24+00:00","author":{"@id":"https:\/\/www.tourenwagenjuniorcup.de\/en\/#\/schema\/person\/555d6c5113b5491d1fd53b653f9acf4c"},"breadcrumb":{"@id":"https:\/\/www.tourenwagenjuniorcup.de\/lilly-zug-ich-kann-den-cup-definitiv-empfehlen\/#breadcrumb"},"inLanguage":"en-US","potentialAction":[{"@type":"ReadAction","target":["https:\/\/www.tourenwagenjuniorcup.de\/lilly-zug-ich-kann-den-cup-definitiv-empfehlen\/"]}]},{"@type":"ImageObject","inLanguage":"en-US","@id":"https:\/\/www.tourenwagenjuniorcup.de\/lilly-zug-ich-kann-den-cup-definitiv-empfehlen\/#primaryimage","url":"https:\/\/www.tourenwagenjuniorcup.de\/wp-content\/uploads\/Lilly_Zug_News.jpg","contentUrl":"https:\/\/www.tourenwagenjuniorcup.de\/wp-content\/uploads\/Lilly_Zug_News.jpg","width":1920,"height":1282},{"@type":"BreadcrumbList","@id":"https:\/\/www.tourenwagenjuniorcup.de\/lilly-zug-ich-kann-den-cup-definitiv-empfehlen\/#breadcrumb","itemListElement":[{"@type":"ListItem","position":1,"name":"Startseite","item":"https:\/\/www.tourenwagenjuniorcup.de\/en\/"},{"@type":"ListItem","position":2,"name":"LILLY ZUG: &#8220;ICH KANN DEN CUP DEFINITIV EMPFEHLEN!&#8221;"}]},{"@type":"WebSite","@id":"https:\/\/www.tourenwagenjuniorcup.de\/en\/#website","url":"https:\/\/www.tourenwagenjuniorcup.de\/en\/","name":"ADAC Tourenwagen Junior Cup","description":"Der ADAC Tourenwagen Junior Cup ist die deutsche Nachwuchsliga und dein Sprungbrett in den Profi-Sport.","potentialAction":[{"@type":"SearchAction","target":{"@type":"EntryPoint","urlTemplate":"https:\/\/www.tourenwagenjuniorcup.de\/en\/?s={search_term_string}"},"query-input":{"@type":"PropertyValueSpecification","valueRequired":true,"valueName":"search_term_string"}}],"inLanguage":"en-US"},{"@type":"Person","@id":"https:\/\/www.tourenwagenjuniorcup.de\/en\/#\/schema\/person\/555d6c5113b5491d1fd53b653f9acf4c","name":"Matthias Meyer","image":{"@type":"ImageObject","inLanguage":"en-US","@id":"https:\/\/www.tourenwagenjuniorcup.de\/en\/#\/schema\/person\/image\/","url":"https:\/\/secure.gravatar.com\/avatar\/4f7f88e9834655263977d4fa2e611bbaca4504a33c25d4bd6d973af7e9255f71?s=96&d=mm&r=g","contentUrl":"https:\/\/secure.gravatar.com\/avatar\/4f7f88e9834655263977d4fa2e611bbaca4504a33c25d4bd6d973af7e9255f71?s=96&d=mm&r=g","caption":"Matthias Meyer"},"url":"https:\/\/www.tourenwagenjuniorcup.de\/en\/author\/matthias\/"}]}},"_links":{"self":[{"href":"https:\/\/www.tourenwagenjuniorcup.de\/en\/wp-json\/wp\/v2\/posts\/1704","targetHints":{"allow":["GET"]}}],"collection":[{"href":"https:\/\/www.tourenwagenjuniorcup.de\/en\/wp-json\/wp\/v2\/posts"}],"about":[{"href":"https:\/\/www.tourenwagenjuniorcup.de\/en\/wp-json\/wp\/v2\/types\/post"}],"author":[{"embeddable":true,"href":"https:\/\/www.tourenwagenjuniorcup.de\/en\/wp-json\/wp\/v2\/users\/3"}],"replies":[{"embeddable":true,"href":"https:\/\/www.tourenwagenjuniorcup.de\/en\/wp-json\/wp\/v2\/comments?post=1704"}],"version-history":[{"count":2,"href":"https:\/\/www.tourenwagenjuniorcup.de\/en\/wp-json\/wp\/v2\/posts\/1704\/revisions"}],"predecessor-version":[{"id":1707,"href":"https:\/\/www.tourenwagenjuniorcup.de\/en\/wp-json\/wp\/v2\/posts\/1704\/revisions\/1707"}],"wp:featuredmedia":[{"embeddable":true,"href":"https:\/\/www.tourenwagenjuniorcup.de\/en\/wp-json\/wp\/v2\/media\/1705"}],"wp:attachment":[{"href":"https:\/\/www.tourenwagenjuniorcup.de\/en\/wp-json\/wp\/v2\/media?parent=1704"}],"wp:term":[{"taxonomy":"category","embeddable":true,"href":"https:\/\/www.tourenwagenjuniorcup.de\/en\/wp-json\/wp\/v2\/categories?post=1704"},{"taxonomy":"post_tag","embeddable":true,"href":"https:\/\/www.tourenwagenjuniorcup.de\/en\/wp-json\/wp\/v2\/tags?post=1704"}],"curies":[{"name":"wp","href":"https:\/\/api.w.org\/{rel}","templated":true}]}}