{"id":1739,"date":"2021-10-14T12:20:19","date_gmt":"2021-10-14T12:20:19","guid":{"rendered":"https:\/\/www.tourenwagenjuniorcup.de\/?p=1739"},"modified":"2021-12-03T15:16:56","modified_gmt":"2021-12-03T15:16:56","slug":"dreikampf-an-der-tabellenspitze-geht-weiter","status":"publish","type":"post","link":"https:\/\/www.tourenwagenjuniorcup.de\/dreikampf-an-der-tabellenspitze-geht-weiter\/","title":{"rendered":"Dreikampf an der Tabellenspitze geht weiter"},"content":{"rendered":"<div id=\"cs-content\" class=\"cs-content\"><\/div>\n","protected":false},"excerpt":{"rendered":"<p>Das vierte Rennwochenende des Tourenwagen Junior Cup f\u00fchrt die Teilnehmer in die Eifel, wo auf dem 5,148 Kilometer langen Grand-Prix-Kurs des N\u00fcrburgrings die Saisonrennen sieben und acht ausgetragen werden. Florian Vietze von Lubner Motorsport reist als Tabellenf\u00fchrer an, doch er sp\u00fcrt den Atem seiner Verfolger Daniel Gregor aus dem K\u00dcS Team Bernhard und Nick Hancke aus der Mannschaft Max Kruse &#8230; <\/p>\n<div><a href=\"https:\/\/www.tourenwagenjuniorcup.de\/dreikampf-an-der-tabellenspitze-geht-weiter\/\" class=\"more-link\">Read More<\/a><\/div>\n","protected":false},"author":3,"featured_media":1506,"comment_status":"closed","ping_status":"closed","sticky":false,"template":"","format":"standard","meta":{"footnotes":""},"categories":[3],"tags":[],"class_list":["post-1739","post","type-post","status-publish","format-standard","has-post-thumbnail","hentry","category-unkategorisiert"],"yoast_head":"<!-- This site is optimized with the Yoast SEO plugin v25.9 - https:\/\/yoast.com\/wordpress\/plugins\/seo\/ -->\n<title>Dreikampf an der Tabellenspitze geht weiter | ADAC Tourenwagen Junior Cup<\/title>\n<meta name=\"robots\" content=\"index, follow, max-snippet:-1, max-image-preview:large, max-video-preview:-1\" \/>\n<link rel=\"canonical\" href=\"https:\/\/www.tourenwagenjuniorcup.de\/en\/dreikampf-an-der-tabellenspitze-geht-weiter\/\" \/>\n<meta property=\"og:locale\" content=\"en_US\" \/>\n<meta property=\"og:type\" content=\"article\" \/>\n<meta property=\"og:title\" content=\"Dreikampf an der Tabellenspitze geht weiter | ADAC Tourenwagen Junior Cup\" \/>\n<meta property=\"og:description\" content=\"Das vierte Rennwochenende des Tourenwagen Junior Cup f\u00fchrt die Teilnehmer in die Eifel, wo auf dem 5,148 Kilometer langen Grand-Prix-Kurs des N\u00fcrburgrings die Saisonrennen sieben und acht ausgetragen werden. Florian Vietze von Lubner Motorsport reist als Tabellenf\u00fchrer an, doch er sp\u00fcrt den Atem seiner Verfolger Daniel Gregor aus dem K\u00dcS Team Bernhard und Nick Hancke aus der Mannschaft Max Kruse ... Read More\" \/>\n<meta property=\"og:url\" content=\"https:\/\/www.tourenwagenjuniorcup.de\/dreikampf-an-der-tabellenspitze-geht-weiter\/\" \/>\n<meta property=\"og:site_name\" content=\"ADAC Tourenwagen Junior Cup\" \/>\n<meta property=\"article:published_time\" content=\"2021-10-14T12:20:19+00:00\" \/>\n<meta property=\"article:modified_time\" content=\"2021-12-03T15:16:56+00:00\" \/>\n<meta property=\"og:image\" content=\"https:\/\/www.tourenwagenjuniorcup.de\/wp-content\/uploads\/DSC_2338.jpg\" \/>\n\t<meta property=\"og:image:width\" content=\"1920\" \/>\n\t<meta property=\"og:image:height\" content=\"1280\" \/>\n\t<meta property=\"og:image:type\" content=\"image\/jpeg\" \/>\n<meta name=\"author\" content=\"Matthias Meyer\" \/>\n<meta name=\"twitter:card\" content=\"summary_large_image\" \/>\n<meta name=\"twitter:label1\" content=\"Written by\" \/>\n\t<meta name=\"twitter:data1\" content=\"Matthias Meyer\" \/>\n<script type=\"application\/ld+json\" class=\"yoast-schema-graph\">{\"@context\":\"https:\/\/schema.org\",\"@graph\":[{\"@type\":\"WebPage\",\"@id\":\"https:\/\/www.tourenwagenjuniorcup.de\/dreikampf-an-der-tabellenspitze-geht-weiter\/\",\"url\":\"https:\/\/www.tourenwagenjuniorcup.de\/dreikampf-an-der-tabellenspitze-geht-weiter\/\",\"name\":\"Dreikampf an der Tabellenspitze geht weiter | ADAC Tourenwagen Junior Cup\",\"isPartOf\":{\"@id\":\"https:\/\/www.tourenwagenjuniorcup.de\/en\/#website\"},\"primaryImageOfPage\":{\"@id\":\"https:\/\/www.tourenwagenjuniorcup.de\/dreikampf-an-der-tabellenspitze-geht-weiter\/#primaryimage\"},\"image\":{\"@id\":\"https:\/\/www.tourenwagenjuniorcup.de\/dreikampf-an-der-tabellenspitze-geht-weiter\/#primaryimage\"},\"thumbnailUrl\":\"https:\/\/www.tourenwagenjuniorcup.de\/wp-content\/uploads\/DSC_2338.jpg\",\"datePublished\":\"2021-10-14T12:20:19+00:00\",\"dateModified\":\"2021-12-03T15:16:56+00:00\",\"author\":{\"@id\":\"https:\/\/www.tourenwagenjuniorcup.de\/en\/#\/schema\/person\/555d6c5113b5491d1fd53b653f9acf4c\"},\"breadcrumb\":{\"@id\":\"https:\/\/www.tourenwagenjuniorcup.de\/dreikampf-an-der-tabellenspitze-geht-weiter\/#breadcrumb\"},\"inLanguage\":\"en-US\",\"potentialAction\":[{\"@type\":\"ReadAction\",\"target\":[\"https:\/\/www.tourenwagenjuniorcup.de\/dreikampf-an-der-tabellenspitze-geht-weiter\/\"]}]},{\"@type\":\"ImageObject\",\"inLanguage\":\"en-US\",\"@id\":\"https:\/\/www.tourenwagenjuniorcup.de\/dreikampf-an-der-tabellenspitze-geht-weiter\/#primaryimage\",\"url\":\"https:\/\/www.tourenwagenjuniorcup.de\/wp-content\/uploads\/DSC_2338.jpg\",\"contentUrl\":\"https:\/\/www.tourenwagenjuniorcup.de\/wp-content\/uploads\/DSC_2338.jpg\",\"width\":1920,\"height\":1280},{\"@type\":\"BreadcrumbList\",\"@id\":\"https:\/\/www.tourenwagenjuniorcup.de\/dreikampf-an-der-tabellenspitze-geht-weiter\/#breadcrumb\",\"itemListElement\":[{\"@type\":\"ListItem\",\"position\":1,\"name\":\"Startseite\",\"item\":\"https:\/\/www.tourenwagenjuniorcup.de\/en\/\"},{\"@type\":\"ListItem\",\"position\":2,\"name\":\"Dreikampf an der Tabellenspitze geht weiter\"}]},{\"@type\":\"WebSite\",\"@id\":\"https:\/\/www.tourenwagenjuniorcup.de\/en\/#website\",\"url\":\"https:\/\/www.tourenwagenjuniorcup.de\/en\/\",\"name\":\"ADAC Tourenwagen Junior Cup\",\"description\":\"Der ADAC Tourenwagen Junior Cup ist die deutsche Nachwuchsliga und dein Sprungbrett in den Profi-Sport.\",\"potentialAction\":[{\"@type\":\"SearchAction\",\"target\":{\"@type\":\"EntryPoint\",\"urlTemplate\":\"https:\/\/www.tourenwagenjuniorcup.de\/en\/?s={search_term_string}\"},\"query-input\":{\"@type\":\"PropertyValueSpecification\",\"valueRequired\":true,\"valueName\":\"search_term_string\"}}],\"inLanguage\":\"en-US\"},{\"@type\":\"Person\",\"@id\":\"https:\/\/www.tourenwagenjuniorcup.de\/en\/#\/schema\/person\/555d6c5113b5491d1fd53b653f9acf4c\",\"name\":\"Matthias Meyer\",\"image\":{\"@type\":\"ImageObject\",\"inLanguage\":\"en-US\",\"@id\":\"https:\/\/www.tourenwagenjuniorcup.de\/en\/#\/schema\/person\/image\/\",\"url\":\"https:\/\/secure.gravatar.com\/avatar\/4f7f88e9834655263977d4fa2e611bbaca4504a33c25d4bd6d973af7e9255f71?s=96&d=mm&r=g\",\"contentUrl\":\"https:\/\/secure.gravatar.com\/avatar\/4f7f88e9834655263977d4fa2e611bbaca4504a33c25d4bd6d973af7e9255f71?s=96&d=mm&r=g\",\"caption\":\"Matthias Meyer\"},\"url\":\"https:\/\/www.tourenwagenjuniorcup.de\/en\/author\/matthias\/\"}]}<\/script>\n<!-- \/ Yoast SEO plugin. -->","yoast_head_json":{"title":"Dreikampf an der Tabellenspitze geht weiter | ADAC Tourenwagen Junior Cup","robots":{"index":"index","follow":"follow","max-snippet":"max-snippet:-1","max-image-preview":"max-image-preview:large","max-video-preview":"max-video-preview:-1"},"canonical":"https:\/\/www.tourenwagenjuniorcup.de\/en\/dreikampf-an-der-tabellenspitze-geht-weiter\/","og_locale":"en_US","og_type":"article","og_title":"Dreikampf an der Tabellenspitze geht weiter | ADAC Tourenwagen Junior Cup","og_description":"Das vierte Rennwochenende des Tourenwagen Junior Cup f\u00fchrt die Teilnehmer in die Eifel, wo auf dem 5,148 Kilometer langen Grand-Prix-Kurs des N\u00fcrburgrings die Saisonrennen sieben und acht ausgetragen werden. Florian Vietze von Lubner Motorsport reist als Tabellenf\u00fchrer an, doch er sp\u00fcrt den Atem seiner Verfolger Daniel Gregor aus dem K\u00dcS Team Bernhard und Nick Hancke aus der Mannschaft Max Kruse ... Read More","og_url":"https:\/\/www.tourenwagenjuniorcup.de\/dreikampf-an-der-tabellenspitze-geht-weiter\/","og_site_name":"ADAC Tourenwagen Junior Cup","article_published_time":"2021-10-14T12:20:19+00:00","article_modified_time":"2021-12-03T15:16:56+00:00","og_image":[{"width":1920,"height":1280,"url":"https:\/\/www.tourenwagenjuniorcup.de\/wp-content\/uploads\/DSC_2338.jpg","type":"image\/jpeg"}],"author":"Matthias Meyer","twitter_card":"summary_large_image","twitter_misc":{"Written by":"Matthias Meyer"},"schema":{"@context":"https:\/\/schema.org","@graph":[{"@type":"WebPage","@id":"https:\/\/www.tourenwagenjuniorcup.de\/dreikampf-an-der-tabellenspitze-geht-weiter\/","url":"https:\/\/www.tourenwagenjuniorcup.de\/dreikampf-an-der-tabellenspitze-geht-weiter\/","name":"Dreikampf an der Tabellenspitze geht weiter | ADAC Tourenwagen Junior Cup","isPartOf":{"@id":"https:\/\/www.tourenwagenjuniorcup.de\/en\/#website"},"primaryImageOfPage":{"@id":"https:\/\/www.tourenwagenjuniorcup.de\/dreikampf-an-der-tabellenspitze-geht-weiter\/#primaryimage"},"image":{"@id":"https:\/\/www.tourenwagenjuniorcup.de\/dreikampf-an-der-tabellenspitze-geht-weiter\/#primaryimage"},"thumbnailUrl":"https:\/\/www.tourenwagenjuniorcup.de\/wp-content\/uploads\/DSC_2338.jpg","datePublished":"2021-10-14T12:20:19+00:00","dateModified":"2021-12-03T15:16:56+00:00","author":{"@id":"https:\/\/www.tourenwagenjuniorcup.de\/en\/#\/schema\/person\/555d6c5113b5491d1fd53b653f9acf4c"},"breadcrumb":{"@id":"https:\/\/www.tourenwagenjuniorcup.de\/dreikampf-an-der-tabellenspitze-geht-weiter\/#breadcrumb"},"inLanguage":"en-US","potentialAction":[{"@type":"ReadAction","target":["https:\/\/www.tourenwagenjuniorcup.de\/dreikampf-an-der-tabellenspitze-geht-weiter\/"]}]},{"@type":"ImageObject","inLanguage":"en-US","@id":"https:\/\/www.tourenwagenjuniorcup.de\/dreikampf-an-der-tabellenspitze-geht-weiter\/#primaryimage","url":"https:\/\/www.tourenwagenjuniorcup.de\/wp-content\/uploads\/DSC_2338.jpg","contentUrl":"https:\/\/www.tourenwagenjuniorcup.de\/wp-content\/uploads\/DSC_2338.jpg","width":1920,"height":1280},{"@type":"BreadcrumbList","@id":"https:\/\/www.tourenwagenjuniorcup.de\/dreikampf-an-der-tabellenspitze-geht-weiter\/#breadcrumb","itemListElement":[{"@type":"ListItem","position":1,"name":"Startseite","item":"https:\/\/www.tourenwagenjuniorcup.de\/en\/"},{"@type":"ListItem","position":2,"name":"Dreikampf an der Tabellenspitze geht weiter"}]},{"@type":"WebSite","@id":"https:\/\/www.tourenwagenjuniorcup.de\/en\/#website","url":"https:\/\/www.tourenwagenjuniorcup.de\/en\/","name":"ADAC Tourenwagen Junior Cup","description":"Der ADAC Tourenwagen Junior Cup ist die deutsche Nachwuchsliga und dein Sprungbrett in den Profi-Sport.","potentialAction":[{"@type":"SearchAction","target":{"@type":"EntryPoint","urlTemplate":"https:\/\/www.tourenwagenjuniorcup.de\/en\/?s={search_term_string}"},"query-input":{"@type":"PropertyValueSpecification","valueRequired":true,"valueName":"search_term_string"}}],"inLanguage":"en-US"},{"@type":"Person","@id":"https:\/\/www.tourenwagenjuniorcup.de\/en\/#\/schema\/person\/555d6c5113b5491d1fd53b653f9acf4c","name":"Matthias Meyer","image":{"@type":"ImageObject","inLanguage":"en-US","@id":"https:\/\/www.tourenwagenjuniorcup.de\/en\/#\/schema\/person\/image\/","url":"https:\/\/secure.gravatar.com\/avatar\/4f7f88e9834655263977d4fa2e611bbaca4504a33c25d4bd6d973af7e9255f71?s=96&d=mm&r=g","contentUrl":"https:\/\/secure.gravatar.com\/avatar\/4f7f88e9834655263977d4fa2e611bbaca4504a33c25d4bd6d973af7e9255f71?s=96&d=mm&r=g","caption":"Matthias Meyer"},"url":"https:\/\/www.tourenwagenjuniorcup.de\/en\/author\/matthias\/"}]}},"_links":{"self":[{"href":"https:\/\/www.tourenwagenjuniorcup.de\/en\/wp-json\/wp\/v2\/posts\/1739","targetHints":{"allow":["GET"]}}],"collection":[{"href":"https:\/\/www.tourenwagenjuniorcup.de\/en\/wp-json\/wp\/v2\/posts"}],"about":[{"href":"https:\/\/www.tourenwagenjuniorcup.de\/en\/wp-json\/wp\/v2\/types\/post"}],"author":[{"embeddable":true,"href":"https:\/\/www.tourenwagenjuniorcup.de\/en\/wp-json\/wp\/v2\/users\/3"}],"replies":[{"embeddable":true,"href":"https:\/\/www.tourenwagenjuniorcup.de\/en\/wp-json\/wp\/v2\/comments?post=1739"}],"version-history":[{"count":2,"href":"https:\/\/www.tourenwagenjuniorcup.de\/en\/wp-json\/wp\/v2\/posts\/1739\/revisions"}],"predecessor-version":[{"id":1742,"href":"https:\/\/www.tourenwagenjuniorcup.de\/en\/wp-json\/wp\/v2\/posts\/1739\/revisions\/1742"}],"wp:featuredmedia":[{"embeddable":true,"href":"https:\/\/www.tourenwagenjuniorcup.de\/en\/wp-json\/wp\/v2\/media\/1506"}],"wp:attachment":[{"href":"https:\/\/www.tourenwagenjuniorcup.de\/en\/wp-json\/wp\/v2\/media?parent=1739"}],"wp:term":[{"taxonomy":"category","embeddable":true,"href":"https:\/\/www.tourenwagenjuniorcup.de\/en\/wp-json\/wp\/v2\/categories?post=1739"},{"taxonomy":"post_tag","embeddable":true,"href":"https:\/\/www.tourenwagenjuniorcup.de\/en\/wp-json\/wp\/v2\/tags?post=1739"}],"curies":[{"name":"wp","href":"https:\/\/api.w.org\/{rel}","templated":true}]}}