{"id":1743,"date":"2021-10-15T12:03:39","date_gmt":"2021-10-15T12:03:39","guid":{"rendered":"https:\/\/www.tourenwagenjuniorcup.de\/?p=1743"},"modified":"2021-10-15T12:04:47","modified_gmt":"2021-10-15T12:04:47","slug":"daniel-gregor-steile-lernkurve-im-auto%e2%80%a8%e2%80%a8","status":"publish","type":"post","link":"https:\/\/www.tourenwagenjuniorcup.de\/daniel-gregor-steile-lernkurve-im-auto\/","title":{"rendered":"Daniel Gregor: \u201eSteile Lernkurve im Auto\u201c\u2028\u2028"},"content":{"rendered":"<div id=\"cs-content\" class=\"cs-content\"><\/div>\n","protected":false},"excerpt":{"rendered":"<p>An den ersten drei Rennwochenenden des Tourenwagen Junior Cup schauten alle gespannt darauf, wie Daniel Gregor mit der jeweiligen Strecke zurecht kommen w\u00fcrde. Er gilt nicht nur als einer der hei\u00dfesten Titelaspiranten, sondern auch als sehr fairer Fahrer. Am N\u00fcrburgring will er wieder punkten und die Tabellenf\u00fchrung zur\u00fcck erobern. Die Meisterschaftsentscheidung im Tourenwagen Junior Cup f\u00e4llt an den zwei noch &#8230; <\/p>\n<div><a href=\"https:\/\/www.tourenwagenjuniorcup.de\/daniel-gregor-steile-lernkurve-im-auto\/\" class=\"more-link\">Read More<\/a><\/div>\n","protected":false},"author":3,"featured_media":1746,"comment_status":"closed","ping_status":"closed","sticky":false,"template":"","format":"standard","meta":{"footnotes":""},"categories":[3],"tags":[27,26,25,36,37,17],"class_list":["post-1743","post","type-post","status-publish","format-standard","has-post-thumbnail","hentry","category-unkategorisiert","tag-adac-racing-weekend","tag-adac-stiftung-sport","tag-daniel-gregor","tag-kues-team-bernhard","tag-nuerurgring","tag-tourenwagen-junior-cup"],"yoast_head":"<!-- This site is optimized with the Yoast SEO plugin v25.9 - https:\/\/yoast.com\/wordpress\/plugins\/seo\/ -->\n<title>Daniel Gregor: \u201eSteile Lernkurve im Auto\u201c\u2028\u2028 | ADAC Tourenwagen Junior Cup<\/title>\n<meta name=\"robots\" content=\"index, follow, max-snippet:-1, max-image-preview:large, max-video-preview:-1\" \/>\n<link rel=\"canonical\" href=\"https:\/\/www.tourenwagenjuniorcup.de\/en\/daniel-gregor-steile-lernkurve-im-auto\/\" \/>\n<meta property=\"og:locale\" content=\"en_US\" \/>\n<meta property=\"og:type\" content=\"article\" \/>\n<meta property=\"og:title\" content=\"Daniel Gregor: \u201eSteile Lernkurve im Auto\u201c\u2028\u2028 | ADAC Tourenwagen Junior Cup\" \/>\n<meta property=\"og:description\" content=\"An den ersten drei Rennwochenenden des Tourenwagen Junior Cup schauten alle gespannt darauf, wie Daniel Gregor mit der jeweiligen Strecke zurecht kommen w\u00fcrde. Er gilt nicht nur als einer der hei\u00dfesten Titelaspiranten, sondern auch als sehr fairer Fahrer. Am N\u00fcrburgring will er wieder punkten und die Tabellenf\u00fchrung zur\u00fcck erobern. Die Meisterschaftsentscheidung im Tourenwagen Junior Cup f\u00e4llt an den zwei noch ... Read More\" \/>\n<meta property=\"og:url\" content=\"https:\/\/www.tourenwagenjuniorcup.de\/daniel-gregor-steile-lernkurve-im-auto\/\" \/>\n<meta property=\"og:site_name\" content=\"ADAC Tourenwagen Junior Cup\" \/>\n<meta property=\"article:published_time\" content=\"2021-10-15T12:03:39+00:00\" \/>\n<meta property=\"article:modified_time\" content=\"2021-10-15T12:04:47+00:00\" \/>\n<meta property=\"og:image\" content=\"https:\/\/www.tourenwagenjuniorcup.de\/wp-content\/uploads\/DSC_0050.jpg\" \/>\n\t<meta property=\"og:image:width\" content=\"1920\" \/>\n\t<meta property=\"og:image:height\" content=\"1261\" \/>\n\t<meta property=\"og:image:type\" content=\"image\/jpeg\" \/>\n<meta name=\"author\" content=\"Matthias Meyer\" \/>\n<meta name=\"twitter:card\" content=\"summary_large_image\" \/>\n<meta name=\"twitter:label1\" content=\"Written by\" \/>\n\t<meta name=\"twitter:data1\" content=\"Matthias Meyer\" \/>\n<script type=\"application\/ld+json\" class=\"yoast-schema-graph\">{\"@context\":\"https:\/\/schema.org\",\"@graph\":[{\"@type\":\"WebPage\",\"@id\":\"https:\/\/www.tourenwagenjuniorcup.de\/daniel-gregor-steile-lernkurve-im-auto\/\",\"url\":\"https:\/\/www.tourenwagenjuniorcup.de\/daniel-gregor-steile-lernkurve-im-auto\/\",\"name\":\"Daniel Gregor: \u201eSteile Lernkurve im Auto\u201c\\u2028\\u2028 | ADAC Tourenwagen Junior Cup\",\"isPartOf\":{\"@id\":\"https:\/\/www.tourenwagenjuniorcup.de\/en\/#website\"},\"primaryImageOfPage\":{\"@id\":\"https:\/\/www.tourenwagenjuniorcup.de\/daniel-gregor-steile-lernkurve-im-auto\/#primaryimage\"},\"image\":{\"@id\":\"https:\/\/www.tourenwagenjuniorcup.de\/daniel-gregor-steile-lernkurve-im-auto\/#primaryimage\"},\"thumbnailUrl\":\"https:\/\/www.tourenwagenjuniorcup.de\/wp-content\/uploads\/DSC_0050.jpg\",\"datePublished\":\"2021-10-15T12:03:39+00:00\",\"dateModified\":\"2021-10-15T12:04:47+00:00\",\"author\":{\"@id\":\"https:\/\/www.tourenwagenjuniorcup.de\/en\/#\/schema\/person\/555d6c5113b5491d1fd53b653f9acf4c\"},\"breadcrumb\":{\"@id\":\"https:\/\/www.tourenwagenjuniorcup.de\/daniel-gregor-steile-lernkurve-im-auto\/#breadcrumb\"},\"inLanguage\":\"en-US\",\"potentialAction\":[{\"@type\":\"ReadAction\",\"target\":[\"https:\/\/www.tourenwagenjuniorcup.de\/daniel-gregor-steile-lernkurve-im-auto\/\"]}]},{\"@type\":\"ImageObject\",\"inLanguage\":\"en-US\",\"@id\":\"https:\/\/www.tourenwagenjuniorcup.de\/daniel-gregor-steile-lernkurve-im-auto\/#primaryimage\",\"url\":\"https:\/\/www.tourenwagenjuniorcup.de\/wp-content\/uploads\/DSC_0050.jpg\",\"contentUrl\":\"https:\/\/www.tourenwagenjuniorcup.de\/wp-content\/uploads\/DSC_0050.jpg\",\"width\":1920,\"height\":1261},{\"@type\":\"BreadcrumbList\",\"@id\":\"https:\/\/www.tourenwagenjuniorcup.de\/daniel-gregor-steile-lernkurve-im-auto\/#breadcrumb\",\"itemListElement\":[{\"@type\":\"ListItem\",\"position\":1,\"name\":\"Startseite\",\"item\":\"https:\/\/www.tourenwagenjuniorcup.de\/en\/\"},{\"@type\":\"ListItem\",\"position\":2,\"name\":\"Daniel Gregor: \u201eSteile Lernkurve im Auto\u201c\\u2028\\u2028\"}]},{\"@type\":\"WebSite\",\"@id\":\"https:\/\/www.tourenwagenjuniorcup.de\/en\/#website\",\"url\":\"https:\/\/www.tourenwagenjuniorcup.de\/en\/\",\"name\":\"ADAC Tourenwagen Junior Cup\",\"description\":\"Der ADAC Tourenwagen Junior Cup ist die deutsche Nachwuchsliga und dein Sprungbrett in den Profi-Sport.\",\"potentialAction\":[{\"@type\":\"SearchAction\",\"target\":{\"@type\":\"EntryPoint\",\"urlTemplate\":\"https:\/\/www.tourenwagenjuniorcup.de\/en\/?s={search_term_string}\"},\"query-input\":{\"@type\":\"PropertyValueSpecification\",\"valueRequired\":true,\"valueName\":\"search_term_string\"}}],\"inLanguage\":\"en-US\"},{\"@type\":\"Person\",\"@id\":\"https:\/\/www.tourenwagenjuniorcup.de\/en\/#\/schema\/person\/555d6c5113b5491d1fd53b653f9acf4c\",\"name\":\"Matthias Meyer\",\"image\":{\"@type\":\"ImageObject\",\"inLanguage\":\"en-US\",\"@id\":\"https:\/\/www.tourenwagenjuniorcup.de\/en\/#\/schema\/person\/image\/\",\"url\":\"https:\/\/secure.gravatar.com\/avatar\/4f7f88e9834655263977d4fa2e611bbaca4504a33c25d4bd6d973af7e9255f71?s=96&d=mm&r=g\",\"contentUrl\":\"https:\/\/secure.gravatar.com\/avatar\/4f7f88e9834655263977d4fa2e611bbaca4504a33c25d4bd6d973af7e9255f71?s=96&d=mm&r=g\",\"caption\":\"Matthias Meyer\"},\"url\":\"https:\/\/www.tourenwagenjuniorcup.de\/en\/author\/matthias\/\"}]}<\/script>\n<!-- \/ Yoast SEO plugin. -->","yoast_head_json":{"title":"Daniel Gregor: \u201eSteile Lernkurve im Auto\u201c\u2028\u2028 | ADAC Tourenwagen Junior Cup","robots":{"index":"index","follow":"follow","max-snippet":"max-snippet:-1","max-image-preview":"max-image-preview:large","max-video-preview":"max-video-preview:-1"},"canonical":"https:\/\/www.tourenwagenjuniorcup.de\/en\/daniel-gregor-steile-lernkurve-im-auto\/","og_locale":"en_US","og_type":"article","og_title":"Daniel Gregor: \u201eSteile Lernkurve im Auto\u201c\u2028\u2028 | ADAC Tourenwagen Junior Cup","og_description":"An den ersten drei Rennwochenenden des Tourenwagen Junior Cup schauten alle gespannt darauf, wie Daniel Gregor mit der jeweiligen Strecke zurecht kommen w\u00fcrde. Er gilt nicht nur als einer der hei\u00dfesten Titelaspiranten, sondern auch als sehr fairer Fahrer. Am N\u00fcrburgring will er wieder punkten und die Tabellenf\u00fchrung zur\u00fcck erobern. Die Meisterschaftsentscheidung im Tourenwagen Junior Cup f\u00e4llt an den zwei noch ... Read More","og_url":"https:\/\/www.tourenwagenjuniorcup.de\/daniel-gregor-steile-lernkurve-im-auto\/","og_site_name":"ADAC Tourenwagen Junior Cup","article_published_time":"2021-10-15T12:03:39+00:00","article_modified_time":"2021-10-15T12:04:47+00:00","og_image":[{"width":1920,"height":1261,"url":"https:\/\/www.tourenwagenjuniorcup.de\/wp-content\/uploads\/DSC_0050.jpg","type":"image\/jpeg"}],"author":"Matthias Meyer","twitter_card":"summary_large_image","twitter_misc":{"Written by":"Matthias Meyer"},"schema":{"@context":"https:\/\/schema.org","@graph":[{"@type":"WebPage","@id":"https:\/\/www.tourenwagenjuniorcup.de\/daniel-gregor-steile-lernkurve-im-auto\/","url":"https:\/\/www.tourenwagenjuniorcup.de\/daniel-gregor-steile-lernkurve-im-auto\/","name":"Daniel Gregor: \u201eSteile Lernkurve im Auto\u201c\u2028\u2028 | ADAC Tourenwagen Junior Cup","isPartOf":{"@id":"https:\/\/www.tourenwagenjuniorcup.de\/en\/#website"},"primaryImageOfPage":{"@id":"https:\/\/www.tourenwagenjuniorcup.de\/daniel-gregor-steile-lernkurve-im-auto\/#primaryimage"},"image":{"@id":"https:\/\/www.tourenwagenjuniorcup.de\/daniel-gregor-steile-lernkurve-im-auto\/#primaryimage"},"thumbnailUrl":"https:\/\/www.tourenwagenjuniorcup.de\/wp-content\/uploads\/DSC_0050.jpg","datePublished":"2021-10-15T12:03:39+00:00","dateModified":"2021-10-15T12:04:47+00:00","author":{"@id":"https:\/\/www.tourenwagenjuniorcup.de\/en\/#\/schema\/person\/555d6c5113b5491d1fd53b653f9acf4c"},"breadcrumb":{"@id":"https:\/\/www.tourenwagenjuniorcup.de\/daniel-gregor-steile-lernkurve-im-auto\/#breadcrumb"},"inLanguage":"en-US","potentialAction":[{"@type":"ReadAction","target":["https:\/\/www.tourenwagenjuniorcup.de\/daniel-gregor-steile-lernkurve-im-auto\/"]}]},{"@type":"ImageObject","inLanguage":"en-US","@id":"https:\/\/www.tourenwagenjuniorcup.de\/daniel-gregor-steile-lernkurve-im-auto\/#primaryimage","url":"https:\/\/www.tourenwagenjuniorcup.de\/wp-content\/uploads\/DSC_0050.jpg","contentUrl":"https:\/\/www.tourenwagenjuniorcup.de\/wp-content\/uploads\/DSC_0050.jpg","width":1920,"height":1261},{"@type":"BreadcrumbList","@id":"https:\/\/www.tourenwagenjuniorcup.de\/daniel-gregor-steile-lernkurve-im-auto\/#breadcrumb","itemListElement":[{"@type":"ListItem","position":1,"name":"Startseite","item":"https:\/\/www.tourenwagenjuniorcup.de\/en\/"},{"@type":"ListItem","position":2,"name":"Daniel Gregor: \u201eSteile Lernkurve im Auto\u201c\u2028\u2028"}]},{"@type":"WebSite","@id":"https:\/\/www.tourenwagenjuniorcup.de\/en\/#website","url":"https:\/\/www.tourenwagenjuniorcup.de\/en\/","name":"ADAC Tourenwagen Junior Cup","description":"Der ADAC Tourenwagen Junior Cup ist die deutsche Nachwuchsliga und dein Sprungbrett in den Profi-Sport.","potentialAction":[{"@type":"SearchAction","target":{"@type":"EntryPoint","urlTemplate":"https:\/\/www.tourenwagenjuniorcup.de\/en\/?s={search_term_string}"},"query-input":{"@type":"PropertyValueSpecification","valueRequired":true,"valueName":"search_term_string"}}],"inLanguage":"en-US"},{"@type":"Person","@id":"https:\/\/www.tourenwagenjuniorcup.de\/en\/#\/schema\/person\/555d6c5113b5491d1fd53b653f9acf4c","name":"Matthias Meyer","image":{"@type":"ImageObject","inLanguage":"en-US","@id":"https:\/\/www.tourenwagenjuniorcup.de\/en\/#\/schema\/person\/image\/","url":"https:\/\/secure.gravatar.com\/avatar\/4f7f88e9834655263977d4fa2e611bbaca4504a33c25d4bd6d973af7e9255f71?s=96&d=mm&r=g","contentUrl":"https:\/\/secure.gravatar.com\/avatar\/4f7f88e9834655263977d4fa2e611bbaca4504a33c25d4bd6d973af7e9255f71?s=96&d=mm&r=g","caption":"Matthias Meyer"},"url":"https:\/\/www.tourenwagenjuniorcup.de\/en\/author\/matthias\/"}]}},"_links":{"self":[{"href":"https:\/\/www.tourenwagenjuniorcup.de\/en\/wp-json\/wp\/v2\/posts\/1743","targetHints":{"allow":["GET"]}}],"collection":[{"href":"https:\/\/www.tourenwagenjuniorcup.de\/en\/wp-json\/wp\/v2\/posts"}],"about":[{"href":"https:\/\/www.tourenwagenjuniorcup.de\/en\/wp-json\/wp\/v2\/types\/post"}],"author":[{"embeddable":true,"href":"https:\/\/www.tourenwagenjuniorcup.de\/en\/wp-json\/wp\/v2\/users\/3"}],"replies":[{"embeddable":true,"href":"https:\/\/www.tourenwagenjuniorcup.de\/en\/wp-json\/wp\/v2\/comments?post=1743"}],"version-history":[{"count":2,"href":"https:\/\/www.tourenwagenjuniorcup.de\/en\/wp-json\/wp\/v2\/posts\/1743\/revisions"}],"predecessor-version":[{"id":1745,"href":"https:\/\/www.tourenwagenjuniorcup.de\/en\/wp-json\/wp\/v2\/posts\/1743\/revisions\/1745"}],"wp:featuredmedia":[{"embeddable":true,"href":"https:\/\/www.tourenwagenjuniorcup.de\/en\/wp-json\/wp\/v2\/media\/1746"}],"wp:attachment":[{"href":"https:\/\/www.tourenwagenjuniorcup.de\/en\/wp-json\/wp\/v2\/media?parent=1743"}],"wp:term":[{"taxonomy":"category","embeddable":true,"href":"https:\/\/www.tourenwagenjuniorcup.de\/en\/wp-json\/wp\/v2\/categories?post=1743"},{"taxonomy":"post_tag","embeddable":true,"href":"https:\/\/www.tourenwagenjuniorcup.de\/en\/wp-json\/wp\/v2\/tags?post=1743"}],"curies":[{"name":"wp","href":"https:\/\/api.w.org\/{rel}","templated":true}]}}