{"id":1762,"date":"2021-10-17T07:43:38","date_gmt":"2021-10-17T07:43:38","guid":{"rendered":"https:\/\/www.tourenwagenjuniorcup.de\/?p=1762"},"modified":"2021-10-17T07:52:36","modified_gmt":"2021-10-17T07:52:36","slug":"roelleke-auf-pole-olsen-und-vietze-knapp-dahinter","status":"publish","type":"post","link":"https:\/\/www.tourenwagenjuniorcup.de\/roelleke-auf-pole-olsen-und-vietze-knapp-dahinter\/","title":{"rendered":"R\u00d6LLEKE AUF POLE, OLSEN UND VIETZE KNAPP DAHINTER"},"content":{"rendered":"<div id=\"cs-content\" class=\"cs-content\"><\/div>\n","protected":false},"excerpt":{"rendered":"<p>Tim R\u00f6lleke hat sich f\u00fcr das zweite Rennen des Tourenwagen Junior Cup am N\u00fcrburgring die Pole Position und den dazu geh\u00f6renden Extrapunkt f\u00fcr die Meisterschaft gesichert. Das erste Mal aus Startreihe 1 geht der D\u00e4ne Elias Olsen in ein Rennen der Nachwuchsserie. Florian Vietze und Daniel Gregor starten aus der zweiten Reihe. \u2028\u2028 Die VW up! GTI Cup des Tourenwagen &#8230; <\/p>\n<div><a href=\"https:\/\/www.tourenwagenjuniorcup.de\/roelleke-auf-pole-olsen-und-vietze-knapp-dahinter\/\" class=\"more-link\">Read More<\/a><\/div>\n","protected":false},"author":3,"featured_media":1763,"comment_status":"closed","ping_status":"closed","sticky":false,"template":"","format":"standard","meta":{"footnotes":""},"categories":[3],"tags":[27,34,29,17,21],"class_list":["post-1762","post","type-post","status-publish","format-standard","has-post-thumbnail","hentry","category-unkategorisiert","tag-adac-racing-weekend","tag-nuerburgring","tag-tim-roelleke","tag-tourenwagen-junior-cup","tag-vw-up-gti"],"yoast_head":"<!-- This site is optimized with the Yoast SEO plugin v25.9 - https:\/\/yoast.com\/wordpress\/plugins\/seo\/ -->\n<title>R\u00d6LLEKE AUF POLE, OLSEN UND VIETZE KNAPP DAHINTER | ADAC Tourenwagen Junior Cup<\/title>\n<meta name=\"robots\" content=\"index, follow, max-snippet:-1, max-image-preview:large, max-video-preview:-1\" \/>\n<link rel=\"canonical\" href=\"https:\/\/www.tourenwagenjuniorcup.de\/en\/roelleke-auf-pole-olsen-und-vietze-knapp-dahinter\/\" \/>\n<meta property=\"og:locale\" content=\"en_US\" \/>\n<meta property=\"og:type\" content=\"article\" \/>\n<meta property=\"og:title\" content=\"R\u00d6LLEKE AUF POLE, OLSEN UND VIETZE KNAPP DAHINTER | ADAC Tourenwagen Junior Cup\" \/>\n<meta property=\"og:description\" content=\"Tim R\u00f6lleke hat sich f\u00fcr das zweite Rennen des Tourenwagen Junior Cup am N\u00fcrburgring die Pole Position und den dazu geh\u00f6renden Extrapunkt f\u00fcr die Meisterschaft gesichert. Das erste Mal aus Startreihe 1 geht der D\u00e4ne Elias Olsen in ein Rennen der Nachwuchsserie. Florian Vietze und Daniel Gregor starten aus der zweiten Reihe. \u2028\u2028 Die VW up! GTI Cup des Tourenwagen ... Read More\" \/>\n<meta property=\"og:url\" content=\"https:\/\/www.tourenwagenjuniorcup.de\/roelleke-auf-pole-olsen-und-vietze-knapp-dahinter\/\" \/>\n<meta property=\"og:site_name\" content=\"ADAC Tourenwagen Junior Cup\" \/>\n<meta property=\"article:published_time\" content=\"2021-10-17T07:43:38+00:00\" \/>\n<meta property=\"article:modified_time\" content=\"2021-10-17T07:52:36+00:00\" \/>\n<meta property=\"og:image\" content=\"https:\/\/www.tourenwagenjuniorcup.de\/wp-content\/uploads\/IMG_0388.jpg\" \/>\n\t<meta property=\"og:image:width\" content=\"1920\" \/>\n\t<meta property=\"og:image:height\" content=\"1229\" \/>\n\t<meta property=\"og:image:type\" content=\"image\/jpeg\" \/>\n<meta name=\"author\" content=\"Matthias Meyer\" \/>\n<meta name=\"twitter:card\" content=\"summary_large_image\" \/>\n<meta name=\"twitter:label1\" content=\"Written by\" \/>\n\t<meta name=\"twitter:data1\" content=\"Matthias Meyer\" \/>\n<script type=\"application\/ld+json\" class=\"yoast-schema-graph\">{\"@context\":\"https:\/\/schema.org\",\"@graph\":[{\"@type\":\"WebPage\",\"@id\":\"https:\/\/www.tourenwagenjuniorcup.de\/roelleke-auf-pole-olsen-und-vietze-knapp-dahinter\/\",\"url\":\"https:\/\/www.tourenwagenjuniorcup.de\/roelleke-auf-pole-olsen-und-vietze-knapp-dahinter\/\",\"name\":\"R\u00d6LLEKE AUF POLE, OLSEN UND VIETZE KNAPP DAHINTER | ADAC Tourenwagen Junior Cup\",\"isPartOf\":{\"@id\":\"https:\/\/www.tourenwagenjuniorcup.de\/en\/#website\"},\"primaryImageOfPage\":{\"@id\":\"https:\/\/www.tourenwagenjuniorcup.de\/roelleke-auf-pole-olsen-und-vietze-knapp-dahinter\/#primaryimage\"},\"image\":{\"@id\":\"https:\/\/www.tourenwagenjuniorcup.de\/roelleke-auf-pole-olsen-und-vietze-knapp-dahinter\/#primaryimage\"},\"thumbnailUrl\":\"https:\/\/www.tourenwagenjuniorcup.de\/wp-content\/uploads\/IMG_0388.jpg\",\"datePublished\":\"2021-10-17T07:43:38+00:00\",\"dateModified\":\"2021-10-17T07:52:36+00:00\",\"author\":{\"@id\":\"https:\/\/www.tourenwagenjuniorcup.de\/en\/#\/schema\/person\/555d6c5113b5491d1fd53b653f9acf4c\"},\"breadcrumb\":{\"@id\":\"https:\/\/www.tourenwagenjuniorcup.de\/roelleke-auf-pole-olsen-und-vietze-knapp-dahinter\/#breadcrumb\"},\"inLanguage\":\"en-US\",\"potentialAction\":[{\"@type\":\"ReadAction\",\"target\":[\"https:\/\/www.tourenwagenjuniorcup.de\/roelleke-auf-pole-olsen-und-vietze-knapp-dahinter\/\"]}]},{\"@type\":\"ImageObject\",\"inLanguage\":\"en-US\",\"@id\":\"https:\/\/www.tourenwagenjuniorcup.de\/roelleke-auf-pole-olsen-und-vietze-knapp-dahinter\/#primaryimage\",\"url\":\"https:\/\/www.tourenwagenjuniorcup.de\/wp-content\/uploads\/IMG_0388.jpg\",\"contentUrl\":\"https:\/\/www.tourenwagenjuniorcup.de\/wp-content\/uploads\/IMG_0388.jpg\",\"width\":1920,\"height\":1229},{\"@type\":\"BreadcrumbList\",\"@id\":\"https:\/\/www.tourenwagenjuniorcup.de\/roelleke-auf-pole-olsen-und-vietze-knapp-dahinter\/#breadcrumb\",\"itemListElement\":[{\"@type\":\"ListItem\",\"position\":1,\"name\":\"Startseite\",\"item\":\"https:\/\/www.tourenwagenjuniorcup.de\/en\/\"},{\"@type\":\"ListItem\",\"position\":2,\"name\":\"R\u00d6LLEKE AUF POLE, OLSEN UND VIETZE KNAPP DAHINTER\"}]},{\"@type\":\"WebSite\",\"@id\":\"https:\/\/www.tourenwagenjuniorcup.de\/en\/#website\",\"url\":\"https:\/\/www.tourenwagenjuniorcup.de\/en\/\",\"name\":\"ADAC Tourenwagen Junior Cup\",\"description\":\"Der ADAC Tourenwagen Junior Cup ist die deutsche Nachwuchsliga und dein Sprungbrett in den Profi-Sport.\",\"potentialAction\":[{\"@type\":\"SearchAction\",\"target\":{\"@type\":\"EntryPoint\",\"urlTemplate\":\"https:\/\/www.tourenwagenjuniorcup.de\/en\/?s={search_term_string}\"},\"query-input\":{\"@type\":\"PropertyValueSpecification\",\"valueRequired\":true,\"valueName\":\"search_term_string\"}}],\"inLanguage\":\"en-US\"},{\"@type\":\"Person\",\"@id\":\"https:\/\/www.tourenwagenjuniorcup.de\/en\/#\/schema\/person\/555d6c5113b5491d1fd53b653f9acf4c\",\"name\":\"Matthias Meyer\",\"image\":{\"@type\":\"ImageObject\",\"inLanguage\":\"en-US\",\"@id\":\"https:\/\/www.tourenwagenjuniorcup.de\/en\/#\/schema\/person\/image\/\",\"url\":\"https:\/\/secure.gravatar.com\/avatar\/4f7f88e9834655263977d4fa2e611bbaca4504a33c25d4bd6d973af7e9255f71?s=96&d=mm&r=g\",\"contentUrl\":\"https:\/\/secure.gravatar.com\/avatar\/4f7f88e9834655263977d4fa2e611bbaca4504a33c25d4bd6d973af7e9255f71?s=96&d=mm&r=g\",\"caption\":\"Matthias Meyer\"},\"url\":\"https:\/\/www.tourenwagenjuniorcup.de\/en\/author\/matthias\/\"}]}<\/script>\n<!-- \/ Yoast SEO plugin. -->","yoast_head_json":{"title":"R\u00d6LLEKE AUF POLE, OLSEN UND VIETZE KNAPP DAHINTER | ADAC Tourenwagen Junior Cup","robots":{"index":"index","follow":"follow","max-snippet":"max-snippet:-1","max-image-preview":"max-image-preview:large","max-video-preview":"max-video-preview:-1"},"canonical":"https:\/\/www.tourenwagenjuniorcup.de\/en\/roelleke-auf-pole-olsen-und-vietze-knapp-dahinter\/","og_locale":"en_US","og_type":"article","og_title":"R\u00d6LLEKE AUF POLE, OLSEN UND VIETZE KNAPP DAHINTER | ADAC Tourenwagen Junior Cup","og_description":"Tim R\u00f6lleke hat sich f\u00fcr das zweite Rennen des Tourenwagen Junior Cup am N\u00fcrburgring die Pole Position und den dazu geh\u00f6renden Extrapunkt f\u00fcr die Meisterschaft gesichert. Das erste Mal aus Startreihe 1 geht der D\u00e4ne Elias Olsen in ein Rennen der Nachwuchsserie. Florian Vietze und Daniel Gregor starten aus der zweiten Reihe. \u2028\u2028 Die VW up! GTI Cup des Tourenwagen ... Read More","og_url":"https:\/\/www.tourenwagenjuniorcup.de\/roelleke-auf-pole-olsen-und-vietze-knapp-dahinter\/","og_site_name":"ADAC Tourenwagen Junior Cup","article_published_time":"2021-10-17T07:43:38+00:00","article_modified_time":"2021-10-17T07:52:36+00:00","og_image":[{"width":1920,"height":1229,"url":"https:\/\/www.tourenwagenjuniorcup.de\/wp-content\/uploads\/IMG_0388.jpg","type":"image\/jpeg"}],"author":"Matthias Meyer","twitter_card":"summary_large_image","twitter_misc":{"Written by":"Matthias Meyer"},"schema":{"@context":"https:\/\/schema.org","@graph":[{"@type":"WebPage","@id":"https:\/\/www.tourenwagenjuniorcup.de\/roelleke-auf-pole-olsen-und-vietze-knapp-dahinter\/","url":"https:\/\/www.tourenwagenjuniorcup.de\/roelleke-auf-pole-olsen-und-vietze-knapp-dahinter\/","name":"R\u00d6LLEKE AUF POLE, OLSEN UND VIETZE KNAPP DAHINTER | ADAC Tourenwagen Junior Cup","isPartOf":{"@id":"https:\/\/www.tourenwagenjuniorcup.de\/en\/#website"},"primaryImageOfPage":{"@id":"https:\/\/www.tourenwagenjuniorcup.de\/roelleke-auf-pole-olsen-und-vietze-knapp-dahinter\/#primaryimage"},"image":{"@id":"https:\/\/www.tourenwagenjuniorcup.de\/roelleke-auf-pole-olsen-und-vietze-knapp-dahinter\/#primaryimage"},"thumbnailUrl":"https:\/\/www.tourenwagenjuniorcup.de\/wp-content\/uploads\/IMG_0388.jpg","datePublished":"2021-10-17T07:43:38+00:00","dateModified":"2021-10-17T07:52:36+00:00","author":{"@id":"https:\/\/www.tourenwagenjuniorcup.de\/en\/#\/schema\/person\/555d6c5113b5491d1fd53b653f9acf4c"},"breadcrumb":{"@id":"https:\/\/www.tourenwagenjuniorcup.de\/roelleke-auf-pole-olsen-und-vietze-knapp-dahinter\/#breadcrumb"},"inLanguage":"en-US","potentialAction":[{"@type":"ReadAction","target":["https:\/\/www.tourenwagenjuniorcup.de\/roelleke-auf-pole-olsen-und-vietze-knapp-dahinter\/"]}]},{"@type":"ImageObject","inLanguage":"en-US","@id":"https:\/\/www.tourenwagenjuniorcup.de\/roelleke-auf-pole-olsen-und-vietze-knapp-dahinter\/#primaryimage","url":"https:\/\/www.tourenwagenjuniorcup.de\/wp-content\/uploads\/IMG_0388.jpg","contentUrl":"https:\/\/www.tourenwagenjuniorcup.de\/wp-content\/uploads\/IMG_0388.jpg","width":1920,"height":1229},{"@type":"BreadcrumbList","@id":"https:\/\/www.tourenwagenjuniorcup.de\/roelleke-auf-pole-olsen-und-vietze-knapp-dahinter\/#breadcrumb","itemListElement":[{"@type":"ListItem","position":1,"name":"Startseite","item":"https:\/\/www.tourenwagenjuniorcup.de\/en\/"},{"@type":"ListItem","position":2,"name":"R\u00d6LLEKE AUF POLE, OLSEN UND VIETZE KNAPP DAHINTER"}]},{"@type":"WebSite","@id":"https:\/\/www.tourenwagenjuniorcup.de\/en\/#website","url":"https:\/\/www.tourenwagenjuniorcup.de\/en\/","name":"ADAC Tourenwagen Junior Cup","description":"Der ADAC Tourenwagen Junior Cup ist die deutsche Nachwuchsliga und dein Sprungbrett in den Profi-Sport.","potentialAction":[{"@type":"SearchAction","target":{"@type":"EntryPoint","urlTemplate":"https:\/\/www.tourenwagenjuniorcup.de\/en\/?s={search_term_string}"},"query-input":{"@type":"PropertyValueSpecification","valueRequired":true,"valueName":"search_term_string"}}],"inLanguage":"en-US"},{"@type":"Person","@id":"https:\/\/www.tourenwagenjuniorcup.de\/en\/#\/schema\/person\/555d6c5113b5491d1fd53b653f9acf4c","name":"Matthias Meyer","image":{"@type":"ImageObject","inLanguage":"en-US","@id":"https:\/\/www.tourenwagenjuniorcup.de\/en\/#\/schema\/person\/image\/","url":"https:\/\/secure.gravatar.com\/avatar\/4f7f88e9834655263977d4fa2e611bbaca4504a33c25d4bd6d973af7e9255f71?s=96&d=mm&r=g","contentUrl":"https:\/\/secure.gravatar.com\/avatar\/4f7f88e9834655263977d4fa2e611bbaca4504a33c25d4bd6d973af7e9255f71?s=96&d=mm&r=g","caption":"Matthias Meyer"},"url":"https:\/\/www.tourenwagenjuniorcup.de\/en\/author\/matthias\/"}]}},"_links":{"self":[{"href":"https:\/\/www.tourenwagenjuniorcup.de\/en\/wp-json\/wp\/v2\/posts\/1762","targetHints":{"allow":["GET"]}}],"collection":[{"href":"https:\/\/www.tourenwagenjuniorcup.de\/en\/wp-json\/wp\/v2\/posts"}],"about":[{"href":"https:\/\/www.tourenwagenjuniorcup.de\/en\/wp-json\/wp\/v2\/types\/post"}],"author":[{"embeddable":true,"href":"https:\/\/www.tourenwagenjuniorcup.de\/en\/wp-json\/wp\/v2\/users\/3"}],"replies":[{"embeddable":true,"href":"https:\/\/www.tourenwagenjuniorcup.de\/en\/wp-json\/wp\/v2\/comments?post=1762"}],"version-history":[{"count":3,"href":"https:\/\/www.tourenwagenjuniorcup.de\/en\/wp-json\/wp\/v2\/posts\/1762\/revisions"}],"predecessor-version":[{"id":1766,"href":"https:\/\/www.tourenwagenjuniorcup.de\/en\/wp-json\/wp\/v2\/posts\/1762\/revisions\/1766"}],"wp:featuredmedia":[{"embeddable":true,"href":"https:\/\/www.tourenwagenjuniorcup.de\/en\/wp-json\/wp\/v2\/media\/1763"}],"wp:attachment":[{"href":"https:\/\/www.tourenwagenjuniorcup.de\/en\/wp-json\/wp\/v2\/media?parent=1762"}],"wp:term":[{"taxonomy":"category","embeddable":true,"href":"https:\/\/www.tourenwagenjuniorcup.de\/en\/wp-json\/wp\/v2\/categories?post=1762"},{"taxonomy":"post_tag","embeddable":true,"href":"https:\/\/www.tourenwagenjuniorcup.de\/en\/wp-json\/wp\/v2\/tags?post=1762"}],"curies":[{"name":"wp","href":"https:\/\/api.w.org\/{rel}","templated":true}]}}