{"id":1770,"date":"2021-10-17T17:59:06","date_gmt":"2021-10-17T17:59:06","guid":{"rendered":"https:\/\/www.tourenwagenjuniorcup.de\/?p=1770"},"modified":"2021-10-24T09:31:52","modified_gmt":"2021-10-24T09:31:52","slug":"zwei-triumphe-fuer-tim-roelleke","status":"publish","type":"post","link":"https:\/\/www.tourenwagenjuniorcup.de\/zwei-triumphe-fuer-tim-roelleke\/","title":{"rendered":"ZWEI TRIUMPHE F\u00dcR TIM R\u00d6LLEKE"},"content":{"rendered":"<div id=\"cs-content\" class=\"cs-content\"><\/div>\n","protected":false},"excerpt":{"rendered":"<p>An diesem Wochenende bestritt der Tourenwagen Junior Cup auf der Grand-Prix-Strecke des N\u00fcrburgrings die Saisonl\u00e4ufe sieben und acht. Auf dem 5,137 Kilometer langen Kurs in der Eifel machte Tim R\u00f6lleke die beste Figur, der Nachwuchspilot aus dem Team Konrad Motorsport durfte sich als Doppelsieger feiern lassen. Daniel Gregor begleitete ihn zweimal auf das Treppchen, Nick Hancke und Florian Vietze nahmen &#8230; <\/p>\n<div><a href=\"https:\/\/www.tourenwagenjuniorcup.de\/zwei-triumphe-fuer-tim-roelleke\/\" class=\"more-link\">Read More<\/a><\/div>\n","protected":false},"author":3,"featured_media":1859,"comment_status":"closed","ping_status":"closed","sticky":false,"template":"","format":"standard","meta":{"footnotes":""},"categories":[3],"tags":[27,34,29,17,21],"class_list":["post-1770","post","type-post","status-publish","format-standard","has-post-thumbnail","hentry","category-unkategorisiert","tag-adac-racing-weekend","tag-nuerburgring","tag-tim-roelleke","tag-tourenwagen-junior-cup","tag-vw-up-gti"],"yoast_head":"<!-- This site is optimized with the Yoast SEO plugin v25.9 - https:\/\/yoast.com\/wordpress\/plugins\/seo\/ -->\n<title>ZWEI TRIUMPHE F\u00dcR TIM R\u00d6LLEKE | ADAC Tourenwagen Junior Cup<\/title>\n<meta name=\"robots\" content=\"index, follow, max-snippet:-1, max-image-preview:large, max-video-preview:-1\" \/>\n<link rel=\"canonical\" href=\"https:\/\/www.tourenwagenjuniorcup.de\/en\/zwei-triumphe-fuer-tim-roelleke\/\" \/>\n<meta property=\"og:locale\" content=\"en_US\" \/>\n<meta property=\"og:type\" content=\"article\" \/>\n<meta property=\"og:title\" content=\"ZWEI TRIUMPHE F\u00dcR TIM R\u00d6LLEKE | ADAC Tourenwagen Junior Cup\" \/>\n<meta property=\"og:description\" content=\"An diesem Wochenende bestritt der Tourenwagen Junior Cup auf der Grand-Prix-Strecke des N\u00fcrburgrings die Saisonl\u00e4ufe sieben und acht. Auf dem 5,137 Kilometer langen Kurs in der Eifel machte Tim R\u00f6lleke die beste Figur, der Nachwuchspilot aus dem Team Konrad Motorsport durfte sich als Doppelsieger feiern lassen. Daniel Gregor begleitete ihn zweimal auf das Treppchen, Nick Hancke und Florian Vietze nahmen ... Read More\" \/>\n<meta property=\"og:url\" content=\"https:\/\/www.tourenwagenjuniorcup.de\/zwei-triumphe-fuer-tim-roelleke\/\" \/>\n<meta property=\"og:site_name\" content=\"ADAC Tourenwagen Junior Cup\" \/>\n<meta property=\"article:published_time\" content=\"2021-10-17T17:59:06+00:00\" \/>\n<meta property=\"article:modified_time\" content=\"2021-10-24T09:31:52+00:00\" \/>\n<meta property=\"og:image\" content=\"https:\/\/www.tourenwagenjuniorcup.de\/wp-content\/uploads\/DSC_6403_DxO.jpg\" \/>\n\t<meta property=\"og:image:width\" content=\"1920\" \/>\n\t<meta property=\"og:image:height\" content=\"1282\" \/>\n\t<meta property=\"og:image:type\" content=\"image\/jpeg\" \/>\n<meta name=\"author\" content=\"Matthias Meyer\" \/>\n<meta name=\"twitter:card\" content=\"summary_large_image\" \/>\n<meta name=\"twitter:label1\" content=\"Written by\" \/>\n\t<meta name=\"twitter:data1\" content=\"Matthias Meyer\" \/>\n<script type=\"application\/ld+json\" class=\"yoast-schema-graph\">{\"@context\":\"https:\/\/schema.org\",\"@graph\":[{\"@type\":\"WebPage\",\"@id\":\"https:\/\/www.tourenwagenjuniorcup.de\/zwei-triumphe-fuer-tim-roelleke\/\",\"url\":\"https:\/\/www.tourenwagenjuniorcup.de\/zwei-triumphe-fuer-tim-roelleke\/\",\"name\":\"ZWEI TRIUMPHE F\u00dcR TIM R\u00d6LLEKE | ADAC Tourenwagen Junior Cup\",\"isPartOf\":{\"@id\":\"https:\/\/www.tourenwagenjuniorcup.de\/en\/#website\"},\"primaryImageOfPage\":{\"@id\":\"https:\/\/www.tourenwagenjuniorcup.de\/zwei-triumphe-fuer-tim-roelleke\/#primaryimage\"},\"image\":{\"@id\":\"https:\/\/www.tourenwagenjuniorcup.de\/zwei-triumphe-fuer-tim-roelleke\/#primaryimage\"},\"thumbnailUrl\":\"https:\/\/www.tourenwagenjuniorcup.de\/wp-content\/uploads\/DSC_6403_DxO.jpg\",\"datePublished\":\"2021-10-17T17:59:06+00:00\",\"dateModified\":\"2021-10-24T09:31:52+00:00\",\"author\":{\"@id\":\"https:\/\/www.tourenwagenjuniorcup.de\/en\/#\/schema\/person\/555d6c5113b5491d1fd53b653f9acf4c\"},\"breadcrumb\":{\"@id\":\"https:\/\/www.tourenwagenjuniorcup.de\/zwei-triumphe-fuer-tim-roelleke\/#breadcrumb\"},\"inLanguage\":\"en-US\",\"potentialAction\":[{\"@type\":\"ReadAction\",\"target\":[\"https:\/\/www.tourenwagenjuniorcup.de\/zwei-triumphe-fuer-tim-roelleke\/\"]}]},{\"@type\":\"ImageObject\",\"inLanguage\":\"en-US\",\"@id\":\"https:\/\/www.tourenwagenjuniorcup.de\/zwei-triumphe-fuer-tim-roelleke\/#primaryimage\",\"url\":\"https:\/\/www.tourenwagenjuniorcup.de\/wp-content\/uploads\/DSC_6403_DxO.jpg\",\"contentUrl\":\"https:\/\/www.tourenwagenjuniorcup.de\/wp-content\/uploads\/DSC_6403_DxO.jpg\",\"width\":1920,\"height\":1282},{\"@type\":\"BreadcrumbList\",\"@id\":\"https:\/\/www.tourenwagenjuniorcup.de\/zwei-triumphe-fuer-tim-roelleke\/#breadcrumb\",\"itemListElement\":[{\"@type\":\"ListItem\",\"position\":1,\"name\":\"Startseite\",\"item\":\"https:\/\/www.tourenwagenjuniorcup.de\/en\/\"},{\"@type\":\"ListItem\",\"position\":2,\"name\":\"ZWEI TRIUMPHE F\u00dcR TIM R\u00d6LLEKE\"}]},{\"@type\":\"WebSite\",\"@id\":\"https:\/\/www.tourenwagenjuniorcup.de\/en\/#website\",\"url\":\"https:\/\/www.tourenwagenjuniorcup.de\/en\/\",\"name\":\"ADAC Tourenwagen Junior Cup\",\"description\":\"Der ADAC Tourenwagen Junior Cup ist die deutsche Nachwuchsliga und dein Sprungbrett in den Profi-Sport.\",\"potentialAction\":[{\"@type\":\"SearchAction\",\"target\":{\"@type\":\"EntryPoint\",\"urlTemplate\":\"https:\/\/www.tourenwagenjuniorcup.de\/en\/?s={search_term_string}\"},\"query-input\":{\"@type\":\"PropertyValueSpecification\",\"valueRequired\":true,\"valueName\":\"search_term_string\"}}],\"inLanguage\":\"en-US\"},{\"@type\":\"Person\",\"@id\":\"https:\/\/www.tourenwagenjuniorcup.de\/en\/#\/schema\/person\/555d6c5113b5491d1fd53b653f9acf4c\",\"name\":\"Matthias Meyer\",\"image\":{\"@type\":\"ImageObject\",\"inLanguage\":\"en-US\",\"@id\":\"https:\/\/www.tourenwagenjuniorcup.de\/en\/#\/schema\/person\/image\/\",\"url\":\"https:\/\/secure.gravatar.com\/avatar\/4f7f88e9834655263977d4fa2e611bbaca4504a33c25d4bd6d973af7e9255f71?s=96&d=mm&r=g\",\"contentUrl\":\"https:\/\/secure.gravatar.com\/avatar\/4f7f88e9834655263977d4fa2e611bbaca4504a33c25d4bd6d973af7e9255f71?s=96&d=mm&r=g\",\"caption\":\"Matthias Meyer\"},\"url\":\"https:\/\/www.tourenwagenjuniorcup.de\/en\/author\/matthias\/\"}]}<\/script>\n<!-- \/ Yoast SEO plugin. -->","yoast_head_json":{"title":"ZWEI TRIUMPHE F\u00dcR TIM R\u00d6LLEKE | ADAC Tourenwagen Junior Cup","robots":{"index":"index","follow":"follow","max-snippet":"max-snippet:-1","max-image-preview":"max-image-preview:large","max-video-preview":"max-video-preview:-1"},"canonical":"https:\/\/www.tourenwagenjuniorcup.de\/en\/zwei-triumphe-fuer-tim-roelleke\/","og_locale":"en_US","og_type":"article","og_title":"ZWEI TRIUMPHE F\u00dcR TIM R\u00d6LLEKE | ADAC Tourenwagen Junior Cup","og_description":"An diesem Wochenende bestritt der Tourenwagen Junior Cup auf der Grand-Prix-Strecke des N\u00fcrburgrings die Saisonl\u00e4ufe sieben und acht. Auf dem 5,137 Kilometer langen Kurs in der Eifel machte Tim R\u00f6lleke die beste Figur, der Nachwuchspilot aus dem Team Konrad Motorsport durfte sich als Doppelsieger feiern lassen. Daniel Gregor begleitete ihn zweimal auf das Treppchen, Nick Hancke und Florian Vietze nahmen ... Read More","og_url":"https:\/\/www.tourenwagenjuniorcup.de\/zwei-triumphe-fuer-tim-roelleke\/","og_site_name":"ADAC Tourenwagen Junior Cup","article_published_time":"2021-10-17T17:59:06+00:00","article_modified_time":"2021-10-24T09:31:52+00:00","og_image":[{"width":1920,"height":1282,"url":"https:\/\/www.tourenwagenjuniorcup.de\/wp-content\/uploads\/DSC_6403_DxO.jpg","type":"image\/jpeg"}],"author":"Matthias Meyer","twitter_card":"summary_large_image","twitter_misc":{"Written by":"Matthias Meyer"},"schema":{"@context":"https:\/\/schema.org","@graph":[{"@type":"WebPage","@id":"https:\/\/www.tourenwagenjuniorcup.de\/zwei-triumphe-fuer-tim-roelleke\/","url":"https:\/\/www.tourenwagenjuniorcup.de\/zwei-triumphe-fuer-tim-roelleke\/","name":"ZWEI TRIUMPHE F\u00dcR TIM R\u00d6LLEKE | ADAC Tourenwagen Junior Cup","isPartOf":{"@id":"https:\/\/www.tourenwagenjuniorcup.de\/en\/#website"},"primaryImageOfPage":{"@id":"https:\/\/www.tourenwagenjuniorcup.de\/zwei-triumphe-fuer-tim-roelleke\/#primaryimage"},"image":{"@id":"https:\/\/www.tourenwagenjuniorcup.de\/zwei-triumphe-fuer-tim-roelleke\/#primaryimage"},"thumbnailUrl":"https:\/\/www.tourenwagenjuniorcup.de\/wp-content\/uploads\/DSC_6403_DxO.jpg","datePublished":"2021-10-17T17:59:06+00:00","dateModified":"2021-10-24T09:31:52+00:00","author":{"@id":"https:\/\/www.tourenwagenjuniorcup.de\/en\/#\/schema\/person\/555d6c5113b5491d1fd53b653f9acf4c"},"breadcrumb":{"@id":"https:\/\/www.tourenwagenjuniorcup.de\/zwei-triumphe-fuer-tim-roelleke\/#breadcrumb"},"inLanguage":"en-US","potentialAction":[{"@type":"ReadAction","target":["https:\/\/www.tourenwagenjuniorcup.de\/zwei-triumphe-fuer-tim-roelleke\/"]}]},{"@type":"ImageObject","inLanguage":"en-US","@id":"https:\/\/www.tourenwagenjuniorcup.de\/zwei-triumphe-fuer-tim-roelleke\/#primaryimage","url":"https:\/\/www.tourenwagenjuniorcup.de\/wp-content\/uploads\/DSC_6403_DxO.jpg","contentUrl":"https:\/\/www.tourenwagenjuniorcup.de\/wp-content\/uploads\/DSC_6403_DxO.jpg","width":1920,"height":1282},{"@type":"BreadcrumbList","@id":"https:\/\/www.tourenwagenjuniorcup.de\/zwei-triumphe-fuer-tim-roelleke\/#breadcrumb","itemListElement":[{"@type":"ListItem","position":1,"name":"Startseite","item":"https:\/\/www.tourenwagenjuniorcup.de\/en\/"},{"@type":"ListItem","position":2,"name":"ZWEI TRIUMPHE F\u00dcR TIM R\u00d6LLEKE"}]},{"@type":"WebSite","@id":"https:\/\/www.tourenwagenjuniorcup.de\/en\/#website","url":"https:\/\/www.tourenwagenjuniorcup.de\/en\/","name":"ADAC Tourenwagen Junior Cup","description":"Der ADAC Tourenwagen Junior Cup ist die deutsche Nachwuchsliga und dein Sprungbrett in den Profi-Sport.","potentialAction":[{"@type":"SearchAction","target":{"@type":"EntryPoint","urlTemplate":"https:\/\/www.tourenwagenjuniorcup.de\/en\/?s={search_term_string}"},"query-input":{"@type":"PropertyValueSpecification","valueRequired":true,"valueName":"search_term_string"}}],"inLanguage":"en-US"},{"@type":"Person","@id":"https:\/\/www.tourenwagenjuniorcup.de\/en\/#\/schema\/person\/555d6c5113b5491d1fd53b653f9acf4c","name":"Matthias Meyer","image":{"@type":"ImageObject","inLanguage":"en-US","@id":"https:\/\/www.tourenwagenjuniorcup.de\/en\/#\/schema\/person\/image\/","url":"https:\/\/secure.gravatar.com\/avatar\/4f7f88e9834655263977d4fa2e611bbaca4504a33c25d4bd6d973af7e9255f71?s=96&d=mm&r=g","contentUrl":"https:\/\/secure.gravatar.com\/avatar\/4f7f88e9834655263977d4fa2e611bbaca4504a33c25d4bd6d973af7e9255f71?s=96&d=mm&r=g","caption":"Matthias Meyer"},"url":"https:\/\/www.tourenwagenjuniorcup.de\/en\/author\/matthias\/"}]}},"_links":{"self":[{"href":"https:\/\/www.tourenwagenjuniorcup.de\/en\/wp-json\/wp\/v2\/posts\/1770","targetHints":{"allow":["GET"]}}],"collection":[{"href":"https:\/\/www.tourenwagenjuniorcup.de\/en\/wp-json\/wp\/v2\/posts"}],"about":[{"href":"https:\/\/www.tourenwagenjuniorcup.de\/en\/wp-json\/wp\/v2\/types\/post"}],"author":[{"embeddable":true,"href":"https:\/\/www.tourenwagenjuniorcup.de\/en\/wp-json\/wp\/v2\/users\/3"}],"replies":[{"embeddable":true,"href":"https:\/\/www.tourenwagenjuniorcup.de\/en\/wp-json\/wp\/v2\/comments?post=1770"}],"version-history":[{"count":2,"href":"https:\/\/www.tourenwagenjuniorcup.de\/en\/wp-json\/wp\/v2\/posts\/1770\/revisions"}],"predecessor-version":[{"id":1776,"href":"https:\/\/www.tourenwagenjuniorcup.de\/en\/wp-json\/wp\/v2\/posts\/1770\/revisions\/1776"}],"wp:featuredmedia":[{"embeddable":true,"href":"https:\/\/www.tourenwagenjuniorcup.de\/en\/wp-json\/wp\/v2\/media\/1859"}],"wp:attachment":[{"href":"https:\/\/www.tourenwagenjuniorcup.de\/en\/wp-json\/wp\/v2\/media?parent=1770"}],"wp:term":[{"taxonomy":"category","embeddable":true,"href":"https:\/\/www.tourenwagenjuniorcup.de\/en\/wp-json\/wp\/v2\/categories?post=1770"},{"taxonomy":"post_tag","embeddable":true,"href":"https:\/\/www.tourenwagenjuniorcup.de\/en\/wp-json\/wp\/v2\/tags?post=1770"}],"curies":[{"name":"wp","href":"https:\/\/api.w.org\/{rel}","templated":true}]}}