{"id":456,"date":"2019-12-01T20:36:26","date_gmt":"2019-12-01T20:36:26","guid":{"rendered":"https:\/\/www.tourenwagenjuniorcup.de\/?p=456"},"modified":"2020-03-22T01:25:28","modified_gmt":"2020-03-22T01:25:28","slug":"tourenwagen-junior-cup-oeffnet-einschreibungen-fuer-premierensaison","status":"publish","type":"post","link":"https:\/\/www.tourenwagenjuniorcup.de\/en\/tourenwagen-junior-cup-oeffnet-einschreibungen-fuer-premierensaison\/","title":{"rendered":"TOURENWAGEN JUNIOR CUP \u00d6FFNET EINSCHREIBUNGEN F\u00dcR PREMIERENSAISON"},"content":{"rendered":"<div id=\"cs-content\" class=\"cs-content\"><\/div>\n","protected":false},"excerpt":{"rendered":"<p>Einschreibungen f\u00fcr 2020 ge\u00f6ffnet Kalenderupgrade Einschreibeformulare stehen zum Download bereit Ab 01. Dezember ist eine Einschreibung f\u00fcr den Tourenwagen Junior Cup 2020 m\u00f6glich. Die Unterlagen sind ab sofort auf der Website verf\u00fcgbar. Ebenso ist ein Gro\u00dfteil der Termine f\u00fcr die kommende Saison bereits ver\u00f6ffentlicht. F\u00fcr Teilnehmer und Teams der ersten Saison des Tourenwagen Junior Cup beginnt jetzt offiziell die Saisonvorbereitung. &#8230; <\/p>\n<div><a href=\"https:\/\/www.tourenwagenjuniorcup.de\/en\/tourenwagen-junior-cup-oeffnet-einschreibungen-fuer-premierensaison\/\" class=\"more-link\">Read More<\/a><\/div>\n","protected":false},"author":3,"featured_media":308,"comment_status":"closed","ping_status":"closed","sticky":false,"template":"","format":"standard","meta":{"footnotes":""},"categories":[3],"tags":[],"class_list":["post-456","post","type-post","status-publish","format-standard","has-post-thumbnail","hentry","category-unkategorisiert"],"yoast_head":"<!-- This site is optimized with the Yoast SEO plugin v25.9 - https:\/\/yoast.com\/wordpress\/plugins\/seo\/ -->\n<title>TOURENWAGEN JUNIOR CUP \u00d6FFNET EINSCHREIBUNGEN F\u00dcR PREMIERENSAISON | ADAC Tourenwagen Junior Cup<\/title>\n<meta name=\"robots\" content=\"index, follow, max-snippet:-1, max-image-preview:large, max-video-preview:-1\" \/>\n<link rel=\"canonical\" href=\"https:\/\/www.tourenwagenjuniorcup.de\/en\/tourenwagen-junior-cup-oeffnet-einschreibungen-fuer-premierensaison\/\" \/>\n<meta property=\"og:locale\" content=\"en_US\" \/>\n<meta property=\"og:type\" content=\"article\" \/>\n<meta property=\"og:title\" content=\"TOURENWAGEN JUNIOR CUP \u00d6FFNET EINSCHREIBUNGEN F\u00dcR PREMIERENSAISON | ADAC Tourenwagen Junior Cup\" \/>\n<meta property=\"og:description\" content=\"Einschreibungen f\u00fcr 2020 ge\u00f6ffnet Kalenderupgrade Einschreibeformulare stehen zum Download bereit Ab 01. Dezember ist eine Einschreibung f\u00fcr den Tourenwagen Junior Cup 2020 m\u00f6glich. Die Unterlagen sind ab sofort auf der Website verf\u00fcgbar. Ebenso ist ein Gro\u00dfteil der Termine f\u00fcr die kommende Saison bereits ver\u00f6ffentlicht. F\u00fcr Teilnehmer und Teams der ersten Saison des Tourenwagen Junior Cup beginnt jetzt offiziell die Saisonvorbereitung. ... Read More\" \/>\n<meta property=\"og:url\" content=\"https:\/\/www.tourenwagenjuniorcup.de\/en\/tourenwagen-junior-cup-oeffnet-einschreibungen-fuer-premierensaison\/\" \/>\n<meta property=\"og:site_name\" content=\"ADAC Tourenwagen Junior Cup\" \/>\n<meta property=\"article:published_time\" content=\"2019-12-01T20:36:26+00:00\" \/>\n<meta property=\"article:modified_time\" content=\"2020-03-22T01:25:28+00:00\" \/>\n<meta property=\"og:image\" content=\"https:\/\/www.tourenwagenjuniorcup.de\/wp-content\/uploads\/2019\/11\/03_2000.jpg\" \/>\n\t<meta property=\"og:image:width\" content=\"1920\" \/>\n\t<meta property=\"og:image:height\" content=\"1281\" \/>\n\t<meta property=\"og:image:type\" content=\"image\/jpeg\" \/>\n<meta name=\"author\" content=\"Matthias Meyer\" \/>\n<meta name=\"twitter:card\" content=\"summary_large_image\" \/>\n<meta name=\"twitter:label1\" content=\"Written by\" \/>\n\t<meta name=\"twitter:data1\" content=\"Matthias Meyer\" \/>\n<script type=\"application\/ld+json\" class=\"yoast-schema-graph\">{\"@context\":\"https:\/\/schema.org\",\"@graph\":[{\"@type\":\"WebPage\",\"@id\":\"https:\/\/www.tourenwagenjuniorcup.de\/en\/tourenwagen-junior-cup-oeffnet-einschreibungen-fuer-premierensaison\/\",\"url\":\"https:\/\/www.tourenwagenjuniorcup.de\/en\/tourenwagen-junior-cup-oeffnet-einschreibungen-fuer-premierensaison\/\",\"name\":\"TOURENWAGEN JUNIOR CUP \u00d6FFNET EINSCHREIBUNGEN F\u00dcR PREMIERENSAISON | ADAC Tourenwagen Junior Cup\",\"isPartOf\":{\"@id\":\"https:\/\/www.tourenwagenjuniorcup.de\/en\/#website\"},\"primaryImageOfPage\":{\"@id\":\"https:\/\/www.tourenwagenjuniorcup.de\/en\/tourenwagen-junior-cup-oeffnet-einschreibungen-fuer-premierensaison\/#primaryimage\"},\"image\":{\"@id\":\"https:\/\/www.tourenwagenjuniorcup.de\/en\/tourenwagen-junior-cup-oeffnet-einschreibungen-fuer-premierensaison\/#primaryimage\"},\"thumbnailUrl\":\"https:\/\/www.tourenwagenjuniorcup.de\/wp-content\/uploads\/2019\/11\/03_2000.jpg\",\"datePublished\":\"2019-12-01T20:36:26+00:00\",\"dateModified\":\"2020-03-22T01:25:28+00:00\",\"author\":{\"@id\":\"https:\/\/www.tourenwagenjuniorcup.de\/en\/#\/schema\/person\/555d6c5113b5491d1fd53b653f9acf4c\"},\"breadcrumb\":{\"@id\":\"https:\/\/www.tourenwagenjuniorcup.de\/en\/tourenwagen-junior-cup-oeffnet-einschreibungen-fuer-premierensaison\/#breadcrumb\"},\"inLanguage\":\"en-US\",\"potentialAction\":[{\"@type\":\"ReadAction\",\"target\":[\"https:\/\/www.tourenwagenjuniorcup.de\/en\/tourenwagen-junior-cup-oeffnet-einschreibungen-fuer-premierensaison\/\"]}]},{\"@type\":\"ImageObject\",\"inLanguage\":\"en-US\",\"@id\":\"https:\/\/www.tourenwagenjuniorcup.de\/en\/tourenwagen-junior-cup-oeffnet-einschreibungen-fuer-premierensaison\/#primaryimage\",\"url\":\"https:\/\/www.tourenwagenjuniorcup.de\/wp-content\/uploads\/2019\/11\/03_2000.jpg\",\"contentUrl\":\"https:\/\/www.tourenwagenjuniorcup.de\/wp-content\/uploads\/2019\/11\/03_2000.jpg\",\"width\":1920,\"height\":1281},{\"@type\":\"BreadcrumbList\",\"@id\":\"https:\/\/www.tourenwagenjuniorcup.de\/en\/tourenwagen-junior-cup-oeffnet-einschreibungen-fuer-premierensaison\/#breadcrumb\",\"itemListElement\":[{\"@type\":\"ListItem\",\"position\":1,\"name\":\"Startseite\",\"item\":\"https:\/\/www.tourenwagenjuniorcup.de\/en\/\"},{\"@type\":\"ListItem\",\"position\":2,\"name\":\"TOURENWAGEN JUNIOR CUP \u00d6FFNET EINSCHREIBUNGEN F\u00dcR PREMIERENSAISON\"}]},{\"@type\":\"WebSite\",\"@id\":\"https:\/\/www.tourenwagenjuniorcup.de\/en\/#website\",\"url\":\"https:\/\/www.tourenwagenjuniorcup.de\/en\/\",\"name\":\"ADAC Tourenwagen Junior Cup\",\"description\":\"Der ADAC Tourenwagen Junior Cup ist die deutsche Nachwuchsliga und dein Sprungbrett in den Profi-Sport.\",\"potentialAction\":[{\"@type\":\"SearchAction\",\"target\":{\"@type\":\"EntryPoint\",\"urlTemplate\":\"https:\/\/www.tourenwagenjuniorcup.de\/en\/?s={search_term_string}\"},\"query-input\":{\"@type\":\"PropertyValueSpecification\",\"valueRequired\":true,\"valueName\":\"search_term_string\"}}],\"inLanguage\":\"en-US\"},{\"@type\":\"Person\",\"@id\":\"https:\/\/www.tourenwagenjuniorcup.de\/en\/#\/schema\/person\/555d6c5113b5491d1fd53b653f9acf4c\",\"name\":\"Matthias Meyer\",\"image\":{\"@type\":\"ImageObject\",\"inLanguage\":\"en-US\",\"@id\":\"https:\/\/www.tourenwagenjuniorcup.de\/en\/#\/schema\/person\/image\/\",\"url\":\"https:\/\/secure.gravatar.com\/avatar\/4f7f88e9834655263977d4fa2e611bbaca4504a33c25d4bd6d973af7e9255f71?s=96&d=mm&r=g\",\"contentUrl\":\"https:\/\/secure.gravatar.com\/avatar\/4f7f88e9834655263977d4fa2e611bbaca4504a33c25d4bd6d973af7e9255f71?s=96&d=mm&r=g\",\"caption\":\"Matthias Meyer\"},\"url\":\"https:\/\/www.tourenwagenjuniorcup.de\/en\/author\/matthias\/\"}]}<\/script>\n<!-- \/ Yoast SEO plugin. -->","yoast_head_json":{"title":"TOURENWAGEN JUNIOR CUP \u00d6FFNET EINSCHREIBUNGEN F\u00dcR PREMIERENSAISON | ADAC Tourenwagen Junior Cup","robots":{"index":"index","follow":"follow","max-snippet":"max-snippet:-1","max-image-preview":"max-image-preview:large","max-video-preview":"max-video-preview:-1"},"canonical":"https:\/\/www.tourenwagenjuniorcup.de\/en\/tourenwagen-junior-cup-oeffnet-einschreibungen-fuer-premierensaison\/","og_locale":"en_US","og_type":"article","og_title":"TOURENWAGEN JUNIOR CUP \u00d6FFNET EINSCHREIBUNGEN F\u00dcR PREMIERENSAISON | ADAC Tourenwagen Junior Cup","og_description":"Einschreibungen f\u00fcr 2020 ge\u00f6ffnet Kalenderupgrade Einschreibeformulare stehen zum Download bereit Ab 01. Dezember ist eine Einschreibung f\u00fcr den Tourenwagen Junior Cup 2020 m\u00f6glich. Die Unterlagen sind ab sofort auf der Website verf\u00fcgbar. Ebenso ist ein Gro\u00dfteil der Termine f\u00fcr die kommende Saison bereits ver\u00f6ffentlicht. F\u00fcr Teilnehmer und Teams der ersten Saison des Tourenwagen Junior Cup beginnt jetzt offiziell die Saisonvorbereitung. ... Read More","og_url":"https:\/\/www.tourenwagenjuniorcup.de\/en\/tourenwagen-junior-cup-oeffnet-einschreibungen-fuer-premierensaison\/","og_site_name":"ADAC Tourenwagen Junior Cup","article_published_time":"2019-12-01T20:36:26+00:00","article_modified_time":"2020-03-22T01:25:28+00:00","og_image":[{"width":1920,"height":1281,"url":"https:\/\/www.tourenwagenjuniorcup.de\/wp-content\/uploads\/2019\/11\/03_2000.jpg","type":"image\/jpeg"}],"author":"Matthias Meyer","twitter_card":"summary_large_image","twitter_misc":{"Written by":"Matthias Meyer"},"schema":{"@context":"https:\/\/schema.org","@graph":[{"@type":"WebPage","@id":"https:\/\/www.tourenwagenjuniorcup.de\/en\/tourenwagen-junior-cup-oeffnet-einschreibungen-fuer-premierensaison\/","url":"https:\/\/www.tourenwagenjuniorcup.de\/en\/tourenwagen-junior-cup-oeffnet-einschreibungen-fuer-premierensaison\/","name":"TOURENWAGEN JUNIOR CUP \u00d6FFNET EINSCHREIBUNGEN F\u00dcR PREMIERENSAISON | ADAC Tourenwagen Junior Cup","isPartOf":{"@id":"https:\/\/www.tourenwagenjuniorcup.de\/en\/#website"},"primaryImageOfPage":{"@id":"https:\/\/www.tourenwagenjuniorcup.de\/en\/tourenwagen-junior-cup-oeffnet-einschreibungen-fuer-premierensaison\/#primaryimage"},"image":{"@id":"https:\/\/www.tourenwagenjuniorcup.de\/en\/tourenwagen-junior-cup-oeffnet-einschreibungen-fuer-premierensaison\/#primaryimage"},"thumbnailUrl":"https:\/\/www.tourenwagenjuniorcup.de\/wp-content\/uploads\/2019\/11\/03_2000.jpg","datePublished":"2019-12-01T20:36:26+00:00","dateModified":"2020-03-22T01:25:28+00:00","author":{"@id":"https:\/\/www.tourenwagenjuniorcup.de\/en\/#\/schema\/person\/555d6c5113b5491d1fd53b653f9acf4c"},"breadcrumb":{"@id":"https:\/\/www.tourenwagenjuniorcup.de\/en\/tourenwagen-junior-cup-oeffnet-einschreibungen-fuer-premierensaison\/#breadcrumb"},"inLanguage":"en-US","potentialAction":[{"@type":"ReadAction","target":["https:\/\/www.tourenwagenjuniorcup.de\/en\/tourenwagen-junior-cup-oeffnet-einschreibungen-fuer-premierensaison\/"]}]},{"@type":"ImageObject","inLanguage":"en-US","@id":"https:\/\/www.tourenwagenjuniorcup.de\/en\/tourenwagen-junior-cup-oeffnet-einschreibungen-fuer-premierensaison\/#primaryimage","url":"https:\/\/www.tourenwagenjuniorcup.de\/wp-content\/uploads\/2019\/11\/03_2000.jpg","contentUrl":"https:\/\/www.tourenwagenjuniorcup.de\/wp-content\/uploads\/2019\/11\/03_2000.jpg","width":1920,"height":1281},{"@type":"BreadcrumbList","@id":"https:\/\/www.tourenwagenjuniorcup.de\/en\/tourenwagen-junior-cup-oeffnet-einschreibungen-fuer-premierensaison\/#breadcrumb","itemListElement":[{"@type":"ListItem","position":1,"name":"Startseite","item":"https:\/\/www.tourenwagenjuniorcup.de\/en\/"},{"@type":"ListItem","position":2,"name":"TOURENWAGEN JUNIOR CUP \u00d6FFNET EINSCHREIBUNGEN F\u00dcR PREMIERENSAISON"}]},{"@type":"WebSite","@id":"https:\/\/www.tourenwagenjuniorcup.de\/en\/#website","url":"https:\/\/www.tourenwagenjuniorcup.de\/en\/","name":"ADAC Tourenwagen Junior Cup","description":"Der ADAC Tourenwagen Junior Cup ist die deutsche Nachwuchsliga und dein Sprungbrett in den Profi-Sport.","potentialAction":[{"@type":"SearchAction","target":{"@type":"EntryPoint","urlTemplate":"https:\/\/www.tourenwagenjuniorcup.de\/en\/?s={search_term_string}"},"query-input":{"@type":"PropertyValueSpecification","valueRequired":true,"valueName":"search_term_string"}}],"inLanguage":"en-US"},{"@type":"Person","@id":"https:\/\/www.tourenwagenjuniorcup.de\/en\/#\/schema\/person\/555d6c5113b5491d1fd53b653f9acf4c","name":"Matthias Meyer","image":{"@type":"ImageObject","inLanguage":"en-US","@id":"https:\/\/www.tourenwagenjuniorcup.de\/en\/#\/schema\/person\/image\/","url":"https:\/\/secure.gravatar.com\/avatar\/4f7f88e9834655263977d4fa2e611bbaca4504a33c25d4bd6d973af7e9255f71?s=96&d=mm&r=g","contentUrl":"https:\/\/secure.gravatar.com\/avatar\/4f7f88e9834655263977d4fa2e611bbaca4504a33c25d4bd6d973af7e9255f71?s=96&d=mm&r=g","caption":"Matthias Meyer"},"url":"https:\/\/www.tourenwagenjuniorcup.de\/en\/author\/matthias\/"}]}},"_links":{"self":[{"href":"https:\/\/www.tourenwagenjuniorcup.de\/en\/wp-json\/wp\/v2\/posts\/456","targetHints":{"allow":["GET"]}}],"collection":[{"href":"https:\/\/www.tourenwagenjuniorcup.de\/en\/wp-json\/wp\/v2\/posts"}],"about":[{"href":"https:\/\/www.tourenwagenjuniorcup.de\/en\/wp-json\/wp\/v2\/types\/post"}],"author":[{"embeddable":true,"href":"https:\/\/www.tourenwagenjuniorcup.de\/en\/wp-json\/wp\/v2\/users\/3"}],"replies":[{"embeddable":true,"href":"https:\/\/www.tourenwagenjuniorcup.de\/en\/wp-json\/wp\/v2\/comments?post=456"}],"version-history":[{"count":4,"href":"https:\/\/www.tourenwagenjuniorcup.de\/en\/wp-json\/wp\/v2\/posts\/456\/revisions"}],"predecessor-version":[{"id":571,"href":"https:\/\/www.tourenwagenjuniorcup.de\/en\/wp-json\/wp\/v2\/posts\/456\/revisions\/571"}],"wp:featuredmedia":[{"embeddable":true,"href":"https:\/\/www.tourenwagenjuniorcup.de\/en\/wp-json\/wp\/v2\/media\/308"}],"wp:attachment":[{"href":"https:\/\/www.tourenwagenjuniorcup.de\/en\/wp-json\/wp\/v2\/media?parent=456"}],"wp:term":[{"taxonomy":"category","embeddable":true,"href":"https:\/\/www.tourenwagenjuniorcup.de\/en\/wp-json\/wp\/v2\/categories?post=456"},{"taxonomy":"post_tag","embeddable":true,"href":"https:\/\/www.tourenwagenjuniorcup.de\/en\/wp-json\/wp\/v2\/tags?post=456"}],"curies":[{"name":"wp","href":"https:\/\/api.w.org\/{rel}","templated":true}]}}