{"id":550,"date":"2020-01-06T17:14:53","date_gmt":"2020-01-06T17:14:53","guid":{"rendered":"https:\/\/www.tourenwagenjuniorcup.de\/?p=550"},"modified":"2020-01-12T12:59:55","modified_gmt":"2020-01-12T12:59:55","slug":"marten-kruse-sucht-die-herausforderung","status":"publish","type":"post","link":"https:\/\/www.tourenwagenjuniorcup.de\/en\/marten-kruse-sucht-die-herausforderung\/","title":{"rendered":"MARTEN KRUSE SUCHT DIE HERAUSFORDERUNG"},"content":{"rendered":"<div id=\"cs-content\" class=\"cs-content\"><\/div>\n","protected":false},"excerpt":{"rendered":"<p>19-J\u00e4hriger steigt 2020 in den Tourenwagen Junior Cup ein fahrerische Weiterentwicklung im Fokus Umstieg vom Langstrecken- auf Sprintformat F\u00fcr Marten Kruse geht mit dem Einstieg in den Tourenwagen Junior Cup eine neue T\u00fcr auf. Nachdem der Oldenburger zun\u00e4chst seine ersten Erfahrungen im Motorsport im Automobilslalom sammelte, war er schnell von der Rundstrecke fasziniert. \u201eNach meinem ersten Rennen war mir klar, &#8230; <\/p>\n<div><a href=\"https:\/\/www.tourenwagenjuniorcup.de\/en\/marten-kruse-sucht-die-herausforderung\/\" class=\"more-link\">Read More<\/a><\/div>\n","protected":false},"author":3,"featured_media":552,"comment_status":"closed","ping_status":"closed","sticky":false,"template":"","format":"standard","meta":{"footnotes":""},"categories":[3],"tags":[],"class_list":["post-550","post","type-post","status-publish","format-standard","has-post-thumbnail","hentry","category-unkategorisiert"],"yoast_head":"<!-- This site is optimized with the Yoast SEO plugin v25.9 - https:\/\/yoast.com\/wordpress\/plugins\/seo\/ -->\n<title>MARTEN KRUSE SUCHT DIE HERAUSFORDERUNG | ADAC Tourenwagen Junior Cup<\/title>\n<meta name=\"robots\" content=\"index, follow, max-snippet:-1, max-image-preview:large, max-video-preview:-1\" \/>\n<link rel=\"canonical\" href=\"https:\/\/www.tourenwagenjuniorcup.de\/en\/marten-kruse-sucht-die-herausforderung\/\" \/>\n<meta property=\"og:locale\" content=\"en_US\" \/>\n<meta property=\"og:type\" content=\"article\" \/>\n<meta property=\"og:title\" content=\"MARTEN KRUSE SUCHT DIE HERAUSFORDERUNG | ADAC Tourenwagen Junior Cup\" \/>\n<meta property=\"og:description\" content=\"19-J\u00e4hriger steigt 2020 in den Tourenwagen Junior Cup ein fahrerische Weiterentwicklung im Fokus Umstieg vom Langstrecken- auf Sprintformat F\u00fcr Marten Kruse geht mit dem Einstieg in den Tourenwagen Junior Cup eine neue T\u00fcr auf. Nachdem der Oldenburger zun\u00e4chst seine ersten Erfahrungen im Motorsport im Automobilslalom sammelte, war er schnell von der Rundstrecke fasziniert. \u201eNach meinem ersten Rennen war mir klar, ... Read More\" \/>\n<meta property=\"og:url\" content=\"https:\/\/www.tourenwagenjuniorcup.de\/en\/marten-kruse-sucht-die-herausforderung\/\" \/>\n<meta property=\"og:site_name\" content=\"ADAC Tourenwagen Junior Cup\" \/>\n<meta property=\"article:published_time\" content=\"2020-01-06T17:14:53+00:00\" \/>\n<meta property=\"article:modified_time\" content=\"2020-01-12T12:59:55+00:00\" \/>\n<meta property=\"og:image\" content=\"https:\/\/www.tourenwagenjuniorcup.de\/wp-content\/uploads\/2020\/01\/Marten_Kruse_1.jpg\" \/>\n\t<meta property=\"og:image:width\" content=\"1200\" \/>\n\t<meta property=\"og:image:height\" content=\"800\" \/>\n\t<meta property=\"og:image:type\" content=\"image\/jpeg\" \/>\n<meta name=\"author\" content=\"Matthias Meyer\" \/>\n<meta name=\"twitter:card\" content=\"summary_large_image\" \/>\n<meta name=\"twitter:label1\" content=\"Written by\" \/>\n\t<meta name=\"twitter:data1\" content=\"Matthias Meyer\" \/>\n<script type=\"application\/ld+json\" class=\"yoast-schema-graph\">{\"@context\":\"https:\/\/schema.org\",\"@graph\":[{\"@type\":\"WebPage\",\"@id\":\"https:\/\/www.tourenwagenjuniorcup.de\/en\/marten-kruse-sucht-die-herausforderung\/\",\"url\":\"https:\/\/www.tourenwagenjuniorcup.de\/en\/marten-kruse-sucht-die-herausforderung\/\",\"name\":\"MARTEN KRUSE SUCHT DIE HERAUSFORDERUNG | ADAC Tourenwagen Junior Cup\",\"isPartOf\":{\"@id\":\"https:\/\/www.tourenwagenjuniorcup.de\/en\/#website\"},\"primaryImageOfPage\":{\"@id\":\"https:\/\/www.tourenwagenjuniorcup.de\/en\/marten-kruse-sucht-die-herausforderung\/#primaryimage\"},\"image\":{\"@id\":\"https:\/\/www.tourenwagenjuniorcup.de\/en\/marten-kruse-sucht-die-herausforderung\/#primaryimage\"},\"thumbnailUrl\":\"https:\/\/www.tourenwagenjuniorcup.de\/wp-content\/uploads\/2020\/01\/Marten_Kruse_1.jpg\",\"datePublished\":\"2020-01-06T17:14:53+00:00\",\"dateModified\":\"2020-01-12T12:59:55+00:00\",\"author\":{\"@id\":\"https:\/\/www.tourenwagenjuniorcup.de\/en\/#\/schema\/person\/555d6c5113b5491d1fd53b653f9acf4c\"},\"breadcrumb\":{\"@id\":\"https:\/\/www.tourenwagenjuniorcup.de\/en\/marten-kruse-sucht-die-herausforderung\/#breadcrumb\"},\"inLanguage\":\"en-US\",\"potentialAction\":[{\"@type\":\"ReadAction\",\"target\":[\"https:\/\/www.tourenwagenjuniorcup.de\/en\/marten-kruse-sucht-die-herausforderung\/\"]}]},{\"@type\":\"ImageObject\",\"inLanguage\":\"en-US\",\"@id\":\"https:\/\/www.tourenwagenjuniorcup.de\/en\/marten-kruse-sucht-die-herausforderung\/#primaryimage\",\"url\":\"https:\/\/www.tourenwagenjuniorcup.de\/wp-content\/uploads\/2020\/01\/Marten_Kruse_1.jpg\",\"contentUrl\":\"https:\/\/www.tourenwagenjuniorcup.de\/wp-content\/uploads\/2020\/01\/Marten_Kruse_1.jpg\",\"width\":1200,\"height\":800},{\"@type\":\"BreadcrumbList\",\"@id\":\"https:\/\/www.tourenwagenjuniorcup.de\/en\/marten-kruse-sucht-die-herausforderung\/#breadcrumb\",\"itemListElement\":[{\"@type\":\"ListItem\",\"position\":1,\"name\":\"Startseite\",\"item\":\"https:\/\/www.tourenwagenjuniorcup.de\/en\/\"},{\"@type\":\"ListItem\",\"position\":2,\"name\":\"MARTEN KRUSE SUCHT DIE HERAUSFORDERUNG\"}]},{\"@type\":\"WebSite\",\"@id\":\"https:\/\/www.tourenwagenjuniorcup.de\/en\/#website\",\"url\":\"https:\/\/www.tourenwagenjuniorcup.de\/en\/\",\"name\":\"ADAC Tourenwagen Junior Cup\",\"description\":\"Der ADAC Tourenwagen Junior Cup ist die deutsche Nachwuchsliga und dein Sprungbrett in den Profi-Sport.\",\"potentialAction\":[{\"@type\":\"SearchAction\",\"target\":{\"@type\":\"EntryPoint\",\"urlTemplate\":\"https:\/\/www.tourenwagenjuniorcup.de\/en\/?s={search_term_string}\"},\"query-input\":{\"@type\":\"PropertyValueSpecification\",\"valueRequired\":true,\"valueName\":\"search_term_string\"}}],\"inLanguage\":\"en-US\"},{\"@type\":\"Person\",\"@id\":\"https:\/\/www.tourenwagenjuniorcup.de\/en\/#\/schema\/person\/555d6c5113b5491d1fd53b653f9acf4c\",\"name\":\"Matthias Meyer\",\"image\":{\"@type\":\"ImageObject\",\"inLanguage\":\"en-US\",\"@id\":\"https:\/\/www.tourenwagenjuniorcup.de\/en\/#\/schema\/person\/image\/\",\"url\":\"https:\/\/secure.gravatar.com\/avatar\/4f7f88e9834655263977d4fa2e611bbaca4504a33c25d4bd6d973af7e9255f71?s=96&d=mm&r=g\",\"contentUrl\":\"https:\/\/secure.gravatar.com\/avatar\/4f7f88e9834655263977d4fa2e611bbaca4504a33c25d4bd6d973af7e9255f71?s=96&d=mm&r=g\",\"caption\":\"Matthias Meyer\"},\"url\":\"https:\/\/www.tourenwagenjuniorcup.de\/en\/author\/matthias\/\"}]}<\/script>\n<!-- \/ Yoast SEO plugin. -->","yoast_head_json":{"title":"MARTEN KRUSE SUCHT DIE HERAUSFORDERUNG | ADAC Tourenwagen Junior Cup","robots":{"index":"index","follow":"follow","max-snippet":"max-snippet:-1","max-image-preview":"max-image-preview:large","max-video-preview":"max-video-preview:-1"},"canonical":"https:\/\/www.tourenwagenjuniorcup.de\/en\/marten-kruse-sucht-die-herausforderung\/","og_locale":"en_US","og_type":"article","og_title":"MARTEN KRUSE SUCHT DIE HERAUSFORDERUNG | ADAC Tourenwagen Junior Cup","og_description":"19-J\u00e4hriger steigt 2020 in den Tourenwagen Junior Cup ein fahrerische Weiterentwicklung im Fokus Umstieg vom Langstrecken- auf Sprintformat F\u00fcr Marten Kruse geht mit dem Einstieg in den Tourenwagen Junior Cup eine neue T\u00fcr auf. Nachdem der Oldenburger zun\u00e4chst seine ersten Erfahrungen im Motorsport im Automobilslalom sammelte, war er schnell von der Rundstrecke fasziniert. \u201eNach meinem ersten Rennen war mir klar, ... Read More","og_url":"https:\/\/www.tourenwagenjuniorcup.de\/en\/marten-kruse-sucht-die-herausforderung\/","og_site_name":"ADAC Tourenwagen Junior Cup","article_published_time":"2020-01-06T17:14:53+00:00","article_modified_time":"2020-01-12T12:59:55+00:00","og_image":[{"width":1200,"height":800,"url":"https:\/\/www.tourenwagenjuniorcup.de\/wp-content\/uploads\/2020\/01\/Marten_Kruse_1.jpg","type":"image\/jpeg"}],"author":"Matthias Meyer","twitter_card":"summary_large_image","twitter_misc":{"Written by":"Matthias Meyer"},"schema":{"@context":"https:\/\/schema.org","@graph":[{"@type":"WebPage","@id":"https:\/\/www.tourenwagenjuniorcup.de\/en\/marten-kruse-sucht-die-herausforderung\/","url":"https:\/\/www.tourenwagenjuniorcup.de\/en\/marten-kruse-sucht-die-herausforderung\/","name":"MARTEN KRUSE SUCHT DIE HERAUSFORDERUNG | ADAC Tourenwagen Junior Cup","isPartOf":{"@id":"https:\/\/www.tourenwagenjuniorcup.de\/en\/#website"},"primaryImageOfPage":{"@id":"https:\/\/www.tourenwagenjuniorcup.de\/en\/marten-kruse-sucht-die-herausforderung\/#primaryimage"},"image":{"@id":"https:\/\/www.tourenwagenjuniorcup.de\/en\/marten-kruse-sucht-die-herausforderung\/#primaryimage"},"thumbnailUrl":"https:\/\/www.tourenwagenjuniorcup.de\/wp-content\/uploads\/2020\/01\/Marten_Kruse_1.jpg","datePublished":"2020-01-06T17:14:53+00:00","dateModified":"2020-01-12T12:59:55+00:00","author":{"@id":"https:\/\/www.tourenwagenjuniorcup.de\/en\/#\/schema\/person\/555d6c5113b5491d1fd53b653f9acf4c"},"breadcrumb":{"@id":"https:\/\/www.tourenwagenjuniorcup.de\/en\/marten-kruse-sucht-die-herausforderung\/#breadcrumb"},"inLanguage":"en-US","potentialAction":[{"@type":"ReadAction","target":["https:\/\/www.tourenwagenjuniorcup.de\/en\/marten-kruse-sucht-die-herausforderung\/"]}]},{"@type":"ImageObject","inLanguage":"en-US","@id":"https:\/\/www.tourenwagenjuniorcup.de\/en\/marten-kruse-sucht-die-herausforderung\/#primaryimage","url":"https:\/\/www.tourenwagenjuniorcup.de\/wp-content\/uploads\/2020\/01\/Marten_Kruse_1.jpg","contentUrl":"https:\/\/www.tourenwagenjuniorcup.de\/wp-content\/uploads\/2020\/01\/Marten_Kruse_1.jpg","width":1200,"height":800},{"@type":"BreadcrumbList","@id":"https:\/\/www.tourenwagenjuniorcup.de\/en\/marten-kruse-sucht-die-herausforderung\/#breadcrumb","itemListElement":[{"@type":"ListItem","position":1,"name":"Startseite","item":"https:\/\/www.tourenwagenjuniorcup.de\/en\/"},{"@type":"ListItem","position":2,"name":"MARTEN KRUSE SUCHT DIE HERAUSFORDERUNG"}]},{"@type":"WebSite","@id":"https:\/\/www.tourenwagenjuniorcup.de\/en\/#website","url":"https:\/\/www.tourenwagenjuniorcup.de\/en\/","name":"ADAC Tourenwagen Junior Cup","description":"Der ADAC Tourenwagen Junior Cup ist die deutsche Nachwuchsliga und dein Sprungbrett in den Profi-Sport.","potentialAction":[{"@type":"SearchAction","target":{"@type":"EntryPoint","urlTemplate":"https:\/\/www.tourenwagenjuniorcup.de\/en\/?s={search_term_string}"},"query-input":{"@type":"PropertyValueSpecification","valueRequired":true,"valueName":"search_term_string"}}],"inLanguage":"en-US"},{"@type":"Person","@id":"https:\/\/www.tourenwagenjuniorcup.de\/en\/#\/schema\/person\/555d6c5113b5491d1fd53b653f9acf4c","name":"Matthias Meyer","image":{"@type":"ImageObject","inLanguage":"en-US","@id":"https:\/\/www.tourenwagenjuniorcup.de\/en\/#\/schema\/person\/image\/","url":"https:\/\/secure.gravatar.com\/avatar\/4f7f88e9834655263977d4fa2e611bbaca4504a33c25d4bd6d973af7e9255f71?s=96&d=mm&r=g","contentUrl":"https:\/\/secure.gravatar.com\/avatar\/4f7f88e9834655263977d4fa2e611bbaca4504a33c25d4bd6d973af7e9255f71?s=96&d=mm&r=g","caption":"Matthias Meyer"},"url":"https:\/\/www.tourenwagenjuniorcup.de\/en\/author\/matthias\/"}]}},"_links":{"self":[{"href":"https:\/\/www.tourenwagenjuniorcup.de\/en\/wp-json\/wp\/v2\/posts\/550","targetHints":{"allow":["GET"]}}],"collection":[{"href":"https:\/\/www.tourenwagenjuniorcup.de\/en\/wp-json\/wp\/v2\/posts"}],"about":[{"href":"https:\/\/www.tourenwagenjuniorcup.de\/en\/wp-json\/wp\/v2\/types\/post"}],"author":[{"embeddable":true,"href":"https:\/\/www.tourenwagenjuniorcup.de\/en\/wp-json\/wp\/v2\/users\/3"}],"replies":[{"embeddable":true,"href":"https:\/\/www.tourenwagenjuniorcup.de\/en\/wp-json\/wp\/v2\/comments?post=550"}],"version-history":[{"count":5,"href":"https:\/\/www.tourenwagenjuniorcup.de\/en\/wp-json\/wp\/v2\/posts\/550\/revisions"}],"predecessor-version":[{"id":569,"href":"https:\/\/www.tourenwagenjuniorcup.de\/en\/wp-json\/wp\/v2\/posts\/550\/revisions\/569"}],"wp:featuredmedia":[{"embeddable":true,"href":"https:\/\/www.tourenwagenjuniorcup.de\/en\/wp-json\/wp\/v2\/media\/552"}],"wp:attachment":[{"href":"https:\/\/www.tourenwagenjuniorcup.de\/en\/wp-json\/wp\/v2\/media?parent=550"}],"wp:term":[{"taxonomy":"category","embeddable":true,"href":"https:\/\/www.tourenwagenjuniorcup.de\/en\/wp-json\/wp\/v2\/categories?post=550"},{"taxonomy":"post_tag","embeddable":true,"href":"https:\/\/www.tourenwagenjuniorcup.de\/en\/wp-json\/wp\/v2\/tags?post=550"}],"curies":[{"name":"wp","href":"https:\/\/api.w.org\/{rel}","templated":true}]}}