{"id":5528,"date":"2023-06-03T13:32:53","date_gmt":"2023-06-03T13:32:53","guid":{"rendered":"https:\/\/www.tourenwagenjuniorcup.de\/?p=5528"},"modified":"2023-06-03T13:45:32","modified_gmt":"2023-06-03T13:45:32","slug":"last-minute-pole-fuer-mike-mueller-am-lausitzring","status":"publish","type":"post","link":"https:\/\/www.tourenwagenjuniorcup.de\/last-minute-pole-fuer-mike-mueller-am-lausitzring\/","title":{"rendered":"Last-Minute-Pole f\u00fcr Mike M\u00fcller am Lausitzring"},"content":{"rendered":"<div id=\"cs-content\" class=\"cs-content\"><\/div>\n","protected":false},"excerpt":{"rendered":"<p>Mike M\u00fcller (TOPCAR sport) f\u00e4hrt im Qualifying zum ersten Rennen des ADAC Tourenwagen Junior Cup auf dem DEKRA Lausitzring die Bestzeit, doch das Feld liegt eng beieinander. Hochspannung auf dem DEKRA Lausitzring im ADAC Tourenwagen Junior Cup: Im ersten Zeittraining trennten die Top 10 nur 1,009 Sekunden. Die Youngster in ihren 155 PS starken VW up! GTI zeigen, dass das &#8230; <\/p>\n<div><a href=\"https:\/\/www.tourenwagenjuniorcup.de\/last-minute-pole-fuer-mike-mueller-am-lausitzring\/\" class=\"more-link\">Read More<\/a><\/div>\n","protected":false},"author":3,"featured_media":5529,"comment_status":"closed","ping_status":"closed","sticky":false,"template":"","format":"standard","meta":{"footnotes":""},"categories":[3],"tags":[27,116,117,118],"class_list":["post-5528","post","type-post","status-publish","format-standard","has-post-thumbnail","hentry","category-unkategorisiert","tag-adac-racing-weekend","tag-adac-tourenwagen-junior-cup","tag-nachwuchsserie","tag-talente"],"yoast_head":"<!-- This site is optimized with the Yoast SEO plugin v25.9 - https:\/\/yoast.com\/wordpress\/plugins\/seo\/ -->\n<title>Last-Minute-Pole f\u00fcr Mike M\u00fcller am Lausitzring | ADAC Tourenwagen Junior Cup<\/title>\n<meta name=\"robots\" content=\"index, follow, max-snippet:-1, max-image-preview:large, max-video-preview:-1\" \/>\n<link rel=\"canonical\" href=\"https:\/\/www.tourenwagenjuniorcup.de\/en\/last-minute-pole-fuer-mike-mueller-am-lausitzring\/\" \/>\n<meta property=\"og:locale\" content=\"en_US\" \/>\n<meta property=\"og:type\" content=\"article\" \/>\n<meta property=\"og:title\" content=\"Last-Minute-Pole f\u00fcr Mike M\u00fcller am Lausitzring | ADAC Tourenwagen Junior Cup\" \/>\n<meta property=\"og:description\" content=\"Mike M\u00fcller (TOPCAR sport) f\u00e4hrt im Qualifying zum ersten Rennen des ADAC Tourenwagen Junior Cup auf dem DEKRA Lausitzring die Bestzeit, doch das Feld liegt eng beieinander. Hochspannung auf dem DEKRA Lausitzring im ADAC Tourenwagen Junior Cup: Im ersten Zeittraining trennten die Top 10 nur 1,009 Sekunden. Die Youngster in ihren 155 PS starken VW up! GTI zeigen, dass das ... Read More\" \/>\n<meta property=\"og:url\" content=\"https:\/\/www.tourenwagenjuniorcup.de\/last-minute-pole-fuer-mike-mueller-am-lausitzring\/\" \/>\n<meta property=\"og:site_name\" content=\"ADAC Tourenwagen Junior Cup\" \/>\n<meta property=\"article:published_time\" content=\"2023-06-03T13:32:53+00:00\" \/>\n<meta property=\"article:modified_time\" content=\"2023-06-03T13:45:32+00:00\" \/>\n<meta property=\"og:image\" content=\"https:\/\/www.tourenwagenjuniorcup.de\/wp-content\/uploads\/2023.06.03.Mike_Mueller_Pole.jpg\" \/>\n\t<meta property=\"og:image:width\" content=\"1920\" \/>\n\t<meta property=\"og:image:height\" content=\"1439\" \/>\n\t<meta property=\"og:image:type\" content=\"image\/jpeg\" \/>\n<meta name=\"author\" content=\"Matthias Meyer\" \/>\n<meta name=\"twitter:card\" content=\"summary_large_image\" \/>\n<meta name=\"twitter:label1\" content=\"Written by\" \/>\n\t<meta name=\"twitter:data1\" content=\"Matthias Meyer\" \/>\n\t<meta name=\"twitter:label2\" content=\"Est. reading time\" \/>\n\t<meta name=\"twitter:data2\" content=\"2 minutes\" \/>\n<script type=\"application\/ld+json\" class=\"yoast-schema-graph\">{\"@context\":\"https:\/\/schema.org\",\"@graph\":[{\"@type\":\"WebPage\",\"@id\":\"https:\/\/www.tourenwagenjuniorcup.de\/last-minute-pole-fuer-mike-mueller-am-lausitzring\/\",\"url\":\"https:\/\/www.tourenwagenjuniorcup.de\/last-minute-pole-fuer-mike-mueller-am-lausitzring\/\",\"name\":\"Last-Minute-Pole f\u00fcr Mike M\u00fcller am Lausitzring | ADAC Tourenwagen Junior Cup\",\"isPartOf\":{\"@id\":\"https:\/\/www.tourenwagenjuniorcup.de\/en\/#website\"},\"primaryImageOfPage\":{\"@id\":\"https:\/\/www.tourenwagenjuniorcup.de\/last-minute-pole-fuer-mike-mueller-am-lausitzring\/#primaryimage\"},\"image\":{\"@id\":\"https:\/\/www.tourenwagenjuniorcup.de\/last-minute-pole-fuer-mike-mueller-am-lausitzring\/#primaryimage\"},\"thumbnailUrl\":\"https:\/\/www.tourenwagenjuniorcup.de\/wp-content\/uploads\/2023.06.03.Mike_Mueller_Pole.jpg\",\"datePublished\":\"2023-06-03T13:32:53+00:00\",\"dateModified\":\"2023-06-03T13:45:32+00:00\",\"author\":{\"@id\":\"https:\/\/www.tourenwagenjuniorcup.de\/en\/#\/schema\/person\/555d6c5113b5491d1fd53b653f9acf4c\"},\"breadcrumb\":{\"@id\":\"https:\/\/www.tourenwagenjuniorcup.de\/last-minute-pole-fuer-mike-mueller-am-lausitzring\/#breadcrumb\"},\"inLanguage\":\"en-US\",\"potentialAction\":[{\"@type\":\"ReadAction\",\"target\":[\"https:\/\/www.tourenwagenjuniorcup.de\/last-minute-pole-fuer-mike-mueller-am-lausitzring\/\"]}]},{\"@type\":\"ImageObject\",\"inLanguage\":\"en-US\",\"@id\":\"https:\/\/www.tourenwagenjuniorcup.de\/last-minute-pole-fuer-mike-mueller-am-lausitzring\/#primaryimage\",\"url\":\"https:\/\/www.tourenwagenjuniorcup.de\/wp-content\/uploads\/2023.06.03.Mike_Mueller_Pole.jpg\",\"contentUrl\":\"https:\/\/www.tourenwagenjuniorcup.de\/wp-content\/uploads\/2023.06.03.Mike_Mueller_Pole.jpg\",\"width\":1920,\"height\":1439},{\"@type\":\"BreadcrumbList\",\"@id\":\"https:\/\/www.tourenwagenjuniorcup.de\/last-minute-pole-fuer-mike-mueller-am-lausitzring\/#breadcrumb\",\"itemListElement\":[{\"@type\":\"ListItem\",\"position\":1,\"name\":\"Startseite\",\"item\":\"https:\/\/www.tourenwagenjuniorcup.de\/en\/\"},{\"@type\":\"ListItem\",\"position\":2,\"name\":\"Last-Minute-Pole f\u00fcr Mike M\u00fcller am Lausitzring\"}]},{\"@type\":\"WebSite\",\"@id\":\"https:\/\/www.tourenwagenjuniorcup.de\/en\/#website\",\"url\":\"https:\/\/www.tourenwagenjuniorcup.de\/en\/\",\"name\":\"ADAC Tourenwagen Junior Cup\",\"description\":\"Der ADAC Tourenwagen Junior Cup ist die deutsche Nachwuchsliga und dein Sprungbrett in den Profi-Sport.\",\"potentialAction\":[{\"@type\":\"SearchAction\",\"target\":{\"@type\":\"EntryPoint\",\"urlTemplate\":\"https:\/\/www.tourenwagenjuniorcup.de\/en\/?s={search_term_string}\"},\"query-input\":{\"@type\":\"PropertyValueSpecification\",\"valueRequired\":true,\"valueName\":\"search_term_string\"}}],\"inLanguage\":\"en-US\"},{\"@type\":\"Person\",\"@id\":\"https:\/\/www.tourenwagenjuniorcup.de\/en\/#\/schema\/person\/555d6c5113b5491d1fd53b653f9acf4c\",\"name\":\"Matthias Meyer\",\"image\":{\"@type\":\"ImageObject\",\"inLanguage\":\"en-US\",\"@id\":\"https:\/\/www.tourenwagenjuniorcup.de\/en\/#\/schema\/person\/image\/\",\"url\":\"https:\/\/secure.gravatar.com\/avatar\/4f7f88e9834655263977d4fa2e611bbaca4504a33c25d4bd6d973af7e9255f71?s=96&d=mm&r=g\",\"contentUrl\":\"https:\/\/secure.gravatar.com\/avatar\/4f7f88e9834655263977d4fa2e611bbaca4504a33c25d4bd6d973af7e9255f71?s=96&d=mm&r=g\",\"caption\":\"Matthias Meyer\"},\"url\":\"https:\/\/www.tourenwagenjuniorcup.de\/en\/author\/matthias\/\"}]}<\/script>\n<!-- \/ Yoast SEO plugin. -->","yoast_head_json":{"title":"Last-Minute-Pole f\u00fcr Mike M\u00fcller am Lausitzring | ADAC Tourenwagen Junior Cup","robots":{"index":"index","follow":"follow","max-snippet":"max-snippet:-1","max-image-preview":"max-image-preview:large","max-video-preview":"max-video-preview:-1"},"canonical":"https:\/\/www.tourenwagenjuniorcup.de\/en\/last-minute-pole-fuer-mike-mueller-am-lausitzring\/","og_locale":"en_US","og_type":"article","og_title":"Last-Minute-Pole f\u00fcr Mike M\u00fcller am Lausitzring | ADAC Tourenwagen Junior Cup","og_description":"Mike M\u00fcller (TOPCAR sport) f\u00e4hrt im Qualifying zum ersten Rennen des ADAC Tourenwagen Junior Cup auf dem DEKRA Lausitzring die Bestzeit, doch das Feld liegt eng beieinander. Hochspannung auf dem DEKRA Lausitzring im ADAC Tourenwagen Junior Cup: Im ersten Zeittraining trennten die Top 10 nur 1,009 Sekunden. Die Youngster in ihren 155 PS starken VW up! GTI zeigen, dass das ... Read More","og_url":"https:\/\/www.tourenwagenjuniorcup.de\/last-minute-pole-fuer-mike-mueller-am-lausitzring\/","og_site_name":"ADAC Tourenwagen Junior Cup","article_published_time":"2023-06-03T13:32:53+00:00","article_modified_time":"2023-06-03T13:45:32+00:00","og_image":[{"width":1920,"height":1439,"url":"https:\/\/www.tourenwagenjuniorcup.de\/wp-content\/uploads\/2023.06.03.Mike_Mueller_Pole.jpg","type":"image\/jpeg"}],"author":"Matthias Meyer","twitter_card":"summary_large_image","twitter_misc":{"Written by":"Matthias Meyer","Est. reading time":"2 minutes"},"schema":{"@context":"https:\/\/schema.org","@graph":[{"@type":"WebPage","@id":"https:\/\/www.tourenwagenjuniorcup.de\/last-minute-pole-fuer-mike-mueller-am-lausitzring\/","url":"https:\/\/www.tourenwagenjuniorcup.de\/last-minute-pole-fuer-mike-mueller-am-lausitzring\/","name":"Last-Minute-Pole f\u00fcr Mike M\u00fcller am Lausitzring | ADAC Tourenwagen Junior Cup","isPartOf":{"@id":"https:\/\/www.tourenwagenjuniorcup.de\/en\/#website"},"primaryImageOfPage":{"@id":"https:\/\/www.tourenwagenjuniorcup.de\/last-minute-pole-fuer-mike-mueller-am-lausitzring\/#primaryimage"},"image":{"@id":"https:\/\/www.tourenwagenjuniorcup.de\/last-minute-pole-fuer-mike-mueller-am-lausitzring\/#primaryimage"},"thumbnailUrl":"https:\/\/www.tourenwagenjuniorcup.de\/wp-content\/uploads\/2023.06.03.Mike_Mueller_Pole.jpg","datePublished":"2023-06-03T13:32:53+00:00","dateModified":"2023-06-03T13:45:32+00:00","author":{"@id":"https:\/\/www.tourenwagenjuniorcup.de\/en\/#\/schema\/person\/555d6c5113b5491d1fd53b653f9acf4c"},"breadcrumb":{"@id":"https:\/\/www.tourenwagenjuniorcup.de\/last-minute-pole-fuer-mike-mueller-am-lausitzring\/#breadcrumb"},"inLanguage":"en-US","potentialAction":[{"@type":"ReadAction","target":["https:\/\/www.tourenwagenjuniorcup.de\/last-minute-pole-fuer-mike-mueller-am-lausitzring\/"]}]},{"@type":"ImageObject","inLanguage":"en-US","@id":"https:\/\/www.tourenwagenjuniorcup.de\/last-minute-pole-fuer-mike-mueller-am-lausitzring\/#primaryimage","url":"https:\/\/www.tourenwagenjuniorcup.de\/wp-content\/uploads\/2023.06.03.Mike_Mueller_Pole.jpg","contentUrl":"https:\/\/www.tourenwagenjuniorcup.de\/wp-content\/uploads\/2023.06.03.Mike_Mueller_Pole.jpg","width":1920,"height":1439},{"@type":"BreadcrumbList","@id":"https:\/\/www.tourenwagenjuniorcup.de\/last-minute-pole-fuer-mike-mueller-am-lausitzring\/#breadcrumb","itemListElement":[{"@type":"ListItem","position":1,"name":"Startseite","item":"https:\/\/www.tourenwagenjuniorcup.de\/en\/"},{"@type":"ListItem","position":2,"name":"Last-Minute-Pole f\u00fcr Mike M\u00fcller am Lausitzring"}]},{"@type":"WebSite","@id":"https:\/\/www.tourenwagenjuniorcup.de\/en\/#website","url":"https:\/\/www.tourenwagenjuniorcup.de\/en\/","name":"ADAC Tourenwagen Junior Cup","description":"Der ADAC Tourenwagen Junior Cup ist die deutsche Nachwuchsliga und dein Sprungbrett in den Profi-Sport.","potentialAction":[{"@type":"SearchAction","target":{"@type":"EntryPoint","urlTemplate":"https:\/\/www.tourenwagenjuniorcup.de\/en\/?s={search_term_string}"},"query-input":{"@type":"PropertyValueSpecification","valueRequired":true,"valueName":"search_term_string"}}],"inLanguage":"en-US"},{"@type":"Person","@id":"https:\/\/www.tourenwagenjuniorcup.de\/en\/#\/schema\/person\/555d6c5113b5491d1fd53b653f9acf4c","name":"Matthias Meyer","image":{"@type":"ImageObject","inLanguage":"en-US","@id":"https:\/\/www.tourenwagenjuniorcup.de\/en\/#\/schema\/person\/image\/","url":"https:\/\/secure.gravatar.com\/avatar\/4f7f88e9834655263977d4fa2e611bbaca4504a33c25d4bd6d973af7e9255f71?s=96&d=mm&r=g","contentUrl":"https:\/\/secure.gravatar.com\/avatar\/4f7f88e9834655263977d4fa2e611bbaca4504a33c25d4bd6d973af7e9255f71?s=96&d=mm&r=g","caption":"Matthias Meyer"},"url":"https:\/\/www.tourenwagenjuniorcup.de\/en\/author\/matthias\/"}]}},"_links":{"self":[{"href":"https:\/\/www.tourenwagenjuniorcup.de\/en\/wp-json\/wp\/v2\/posts\/5528","targetHints":{"allow":["GET"]}}],"collection":[{"href":"https:\/\/www.tourenwagenjuniorcup.de\/en\/wp-json\/wp\/v2\/posts"}],"about":[{"href":"https:\/\/www.tourenwagenjuniorcup.de\/en\/wp-json\/wp\/v2\/types\/post"}],"author":[{"embeddable":true,"href":"https:\/\/www.tourenwagenjuniorcup.de\/en\/wp-json\/wp\/v2\/users\/3"}],"replies":[{"embeddable":true,"href":"https:\/\/www.tourenwagenjuniorcup.de\/en\/wp-json\/wp\/v2\/comments?post=5528"}],"version-history":[{"count":2,"href":"https:\/\/www.tourenwagenjuniorcup.de\/en\/wp-json\/wp\/v2\/posts\/5528\/revisions"}],"predecessor-version":[{"id":5532,"href":"https:\/\/www.tourenwagenjuniorcup.de\/en\/wp-json\/wp\/v2\/posts\/5528\/revisions\/5532"}],"wp:featuredmedia":[{"embeddable":true,"href":"https:\/\/www.tourenwagenjuniorcup.de\/en\/wp-json\/wp\/v2\/media\/5529"}],"wp:attachment":[{"href":"https:\/\/www.tourenwagenjuniorcup.de\/en\/wp-json\/wp\/v2\/media?parent=5528"}],"wp:term":[{"taxonomy":"category","embeddable":true,"href":"https:\/\/www.tourenwagenjuniorcup.de\/en\/wp-json\/wp\/v2\/categories?post=5528"},{"taxonomy":"post_tag","embeddable":true,"href":"https:\/\/www.tourenwagenjuniorcup.de\/en\/wp-json\/wp\/v2\/tags?post=5528"}],"curies":[{"name":"wp","href":"https:\/\/api.w.org\/{rel}","templated":true}]}}