{"id":582,"date":"2020-01-27T19:30:45","date_gmt":"2020-01-27T19:30:45","guid":{"rendered":"https:\/\/www.tourenwagenjuniorcup.de\/?p=582"},"modified":"2020-03-22T01:12:56","modified_gmt":"2020-03-22T01:12:56","slug":"erfolgreicher-auftritt-auf-der-kartmesse-in-offenbach","status":"publish","type":"post","link":"https:\/\/www.tourenwagenjuniorcup.de\/en\/erfolgreicher-auftritt-auf-der-kartmesse-in-offenbach\/","title":{"rendered":"ERFOLGREICHER AUFTRITT AUF DER KARTMESSE IN OFFENBACH"},"content":{"rendered":"<div id=\"cs-content\" class=\"cs-content\"><\/div>\n","protected":false},"excerpt":{"rendered":"<p>Gro\u00dfes Interesse am Tourenwagen Junior Cup Fahrerfeld f\u00fcllt sich weiter Verg\u00fcnstigte Einschreibung und Fahrzeugvorbestellungen noch bis 15. Februar m\u00f6glich Das vergangene Wochenende stand f\u00fcr den Tourenwagen Junior Cup ganz im Zeichen der IKA 2020 in Offenbach. Auf dem Stand des ADAC e.V. pr\u00e4sentierte die Serienorganisation das Fahrzeug und stand den Interessenten aus dem Kartsport mit allen Informationen zur Saison 2020 &#8230; <\/p>\n<div><a href=\"https:\/\/www.tourenwagenjuniorcup.de\/en\/erfolgreicher-auftritt-auf-der-kartmesse-in-offenbach\/\" class=\"more-link\">Read More<\/a><\/div>\n","protected":false},"author":3,"featured_media":581,"comment_status":"closed","ping_status":"closed","sticky":false,"template":"","format":"standard","meta":{"footnotes":""},"categories":[3],"tags":[],"class_list":["post-582","post","type-post","status-publish","format-standard","has-post-thumbnail","hentry","category-unkategorisiert"],"yoast_head":"<!-- This site is optimized with the Yoast SEO plugin v25.9 - https:\/\/yoast.com\/wordpress\/plugins\/seo\/ -->\n<title>ERFOLGREICHER AUFTRITT AUF DER KARTMESSE IN OFFENBACH | ADAC Tourenwagen Junior Cup<\/title>\n<meta name=\"robots\" content=\"index, follow, max-snippet:-1, max-image-preview:large, max-video-preview:-1\" \/>\n<link rel=\"canonical\" href=\"https:\/\/www.tourenwagenjuniorcup.de\/en\/erfolgreicher-auftritt-auf-der-kartmesse-in-offenbach\/\" \/>\n<meta property=\"og:locale\" content=\"en_US\" \/>\n<meta property=\"og:type\" content=\"article\" \/>\n<meta property=\"og:title\" content=\"ERFOLGREICHER AUFTRITT AUF DER KARTMESSE IN OFFENBACH | ADAC Tourenwagen Junior Cup\" \/>\n<meta property=\"og:description\" content=\"Gro\u00dfes Interesse am Tourenwagen Junior Cup Fahrerfeld f\u00fcllt sich weiter Verg\u00fcnstigte Einschreibung und Fahrzeugvorbestellungen noch bis 15. Februar m\u00f6glich Das vergangene Wochenende stand f\u00fcr den Tourenwagen Junior Cup ganz im Zeichen der IKA 2020 in Offenbach. Auf dem Stand des ADAC e.V. pr\u00e4sentierte die Serienorganisation das Fahrzeug und stand den Interessenten aus dem Kartsport mit allen Informationen zur Saison 2020 ... Read More\" \/>\n<meta property=\"og:url\" content=\"https:\/\/www.tourenwagenjuniorcup.de\/en\/erfolgreicher-auftritt-auf-der-kartmesse-in-offenbach\/\" \/>\n<meta property=\"og:site_name\" content=\"ADAC Tourenwagen Junior Cup\" \/>\n<meta property=\"article:published_time\" content=\"2020-01-27T19:30:45+00:00\" \/>\n<meta property=\"article:modified_time\" content=\"2020-03-22T01:12:56+00:00\" \/>\n<meta property=\"og:image\" content=\"https:\/\/www.tourenwagenjuniorcup.de\/wp-content\/uploads\/2020\/01\/Kartmesse-2020-Recap.jpeg\" \/>\n\t<meta property=\"og:image:width\" content=\"1920\" \/>\n\t<meta property=\"og:image:height\" content=\"1280\" \/>\n\t<meta property=\"og:image:type\" content=\"image\/jpeg\" \/>\n<meta name=\"author\" content=\"Matthias Meyer\" \/>\n<meta name=\"twitter:card\" content=\"summary_large_image\" \/>\n<meta name=\"twitter:label1\" content=\"Written by\" \/>\n\t<meta name=\"twitter:data1\" content=\"Matthias Meyer\" \/>\n<script type=\"application\/ld+json\" class=\"yoast-schema-graph\">{\"@context\":\"https:\/\/schema.org\",\"@graph\":[{\"@type\":\"WebPage\",\"@id\":\"https:\/\/www.tourenwagenjuniorcup.de\/en\/erfolgreicher-auftritt-auf-der-kartmesse-in-offenbach\/\",\"url\":\"https:\/\/www.tourenwagenjuniorcup.de\/en\/erfolgreicher-auftritt-auf-der-kartmesse-in-offenbach\/\",\"name\":\"ERFOLGREICHER AUFTRITT AUF DER KARTMESSE IN OFFENBACH | ADAC Tourenwagen Junior Cup\",\"isPartOf\":{\"@id\":\"https:\/\/www.tourenwagenjuniorcup.de\/en\/#website\"},\"primaryImageOfPage\":{\"@id\":\"https:\/\/www.tourenwagenjuniorcup.de\/en\/erfolgreicher-auftritt-auf-der-kartmesse-in-offenbach\/#primaryimage\"},\"image\":{\"@id\":\"https:\/\/www.tourenwagenjuniorcup.de\/en\/erfolgreicher-auftritt-auf-der-kartmesse-in-offenbach\/#primaryimage\"},\"thumbnailUrl\":\"https:\/\/www.tourenwagenjuniorcup.de\/wp-content\/uploads\/2020\/01\/Kartmesse-2020-Recap.jpeg\",\"datePublished\":\"2020-01-27T19:30:45+00:00\",\"dateModified\":\"2020-03-22T01:12:56+00:00\",\"author\":{\"@id\":\"https:\/\/www.tourenwagenjuniorcup.de\/en\/#\/schema\/person\/555d6c5113b5491d1fd53b653f9acf4c\"},\"breadcrumb\":{\"@id\":\"https:\/\/www.tourenwagenjuniorcup.de\/en\/erfolgreicher-auftritt-auf-der-kartmesse-in-offenbach\/#breadcrumb\"},\"inLanguage\":\"en-US\",\"potentialAction\":[{\"@type\":\"ReadAction\",\"target\":[\"https:\/\/www.tourenwagenjuniorcup.de\/en\/erfolgreicher-auftritt-auf-der-kartmesse-in-offenbach\/\"]}]},{\"@type\":\"ImageObject\",\"inLanguage\":\"en-US\",\"@id\":\"https:\/\/www.tourenwagenjuniorcup.de\/en\/erfolgreicher-auftritt-auf-der-kartmesse-in-offenbach\/#primaryimage\",\"url\":\"https:\/\/www.tourenwagenjuniorcup.de\/wp-content\/uploads\/2020\/01\/Kartmesse-2020-Recap.jpeg\",\"contentUrl\":\"https:\/\/www.tourenwagenjuniorcup.de\/wp-content\/uploads\/2020\/01\/Kartmesse-2020-Recap.jpeg\",\"width\":1920,\"height\":1280},{\"@type\":\"BreadcrumbList\",\"@id\":\"https:\/\/www.tourenwagenjuniorcup.de\/en\/erfolgreicher-auftritt-auf-der-kartmesse-in-offenbach\/#breadcrumb\",\"itemListElement\":[{\"@type\":\"ListItem\",\"position\":1,\"name\":\"Startseite\",\"item\":\"https:\/\/www.tourenwagenjuniorcup.de\/en\/\"},{\"@type\":\"ListItem\",\"position\":2,\"name\":\"ERFOLGREICHER AUFTRITT AUF DER KARTMESSE IN OFFENBACH\"}]},{\"@type\":\"WebSite\",\"@id\":\"https:\/\/www.tourenwagenjuniorcup.de\/en\/#website\",\"url\":\"https:\/\/www.tourenwagenjuniorcup.de\/en\/\",\"name\":\"ADAC Tourenwagen Junior Cup\",\"description\":\"Der ADAC Tourenwagen Junior Cup ist die deutsche Nachwuchsliga und dein Sprungbrett in den Profi-Sport.\",\"potentialAction\":[{\"@type\":\"SearchAction\",\"target\":{\"@type\":\"EntryPoint\",\"urlTemplate\":\"https:\/\/www.tourenwagenjuniorcup.de\/en\/?s={search_term_string}\"},\"query-input\":{\"@type\":\"PropertyValueSpecification\",\"valueRequired\":true,\"valueName\":\"search_term_string\"}}],\"inLanguage\":\"en-US\"},{\"@type\":\"Person\",\"@id\":\"https:\/\/www.tourenwagenjuniorcup.de\/en\/#\/schema\/person\/555d6c5113b5491d1fd53b653f9acf4c\",\"name\":\"Matthias Meyer\",\"image\":{\"@type\":\"ImageObject\",\"inLanguage\":\"en-US\",\"@id\":\"https:\/\/www.tourenwagenjuniorcup.de\/en\/#\/schema\/person\/image\/\",\"url\":\"https:\/\/secure.gravatar.com\/avatar\/4f7f88e9834655263977d4fa2e611bbaca4504a33c25d4bd6d973af7e9255f71?s=96&d=mm&r=g\",\"contentUrl\":\"https:\/\/secure.gravatar.com\/avatar\/4f7f88e9834655263977d4fa2e611bbaca4504a33c25d4bd6d973af7e9255f71?s=96&d=mm&r=g\",\"caption\":\"Matthias Meyer\"},\"url\":\"https:\/\/www.tourenwagenjuniorcup.de\/en\/author\/matthias\/\"}]}<\/script>\n<!-- \/ Yoast SEO plugin. -->","yoast_head_json":{"title":"ERFOLGREICHER AUFTRITT AUF DER KARTMESSE IN OFFENBACH | ADAC Tourenwagen Junior Cup","robots":{"index":"index","follow":"follow","max-snippet":"max-snippet:-1","max-image-preview":"max-image-preview:large","max-video-preview":"max-video-preview:-1"},"canonical":"https:\/\/www.tourenwagenjuniorcup.de\/en\/erfolgreicher-auftritt-auf-der-kartmesse-in-offenbach\/","og_locale":"en_US","og_type":"article","og_title":"ERFOLGREICHER AUFTRITT AUF DER KARTMESSE IN OFFENBACH | ADAC Tourenwagen Junior Cup","og_description":"Gro\u00dfes Interesse am Tourenwagen Junior Cup Fahrerfeld f\u00fcllt sich weiter Verg\u00fcnstigte Einschreibung und Fahrzeugvorbestellungen noch bis 15. Februar m\u00f6glich Das vergangene Wochenende stand f\u00fcr den Tourenwagen Junior Cup ganz im Zeichen der IKA 2020 in Offenbach. Auf dem Stand des ADAC e.V. pr\u00e4sentierte die Serienorganisation das Fahrzeug und stand den Interessenten aus dem Kartsport mit allen Informationen zur Saison 2020 ... Read More","og_url":"https:\/\/www.tourenwagenjuniorcup.de\/en\/erfolgreicher-auftritt-auf-der-kartmesse-in-offenbach\/","og_site_name":"ADAC Tourenwagen Junior Cup","article_published_time":"2020-01-27T19:30:45+00:00","article_modified_time":"2020-03-22T01:12:56+00:00","og_image":[{"width":1920,"height":1280,"url":"https:\/\/www.tourenwagenjuniorcup.de\/wp-content\/uploads\/2020\/01\/Kartmesse-2020-Recap.jpeg","type":"image\/jpeg"}],"author":"Matthias Meyer","twitter_card":"summary_large_image","twitter_misc":{"Written by":"Matthias Meyer"},"schema":{"@context":"https:\/\/schema.org","@graph":[{"@type":"WebPage","@id":"https:\/\/www.tourenwagenjuniorcup.de\/en\/erfolgreicher-auftritt-auf-der-kartmesse-in-offenbach\/","url":"https:\/\/www.tourenwagenjuniorcup.de\/en\/erfolgreicher-auftritt-auf-der-kartmesse-in-offenbach\/","name":"ERFOLGREICHER AUFTRITT AUF DER KARTMESSE IN OFFENBACH | ADAC Tourenwagen Junior Cup","isPartOf":{"@id":"https:\/\/www.tourenwagenjuniorcup.de\/en\/#website"},"primaryImageOfPage":{"@id":"https:\/\/www.tourenwagenjuniorcup.de\/en\/erfolgreicher-auftritt-auf-der-kartmesse-in-offenbach\/#primaryimage"},"image":{"@id":"https:\/\/www.tourenwagenjuniorcup.de\/en\/erfolgreicher-auftritt-auf-der-kartmesse-in-offenbach\/#primaryimage"},"thumbnailUrl":"https:\/\/www.tourenwagenjuniorcup.de\/wp-content\/uploads\/2020\/01\/Kartmesse-2020-Recap.jpeg","datePublished":"2020-01-27T19:30:45+00:00","dateModified":"2020-03-22T01:12:56+00:00","author":{"@id":"https:\/\/www.tourenwagenjuniorcup.de\/en\/#\/schema\/person\/555d6c5113b5491d1fd53b653f9acf4c"},"breadcrumb":{"@id":"https:\/\/www.tourenwagenjuniorcup.de\/en\/erfolgreicher-auftritt-auf-der-kartmesse-in-offenbach\/#breadcrumb"},"inLanguage":"en-US","potentialAction":[{"@type":"ReadAction","target":["https:\/\/www.tourenwagenjuniorcup.de\/en\/erfolgreicher-auftritt-auf-der-kartmesse-in-offenbach\/"]}]},{"@type":"ImageObject","inLanguage":"en-US","@id":"https:\/\/www.tourenwagenjuniorcup.de\/en\/erfolgreicher-auftritt-auf-der-kartmesse-in-offenbach\/#primaryimage","url":"https:\/\/www.tourenwagenjuniorcup.de\/wp-content\/uploads\/2020\/01\/Kartmesse-2020-Recap.jpeg","contentUrl":"https:\/\/www.tourenwagenjuniorcup.de\/wp-content\/uploads\/2020\/01\/Kartmesse-2020-Recap.jpeg","width":1920,"height":1280},{"@type":"BreadcrumbList","@id":"https:\/\/www.tourenwagenjuniorcup.de\/en\/erfolgreicher-auftritt-auf-der-kartmesse-in-offenbach\/#breadcrumb","itemListElement":[{"@type":"ListItem","position":1,"name":"Startseite","item":"https:\/\/www.tourenwagenjuniorcup.de\/en\/"},{"@type":"ListItem","position":2,"name":"ERFOLGREICHER AUFTRITT AUF DER KARTMESSE IN OFFENBACH"}]},{"@type":"WebSite","@id":"https:\/\/www.tourenwagenjuniorcup.de\/en\/#website","url":"https:\/\/www.tourenwagenjuniorcup.de\/en\/","name":"ADAC Tourenwagen Junior Cup","description":"Der ADAC Tourenwagen Junior Cup ist die deutsche Nachwuchsliga und dein Sprungbrett in den Profi-Sport.","potentialAction":[{"@type":"SearchAction","target":{"@type":"EntryPoint","urlTemplate":"https:\/\/www.tourenwagenjuniorcup.de\/en\/?s={search_term_string}"},"query-input":{"@type":"PropertyValueSpecification","valueRequired":true,"valueName":"search_term_string"}}],"inLanguage":"en-US"},{"@type":"Person","@id":"https:\/\/www.tourenwagenjuniorcup.de\/en\/#\/schema\/person\/555d6c5113b5491d1fd53b653f9acf4c","name":"Matthias Meyer","image":{"@type":"ImageObject","inLanguage":"en-US","@id":"https:\/\/www.tourenwagenjuniorcup.de\/en\/#\/schema\/person\/image\/","url":"https:\/\/secure.gravatar.com\/avatar\/4f7f88e9834655263977d4fa2e611bbaca4504a33c25d4bd6d973af7e9255f71?s=96&d=mm&r=g","contentUrl":"https:\/\/secure.gravatar.com\/avatar\/4f7f88e9834655263977d4fa2e611bbaca4504a33c25d4bd6d973af7e9255f71?s=96&d=mm&r=g","caption":"Matthias Meyer"},"url":"https:\/\/www.tourenwagenjuniorcup.de\/en\/author\/matthias\/"}]}},"_links":{"self":[{"href":"https:\/\/www.tourenwagenjuniorcup.de\/en\/wp-json\/wp\/v2\/posts\/582","targetHints":{"allow":["GET"]}}],"collection":[{"href":"https:\/\/www.tourenwagenjuniorcup.de\/en\/wp-json\/wp\/v2\/posts"}],"about":[{"href":"https:\/\/www.tourenwagenjuniorcup.de\/en\/wp-json\/wp\/v2\/types\/post"}],"author":[{"embeddable":true,"href":"https:\/\/www.tourenwagenjuniorcup.de\/en\/wp-json\/wp\/v2\/users\/3"}],"replies":[{"embeddable":true,"href":"https:\/\/www.tourenwagenjuniorcup.de\/en\/wp-json\/wp\/v2\/comments?post=582"}],"version-history":[{"count":3,"href":"https:\/\/www.tourenwagenjuniorcup.de\/en\/wp-json\/wp\/v2\/posts\/582\/revisions"}],"predecessor-version":[{"id":585,"href":"https:\/\/www.tourenwagenjuniorcup.de\/en\/wp-json\/wp\/v2\/posts\/582\/revisions\/585"}],"wp:featuredmedia":[{"embeddable":true,"href":"https:\/\/www.tourenwagenjuniorcup.de\/en\/wp-json\/wp\/v2\/media\/581"}],"wp:attachment":[{"href":"https:\/\/www.tourenwagenjuniorcup.de\/en\/wp-json\/wp\/v2\/media?parent=582"}],"wp:term":[{"taxonomy":"category","embeddable":true,"href":"https:\/\/www.tourenwagenjuniorcup.de\/en\/wp-json\/wp\/v2\/categories?post=582"},{"taxonomy":"post_tag","embeddable":true,"href":"https:\/\/www.tourenwagenjuniorcup.de\/en\/wp-json\/wp\/v2\/tags?post=582"}],"curies":[{"name":"wp","href":"https:\/\/api.w.org\/{rel}","templated":true}]}}