{"id":603,"date":"2020-02-07T09:50:15","date_gmt":"2020-02-07T09:50:15","guid":{"rendered":"https:\/\/www.tourenwagenjuniorcup.de\/?p=603"},"modified":"2020-03-01T19:30:38","modified_gmt":"2020-03-01T19:30:38","slug":"gesponserter-vw-up-gti-cup-fuer-junior-bei-max-kruse-racing","status":"publish","type":"post","link":"https:\/\/www.tourenwagenjuniorcup.de\/en\/gesponserter-vw-up-gti-cup-fuer-junior-bei-max-kruse-racing\/","title":{"rendered":"GESPONSERTER VW UP! GTI CUP F\u00dcR JUNIOR BEI MAX KRUSE RACING"},"content":{"rendered":"<div id=\"cs-content\" class=\"cs-content\"><\/div>\n","protected":false},"excerpt":{"rendered":"<p>In der Saison 2020 wird ein junger Fahrer im Tourenwagen Junior Cup besonders unterst\u00fctzt: Das Fahrzeug wird f\u00fcr den Einsatz gesponsert und in die erfahrenen Coaching-H\u00e4nde von Benjamin Leuchter beim Team Max Kruse Racing \u00fcbergeben. Ab dem 10.02.2020 k\u00f6nnen sich talentierte Nachwuchsfahrer um das Fahrzeug bewerben. Es h\u00f6rt sich an wie ein Traum, ist aber Realit\u00e4t: Ralf Martin (S\u00fcddeutschland) hat &#8230; <\/p>\n<div><a href=\"https:\/\/www.tourenwagenjuniorcup.de\/en\/gesponserter-vw-up-gti-cup-fuer-junior-bei-max-kruse-racing\/\" class=\"more-link\">Read More<\/a><\/div>\n","protected":false},"author":3,"featured_media":606,"comment_status":"closed","ping_status":"closed","sticky":false,"template":"","format":"standard","meta":{"footnotes":""},"categories":[3],"tags":[],"class_list":["post-603","post","type-post","status-publish","format-standard","has-post-thumbnail","hentry","category-unkategorisiert"],"yoast_head":"<!-- This site is optimized with the Yoast SEO plugin v25.9 - https:\/\/yoast.com\/wordpress\/plugins\/seo\/ -->\n<title>GESPONSERTER VW UP! GTI CUP F\u00dcR JUNIOR BEI MAX KRUSE RACING | ADAC Tourenwagen Junior Cup<\/title>\n<meta name=\"robots\" content=\"index, follow, max-snippet:-1, max-image-preview:large, max-video-preview:-1\" \/>\n<link rel=\"canonical\" href=\"https:\/\/www.tourenwagenjuniorcup.de\/en\/gesponserter-vw-up-gti-cup-fuer-junior-bei-max-kruse-racing\/\" \/>\n<meta property=\"og:locale\" content=\"en_US\" \/>\n<meta property=\"og:type\" content=\"article\" \/>\n<meta property=\"og:title\" content=\"GESPONSERTER VW UP! GTI CUP F\u00dcR JUNIOR BEI MAX KRUSE RACING | ADAC Tourenwagen Junior Cup\" \/>\n<meta property=\"og:description\" content=\"In der Saison 2020 wird ein junger Fahrer im Tourenwagen Junior Cup besonders unterst\u00fctzt: Das Fahrzeug wird f\u00fcr den Einsatz gesponsert und in die erfahrenen Coaching-H\u00e4nde von Benjamin Leuchter beim Team Max Kruse Racing \u00fcbergeben. Ab dem 10.02.2020 k\u00f6nnen sich talentierte Nachwuchsfahrer um das Fahrzeug bewerben. Es h\u00f6rt sich an wie ein Traum, ist aber Realit\u00e4t: Ralf Martin (S\u00fcddeutschland) hat ... Read More\" \/>\n<meta property=\"og:url\" content=\"https:\/\/www.tourenwagenjuniorcup.de\/en\/gesponserter-vw-up-gti-cup-fuer-junior-bei-max-kruse-racing\/\" \/>\n<meta property=\"og:site_name\" content=\"ADAC Tourenwagen Junior Cup\" \/>\n<meta property=\"article:published_time\" content=\"2020-02-07T09:50:15+00:00\" \/>\n<meta property=\"article:modified_time\" content=\"2020-03-01T19:30:38+00:00\" \/>\n<meta property=\"og:image\" content=\"https:\/\/www.tourenwagenjuniorcup.de\/wp-content\/uploads\/2020\/02\/MKR-VW-up-GTI-Cup.jpg\" \/>\n\t<meta property=\"og:image:width\" content=\"1500\" \/>\n\t<meta property=\"og:image:height\" content=\"1000\" \/>\n\t<meta property=\"og:image:type\" content=\"image\/jpeg\" \/>\n<meta name=\"author\" content=\"Matthias Meyer\" \/>\n<meta name=\"twitter:card\" content=\"summary_large_image\" \/>\n<meta name=\"twitter:label1\" content=\"Written by\" \/>\n\t<meta name=\"twitter:data1\" content=\"Matthias Meyer\" \/>\n<script type=\"application\/ld+json\" class=\"yoast-schema-graph\">{\"@context\":\"https:\/\/schema.org\",\"@graph\":[{\"@type\":\"WebPage\",\"@id\":\"https:\/\/www.tourenwagenjuniorcup.de\/en\/gesponserter-vw-up-gti-cup-fuer-junior-bei-max-kruse-racing\/\",\"url\":\"https:\/\/www.tourenwagenjuniorcup.de\/en\/gesponserter-vw-up-gti-cup-fuer-junior-bei-max-kruse-racing\/\",\"name\":\"GESPONSERTER VW UP! GTI CUP F\u00dcR JUNIOR BEI MAX KRUSE RACING | ADAC Tourenwagen Junior Cup\",\"isPartOf\":{\"@id\":\"https:\/\/www.tourenwagenjuniorcup.de\/en\/#website\"},\"primaryImageOfPage\":{\"@id\":\"https:\/\/www.tourenwagenjuniorcup.de\/en\/gesponserter-vw-up-gti-cup-fuer-junior-bei-max-kruse-racing\/#primaryimage\"},\"image\":{\"@id\":\"https:\/\/www.tourenwagenjuniorcup.de\/en\/gesponserter-vw-up-gti-cup-fuer-junior-bei-max-kruse-racing\/#primaryimage\"},\"thumbnailUrl\":\"https:\/\/www.tourenwagenjuniorcup.de\/wp-content\/uploads\/2020\/02\/MKR-VW-up-GTI-Cup.jpg\",\"datePublished\":\"2020-02-07T09:50:15+00:00\",\"dateModified\":\"2020-03-01T19:30:38+00:00\",\"author\":{\"@id\":\"https:\/\/www.tourenwagenjuniorcup.de\/en\/#\/schema\/person\/555d6c5113b5491d1fd53b653f9acf4c\"},\"breadcrumb\":{\"@id\":\"https:\/\/www.tourenwagenjuniorcup.de\/en\/gesponserter-vw-up-gti-cup-fuer-junior-bei-max-kruse-racing\/#breadcrumb\"},\"inLanguage\":\"en-US\",\"potentialAction\":[{\"@type\":\"ReadAction\",\"target\":[\"https:\/\/www.tourenwagenjuniorcup.de\/en\/gesponserter-vw-up-gti-cup-fuer-junior-bei-max-kruse-racing\/\"]}]},{\"@type\":\"ImageObject\",\"inLanguage\":\"en-US\",\"@id\":\"https:\/\/www.tourenwagenjuniorcup.de\/en\/gesponserter-vw-up-gti-cup-fuer-junior-bei-max-kruse-racing\/#primaryimage\",\"url\":\"https:\/\/www.tourenwagenjuniorcup.de\/wp-content\/uploads\/2020\/02\/MKR-VW-up-GTI-Cup.jpg\",\"contentUrl\":\"https:\/\/www.tourenwagenjuniorcup.de\/wp-content\/uploads\/2020\/02\/MKR-VW-up-GTI-Cup.jpg\",\"width\":1500,\"height\":1000},{\"@type\":\"BreadcrumbList\",\"@id\":\"https:\/\/www.tourenwagenjuniorcup.de\/en\/gesponserter-vw-up-gti-cup-fuer-junior-bei-max-kruse-racing\/#breadcrumb\",\"itemListElement\":[{\"@type\":\"ListItem\",\"position\":1,\"name\":\"Startseite\",\"item\":\"https:\/\/www.tourenwagenjuniorcup.de\/en\/\"},{\"@type\":\"ListItem\",\"position\":2,\"name\":\"GESPONSERTER VW UP! GTI CUP F\u00dcR JUNIOR BEI MAX KRUSE RACING\"}]},{\"@type\":\"WebSite\",\"@id\":\"https:\/\/www.tourenwagenjuniorcup.de\/en\/#website\",\"url\":\"https:\/\/www.tourenwagenjuniorcup.de\/en\/\",\"name\":\"ADAC Tourenwagen Junior Cup\",\"description\":\"Der ADAC Tourenwagen Junior Cup ist die deutsche Nachwuchsliga und dein Sprungbrett in den Profi-Sport.\",\"potentialAction\":[{\"@type\":\"SearchAction\",\"target\":{\"@type\":\"EntryPoint\",\"urlTemplate\":\"https:\/\/www.tourenwagenjuniorcup.de\/en\/?s={search_term_string}\"},\"query-input\":{\"@type\":\"PropertyValueSpecification\",\"valueRequired\":true,\"valueName\":\"search_term_string\"}}],\"inLanguage\":\"en-US\"},{\"@type\":\"Person\",\"@id\":\"https:\/\/www.tourenwagenjuniorcup.de\/en\/#\/schema\/person\/555d6c5113b5491d1fd53b653f9acf4c\",\"name\":\"Matthias Meyer\",\"image\":{\"@type\":\"ImageObject\",\"inLanguage\":\"en-US\",\"@id\":\"https:\/\/www.tourenwagenjuniorcup.de\/en\/#\/schema\/person\/image\/\",\"url\":\"https:\/\/secure.gravatar.com\/avatar\/4f7f88e9834655263977d4fa2e611bbaca4504a33c25d4bd6d973af7e9255f71?s=96&d=mm&r=g\",\"contentUrl\":\"https:\/\/secure.gravatar.com\/avatar\/4f7f88e9834655263977d4fa2e611bbaca4504a33c25d4bd6d973af7e9255f71?s=96&d=mm&r=g\",\"caption\":\"Matthias Meyer\"},\"url\":\"https:\/\/www.tourenwagenjuniorcup.de\/en\/author\/matthias\/\"}]}<\/script>\n<!-- \/ Yoast SEO plugin. -->","yoast_head_json":{"title":"GESPONSERTER VW UP! GTI CUP F\u00dcR JUNIOR BEI MAX KRUSE RACING | ADAC Tourenwagen Junior Cup","robots":{"index":"index","follow":"follow","max-snippet":"max-snippet:-1","max-image-preview":"max-image-preview:large","max-video-preview":"max-video-preview:-1"},"canonical":"https:\/\/www.tourenwagenjuniorcup.de\/en\/gesponserter-vw-up-gti-cup-fuer-junior-bei-max-kruse-racing\/","og_locale":"en_US","og_type":"article","og_title":"GESPONSERTER VW UP! GTI CUP F\u00dcR JUNIOR BEI MAX KRUSE RACING | ADAC Tourenwagen Junior Cup","og_description":"In der Saison 2020 wird ein junger Fahrer im Tourenwagen Junior Cup besonders unterst\u00fctzt: Das Fahrzeug wird f\u00fcr den Einsatz gesponsert und in die erfahrenen Coaching-H\u00e4nde von Benjamin Leuchter beim Team Max Kruse Racing \u00fcbergeben. Ab dem 10.02.2020 k\u00f6nnen sich talentierte Nachwuchsfahrer um das Fahrzeug bewerben. Es h\u00f6rt sich an wie ein Traum, ist aber Realit\u00e4t: Ralf Martin (S\u00fcddeutschland) hat ... Read More","og_url":"https:\/\/www.tourenwagenjuniorcup.de\/en\/gesponserter-vw-up-gti-cup-fuer-junior-bei-max-kruse-racing\/","og_site_name":"ADAC Tourenwagen Junior Cup","article_published_time":"2020-02-07T09:50:15+00:00","article_modified_time":"2020-03-01T19:30:38+00:00","og_image":[{"width":1500,"height":1000,"url":"https:\/\/www.tourenwagenjuniorcup.de\/wp-content\/uploads\/2020\/02\/MKR-VW-up-GTI-Cup.jpg","type":"image\/jpeg"}],"author":"Matthias Meyer","twitter_card":"summary_large_image","twitter_misc":{"Written by":"Matthias Meyer"},"schema":{"@context":"https:\/\/schema.org","@graph":[{"@type":"WebPage","@id":"https:\/\/www.tourenwagenjuniorcup.de\/en\/gesponserter-vw-up-gti-cup-fuer-junior-bei-max-kruse-racing\/","url":"https:\/\/www.tourenwagenjuniorcup.de\/en\/gesponserter-vw-up-gti-cup-fuer-junior-bei-max-kruse-racing\/","name":"GESPONSERTER VW UP! GTI CUP F\u00dcR JUNIOR BEI MAX KRUSE RACING | ADAC Tourenwagen Junior Cup","isPartOf":{"@id":"https:\/\/www.tourenwagenjuniorcup.de\/en\/#website"},"primaryImageOfPage":{"@id":"https:\/\/www.tourenwagenjuniorcup.de\/en\/gesponserter-vw-up-gti-cup-fuer-junior-bei-max-kruse-racing\/#primaryimage"},"image":{"@id":"https:\/\/www.tourenwagenjuniorcup.de\/en\/gesponserter-vw-up-gti-cup-fuer-junior-bei-max-kruse-racing\/#primaryimage"},"thumbnailUrl":"https:\/\/www.tourenwagenjuniorcup.de\/wp-content\/uploads\/2020\/02\/MKR-VW-up-GTI-Cup.jpg","datePublished":"2020-02-07T09:50:15+00:00","dateModified":"2020-03-01T19:30:38+00:00","author":{"@id":"https:\/\/www.tourenwagenjuniorcup.de\/en\/#\/schema\/person\/555d6c5113b5491d1fd53b653f9acf4c"},"breadcrumb":{"@id":"https:\/\/www.tourenwagenjuniorcup.de\/en\/gesponserter-vw-up-gti-cup-fuer-junior-bei-max-kruse-racing\/#breadcrumb"},"inLanguage":"en-US","potentialAction":[{"@type":"ReadAction","target":["https:\/\/www.tourenwagenjuniorcup.de\/en\/gesponserter-vw-up-gti-cup-fuer-junior-bei-max-kruse-racing\/"]}]},{"@type":"ImageObject","inLanguage":"en-US","@id":"https:\/\/www.tourenwagenjuniorcup.de\/en\/gesponserter-vw-up-gti-cup-fuer-junior-bei-max-kruse-racing\/#primaryimage","url":"https:\/\/www.tourenwagenjuniorcup.de\/wp-content\/uploads\/2020\/02\/MKR-VW-up-GTI-Cup.jpg","contentUrl":"https:\/\/www.tourenwagenjuniorcup.de\/wp-content\/uploads\/2020\/02\/MKR-VW-up-GTI-Cup.jpg","width":1500,"height":1000},{"@type":"BreadcrumbList","@id":"https:\/\/www.tourenwagenjuniorcup.de\/en\/gesponserter-vw-up-gti-cup-fuer-junior-bei-max-kruse-racing\/#breadcrumb","itemListElement":[{"@type":"ListItem","position":1,"name":"Startseite","item":"https:\/\/www.tourenwagenjuniorcup.de\/en\/"},{"@type":"ListItem","position":2,"name":"GESPONSERTER VW UP! GTI CUP F\u00dcR JUNIOR BEI MAX KRUSE RACING"}]},{"@type":"WebSite","@id":"https:\/\/www.tourenwagenjuniorcup.de\/en\/#website","url":"https:\/\/www.tourenwagenjuniorcup.de\/en\/","name":"ADAC Tourenwagen Junior Cup","description":"Der ADAC Tourenwagen Junior Cup ist die deutsche Nachwuchsliga und dein Sprungbrett in den Profi-Sport.","potentialAction":[{"@type":"SearchAction","target":{"@type":"EntryPoint","urlTemplate":"https:\/\/www.tourenwagenjuniorcup.de\/en\/?s={search_term_string}"},"query-input":{"@type":"PropertyValueSpecification","valueRequired":true,"valueName":"search_term_string"}}],"inLanguage":"en-US"},{"@type":"Person","@id":"https:\/\/www.tourenwagenjuniorcup.de\/en\/#\/schema\/person\/555d6c5113b5491d1fd53b653f9acf4c","name":"Matthias Meyer","image":{"@type":"ImageObject","inLanguage":"en-US","@id":"https:\/\/www.tourenwagenjuniorcup.de\/en\/#\/schema\/person\/image\/","url":"https:\/\/secure.gravatar.com\/avatar\/4f7f88e9834655263977d4fa2e611bbaca4504a33c25d4bd6d973af7e9255f71?s=96&d=mm&r=g","contentUrl":"https:\/\/secure.gravatar.com\/avatar\/4f7f88e9834655263977d4fa2e611bbaca4504a33c25d4bd6d973af7e9255f71?s=96&d=mm&r=g","caption":"Matthias Meyer"},"url":"https:\/\/www.tourenwagenjuniorcup.de\/en\/author\/matthias\/"}]}},"_links":{"self":[{"href":"https:\/\/www.tourenwagenjuniorcup.de\/en\/wp-json\/wp\/v2\/posts\/603","targetHints":{"allow":["GET"]}}],"collection":[{"href":"https:\/\/www.tourenwagenjuniorcup.de\/en\/wp-json\/wp\/v2\/posts"}],"about":[{"href":"https:\/\/www.tourenwagenjuniorcup.de\/en\/wp-json\/wp\/v2\/types\/post"}],"author":[{"embeddable":true,"href":"https:\/\/www.tourenwagenjuniorcup.de\/en\/wp-json\/wp\/v2\/users\/3"}],"replies":[{"embeddable":true,"href":"https:\/\/www.tourenwagenjuniorcup.de\/en\/wp-json\/wp\/v2\/comments?post=603"}],"version-history":[{"count":2,"href":"https:\/\/www.tourenwagenjuniorcup.de\/en\/wp-json\/wp\/v2\/posts\/603\/revisions"}],"predecessor-version":[{"id":605,"href":"https:\/\/www.tourenwagenjuniorcup.de\/en\/wp-json\/wp\/v2\/posts\/603\/revisions\/605"}],"wp:featuredmedia":[{"embeddable":true,"href":"https:\/\/www.tourenwagenjuniorcup.de\/en\/wp-json\/wp\/v2\/media\/606"}],"wp:attachment":[{"href":"https:\/\/www.tourenwagenjuniorcup.de\/en\/wp-json\/wp\/v2\/media?parent=603"}],"wp:term":[{"taxonomy":"category","embeddable":true,"href":"https:\/\/www.tourenwagenjuniorcup.de\/en\/wp-json\/wp\/v2\/categories?post=603"},{"taxonomy":"post_tag","embeddable":true,"href":"https:\/\/www.tourenwagenjuniorcup.de\/en\/wp-json\/wp\/v2\/tags?post=603"}],"curies":[{"name":"wp","href":"https:\/\/api.w.org\/{rel}","templated":true}]}}