{"id":656,"date":"2020-03-11T11:41:10","date_gmt":"2020-03-11T11:41:10","guid":{"rendered":"https:\/\/www.tourenwagenjuniorcup.de\/?p=656"},"modified":"2020-03-22T01:12:15","modified_gmt":"2020-03-22T01:12:15","slug":"ravenol-junior-team-2020-im-tourenwagen-junior-cup","status":"publish","type":"post","link":"https:\/\/www.tourenwagenjuniorcup.de\/en\/ravenol-junior-team-2020-im-tourenwagen-junior-cup\/","title":{"rendered":"RAVENOL JUNIOR TEAM 2020 IM TOURENWAGEN JUNIOR CUP"},"content":{"rendered":"<div id=\"cs-content\" class=\"cs-content\"><\/div>\n","protected":false},"excerpt":{"rendered":"<p>Das Th\u00fcringer Team LUBNER Motorsport bietet f\u00fcr das neue RAVENOL Junior Team im Tourenwagen Junior Cup zwei subventionierte Fahrerpl\u00e4tze an. RAVENOL arbeitet seit Jahren als technischer Partner mit dem Team LUBNER Motorsport zusammen. F\u00fcr die neue Saison haben nun RAVENOL und LUBNER Motorsport ein sehr interessantes Paket geschn\u00fcrt, um junge Fahrer\/innen im Tourenwagen Junior Cup 2020 zu unterst\u00fctzen. RAVENOL Motorsport &#8230; <\/p>\n<div><a href=\"https:\/\/www.tourenwagenjuniorcup.de\/en\/ravenol-junior-team-2020-im-tourenwagen-junior-cup\/\" class=\"more-link\">Read More<\/a><\/div>\n","protected":false},"author":3,"featured_media":658,"comment_status":"closed","ping_status":"closed","sticky":false,"template":"","format":"standard","meta":{"footnotes":""},"categories":[3],"tags":[],"class_list":["post-656","post","type-post","status-publish","format-standard","has-post-thumbnail","hentry","category-unkategorisiert"],"yoast_head":"<!-- This site is optimized with the Yoast SEO plugin v25.9 - https:\/\/yoast.com\/wordpress\/plugins\/seo\/ -->\n<title>RAVENOL JUNIOR TEAM 2020 IM TOURENWAGEN JUNIOR CUP | ADAC Tourenwagen Junior Cup<\/title>\n<meta name=\"robots\" content=\"index, follow, max-snippet:-1, max-image-preview:large, max-video-preview:-1\" \/>\n<link rel=\"canonical\" href=\"https:\/\/www.tourenwagenjuniorcup.de\/en\/ravenol-junior-team-2020-im-tourenwagen-junior-cup\/\" \/>\n<meta property=\"og:locale\" content=\"en_US\" \/>\n<meta property=\"og:type\" content=\"article\" \/>\n<meta property=\"og:title\" content=\"RAVENOL JUNIOR TEAM 2020 IM TOURENWAGEN JUNIOR CUP | ADAC Tourenwagen Junior Cup\" \/>\n<meta property=\"og:description\" content=\"Das Th\u00fcringer Team LUBNER Motorsport bietet f\u00fcr das neue RAVENOL Junior Team im Tourenwagen Junior Cup zwei subventionierte Fahrerpl\u00e4tze an. RAVENOL arbeitet seit Jahren als technischer Partner mit dem Team LUBNER Motorsport zusammen. F\u00fcr die neue Saison haben nun RAVENOL und LUBNER Motorsport ein sehr interessantes Paket geschn\u00fcrt, um junge Fahrer\/innen im Tourenwagen Junior Cup 2020 zu unterst\u00fctzen. RAVENOL Motorsport ... Read More\" \/>\n<meta property=\"og:url\" content=\"https:\/\/www.tourenwagenjuniorcup.de\/en\/ravenol-junior-team-2020-im-tourenwagen-junior-cup\/\" \/>\n<meta property=\"og:site_name\" content=\"ADAC Tourenwagen Junior Cup\" \/>\n<meta property=\"article:published_time\" content=\"2020-03-11T11:41:10+00:00\" \/>\n<meta property=\"article:modified_time\" content=\"2020-03-22T01:12:15+00:00\" \/>\n<meta property=\"og:image\" content=\"https:\/\/www.tourenwagenjuniorcup.de\/wp-content\/uploads\/2020\/03\/Ravenol-Junior-Team-Lubner-Motorsport.jpg\" \/>\n\t<meta property=\"og:image:width\" content=\"1920\" \/>\n\t<meta property=\"og:image:height\" content=\"1080\" \/>\n\t<meta property=\"og:image:type\" content=\"image\/jpeg\" \/>\n<meta name=\"author\" content=\"Matthias Meyer\" \/>\n<meta name=\"twitter:card\" content=\"summary_large_image\" \/>\n<meta name=\"twitter:label1\" content=\"Written by\" \/>\n\t<meta name=\"twitter:data1\" content=\"Matthias Meyer\" \/>\n<script type=\"application\/ld+json\" class=\"yoast-schema-graph\">{\"@context\":\"https:\/\/schema.org\",\"@graph\":[{\"@type\":\"WebPage\",\"@id\":\"https:\/\/www.tourenwagenjuniorcup.de\/en\/ravenol-junior-team-2020-im-tourenwagen-junior-cup\/\",\"url\":\"https:\/\/www.tourenwagenjuniorcup.de\/en\/ravenol-junior-team-2020-im-tourenwagen-junior-cup\/\",\"name\":\"RAVENOL JUNIOR TEAM 2020 IM TOURENWAGEN JUNIOR CUP | ADAC Tourenwagen Junior Cup\",\"isPartOf\":{\"@id\":\"https:\/\/www.tourenwagenjuniorcup.de\/en\/#website\"},\"primaryImageOfPage\":{\"@id\":\"https:\/\/www.tourenwagenjuniorcup.de\/en\/ravenol-junior-team-2020-im-tourenwagen-junior-cup\/#primaryimage\"},\"image\":{\"@id\":\"https:\/\/www.tourenwagenjuniorcup.de\/en\/ravenol-junior-team-2020-im-tourenwagen-junior-cup\/#primaryimage\"},\"thumbnailUrl\":\"https:\/\/www.tourenwagenjuniorcup.de\/wp-content\/uploads\/2020\/03\/Ravenol-Junior-Team-Lubner-Motorsport.jpg\",\"datePublished\":\"2020-03-11T11:41:10+00:00\",\"dateModified\":\"2020-03-22T01:12:15+00:00\",\"author\":{\"@id\":\"https:\/\/www.tourenwagenjuniorcup.de\/en\/#\/schema\/person\/555d6c5113b5491d1fd53b653f9acf4c\"},\"breadcrumb\":{\"@id\":\"https:\/\/www.tourenwagenjuniorcup.de\/en\/ravenol-junior-team-2020-im-tourenwagen-junior-cup\/#breadcrumb\"},\"inLanguage\":\"en-US\",\"potentialAction\":[{\"@type\":\"ReadAction\",\"target\":[\"https:\/\/www.tourenwagenjuniorcup.de\/en\/ravenol-junior-team-2020-im-tourenwagen-junior-cup\/\"]}]},{\"@type\":\"ImageObject\",\"inLanguage\":\"en-US\",\"@id\":\"https:\/\/www.tourenwagenjuniorcup.de\/en\/ravenol-junior-team-2020-im-tourenwagen-junior-cup\/#primaryimage\",\"url\":\"https:\/\/www.tourenwagenjuniorcup.de\/wp-content\/uploads\/2020\/03\/Ravenol-Junior-Team-Lubner-Motorsport.jpg\",\"contentUrl\":\"https:\/\/www.tourenwagenjuniorcup.de\/wp-content\/uploads\/2020\/03\/Ravenol-Junior-Team-Lubner-Motorsport.jpg\",\"width\":1920,\"height\":1080},{\"@type\":\"BreadcrumbList\",\"@id\":\"https:\/\/www.tourenwagenjuniorcup.de\/en\/ravenol-junior-team-2020-im-tourenwagen-junior-cup\/#breadcrumb\",\"itemListElement\":[{\"@type\":\"ListItem\",\"position\":1,\"name\":\"Startseite\",\"item\":\"https:\/\/www.tourenwagenjuniorcup.de\/en\/\"},{\"@type\":\"ListItem\",\"position\":2,\"name\":\"RAVENOL JUNIOR TEAM 2020 IM TOURENWAGEN JUNIOR CUP\"}]},{\"@type\":\"WebSite\",\"@id\":\"https:\/\/www.tourenwagenjuniorcup.de\/en\/#website\",\"url\":\"https:\/\/www.tourenwagenjuniorcup.de\/en\/\",\"name\":\"ADAC Tourenwagen Junior Cup\",\"description\":\"Der ADAC Tourenwagen Junior Cup ist die deutsche Nachwuchsliga und dein Sprungbrett in den Profi-Sport.\",\"potentialAction\":[{\"@type\":\"SearchAction\",\"target\":{\"@type\":\"EntryPoint\",\"urlTemplate\":\"https:\/\/www.tourenwagenjuniorcup.de\/en\/?s={search_term_string}\"},\"query-input\":{\"@type\":\"PropertyValueSpecification\",\"valueRequired\":true,\"valueName\":\"search_term_string\"}}],\"inLanguage\":\"en-US\"},{\"@type\":\"Person\",\"@id\":\"https:\/\/www.tourenwagenjuniorcup.de\/en\/#\/schema\/person\/555d6c5113b5491d1fd53b653f9acf4c\",\"name\":\"Matthias Meyer\",\"image\":{\"@type\":\"ImageObject\",\"inLanguage\":\"en-US\",\"@id\":\"https:\/\/www.tourenwagenjuniorcup.de\/en\/#\/schema\/person\/image\/\",\"url\":\"https:\/\/secure.gravatar.com\/avatar\/4f7f88e9834655263977d4fa2e611bbaca4504a33c25d4bd6d973af7e9255f71?s=96&d=mm&r=g\",\"contentUrl\":\"https:\/\/secure.gravatar.com\/avatar\/4f7f88e9834655263977d4fa2e611bbaca4504a33c25d4bd6d973af7e9255f71?s=96&d=mm&r=g\",\"caption\":\"Matthias Meyer\"},\"url\":\"https:\/\/www.tourenwagenjuniorcup.de\/en\/author\/matthias\/\"}]}<\/script>\n<!-- \/ Yoast SEO plugin. -->","yoast_head_json":{"title":"RAVENOL JUNIOR TEAM 2020 IM TOURENWAGEN JUNIOR CUP | ADAC Tourenwagen Junior Cup","robots":{"index":"index","follow":"follow","max-snippet":"max-snippet:-1","max-image-preview":"max-image-preview:large","max-video-preview":"max-video-preview:-1"},"canonical":"https:\/\/www.tourenwagenjuniorcup.de\/en\/ravenol-junior-team-2020-im-tourenwagen-junior-cup\/","og_locale":"en_US","og_type":"article","og_title":"RAVENOL JUNIOR TEAM 2020 IM TOURENWAGEN JUNIOR CUP | ADAC Tourenwagen Junior Cup","og_description":"Das Th\u00fcringer Team LUBNER Motorsport bietet f\u00fcr das neue RAVENOL Junior Team im Tourenwagen Junior Cup zwei subventionierte Fahrerpl\u00e4tze an. RAVENOL arbeitet seit Jahren als technischer Partner mit dem Team LUBNER Motorsport zusammen. F\u00fcr die neue Saison haben nun RAVENOL und LUBNER Motorsport ein sehr interessantes Paket geschn\u00fcrt, um junge Fahrer\/innen im Tourenwagen Junior Cup 2020 zu unterst\u00fctzen. RAVENOL Motorsport ... Read More","og_url":"https:\/\/www.tourenwagenjuniorcup.de\/en\/ravenol-junior-team-2020-im-tourenwagen-junior-cup\/","og_site_name":"ADAC Tourenwagen Junior Cup","article_published_time":"2020-03-11T11:41:10+00:00","article_modified_time":"2020-03-22T01:12:15+00:00","og_image":[{"width":1920,"height":1080,"url":"https:\/\/www.tourenwagenjuniorcup.de\/wp-content\/uploads\/2020\/03\/Ravenol-Junior-Team-Lubner-Motorsport.jpg","type":"image\/jpeg"}],"author":"Matthias Meyer","twitter_card":"summary_large_image","twitter_misc":{"Written by":"Matthias Meyer"},"schema":{"@context":"https:\/\/schema.org","@graph":[{"@type":"WebPage","@id":"https:\/\/www.tourenwagenjuniorcup.de\/en\/ravenol-junior-team-2020-im-tourenwagen-junior-cup\/","url":"https:\/\/www.tourenwagenjuniorcup.de\/en\/ravenol-junior-team-2020-im-tourenwagen-junior-cup\/","name":"RAVENOL JUNIOR TEAM 2020 IM TOURENWAGEN JUNIOR CUP | ADAC Tourenwagen Junior Cup","isPartOf":{"@id":"https:\/\/www.tourenwagenjuniorcup.de\/en\/#website"},"primaryImageOfPage":{"@id":"https:\/\/www.tourenwagenjuniorcup.de\/en\/ravenol-junior-team-2020-im-tourenwagen-junior-cup\/#primaryimage"},"image":{"@id":"https:\/\/www.tourenwagenjuniorcup.de\/en\/ravenol-junior-team-2020-im-tourenwagen-junior-cup\/#primaryimage"},"thumbnailUrl":"https:\/\/www.tourenwagenjuniorcup.de\/wp-content\/uploads\/2020\/03\/Ravenol-Junior-Team-Lubner-Motorsport.jpg","datePublished":"2020-03-11T11:41:10+00:00","dateModified":"2020-03-22T01:12:15+00:00","author":{"@id":"https:\/\/www.tourenwagenjuniorcup.de\/en\/#\/schema\/person\/555d6c5113b5491d1fd53b653f9acf4c"},"breadcrumb":{"@id":"https:\/\/www.tourenwagenjuniorcup.de\/en\/ravenol-junior-team-2020-im-tourenwagen-junior-cup\/#breadcrumb"},"inLanguage":"en-US","potentialAction":[{"@type":"ReadAction","target":["https:\/\/www.tourenwagenjuniorcup.de\/en\/ravenol-junior-team-2020-im-tourenwagen-junior-cup\/"]}]},{"@type":"ImageObject","inLanguage":"en-US","@id":"https:\/\/www.tourenwagenjuniorcup.de\/en\/ravenol-junior-team-2020-im-tourenwagen-junior-cup\/#primaryimage","url":"https:\/\/www.tourenwagenjuniorcup.de\/wp-content\/uploads\/2020\/03\/Ravenol-Junior-Team-Lubner-Motorsport.jpg","contentUrl":"https:\/\/www.tourenwagenjuniorcup.de\/wp-content\/uploads\/2020\/03\/Ravenol-Junior-Team-Lubner-Motorsport.jpg","width":1920,"height":1080},{"@type":"BreadcrumbList","@id":"https:\/\/www.tourenwagenjuniorcup.de\/en\/ravenol-junior-team-2020-im-tourenwagen-junior-cup\/#breadcrumb","itemListElement":[{"@type":"ListItem","position":1,"name":"Startseite","item":"https:\/\/www.tourenwagenjuniorcup.de\/en\/"},{"@type":"ListItem","position":2,"name":"RAVENOL JUNIOR TEAM 2020 IM TOURENWAGEN JUNIOR CUP"}]},{"@type":"WebSite","@id":"https:\/\/www.tourenwagenjuniorcup.de\/en\/#website","url":"https:\/\/www.tourenwagenjuniorcup.de\/en\/","name":"ADAC Tourenwagen Junior Cup","description":"Der ADAC Tourenwagen Junior Cup ist die deutsche Nachwuchsliga und dein Sprungbrett in den Profi-Sport.","potentialAction":[{"@type":"SearchAction","target":{"@type":"EntryPoint","urlTemplate":"https:\/\/www.tourenwagenjuniorcup.de\/en\/?s={search_term_string}"},"query-input":{"@type":"PropertyValueSpecification","valueRequired":true,"valueName":"search_term_string"}}],"inLanguage":"en-US"},{"@type":"Person","@id":"https:\/\/www.tourenwagenjuniorcup.de\/en\/#\/schema\/person\/555d6c5113b5491d1fd53b653f9acf4c","name":"Matthias Meyer","image":{"@type":"ImageObject","inLanguage":"en-US","@id":"https:\/\/www.tourenwagenjuniorcup.de\/en\/#\/schema\/person\/image\/","url":"https:\/\/secure.gravatar.com\/avatar\/4f7f88e9834655263977d4fa2e611bbaca4504a33c25d4bd6d973af7e9255f71?s=96&d=mm&r=g","contentUrl":"https:\/\/secure.gravatar.com\/avatar\/4f7f88e9834655263977d4fa2e611bbaca4504a33c25d4bd6d973af7e9255f71?s=96&d=mm&r=g","caption":"Matthias Meyer"},"url":"https:\/\/www.tourenwagenjuniorcup.de\/en\/author\/matthias\/"}]}},"_links":{"self":[{"href":"https:\/\/www.tourenwagenjuniorcup.de\/en\/wp-json\/wp\/v2\/posts\/656","targetHints":{"allow":["GET"]}}],"collection":[{"href":"https:\/\/www.tourenwagenjuniorcup.de\/en\/wp-json\/wp\/v2\/posts"}],"about":[{"href":"https:\/\/www.tourenwagenjuniorcup.de\/en\/wp-json\/wp\/v2\/types\/post"}],"author":[{"embeddable":true,"href":"https:\/\/www.tourenwagenjuniorcup.de\/en\/wp-json\/wp\/v2\/users\/3"}],"replies":[{"embeddable":true,"href":"https:\/\/www.tourenwagenjuniorcup.de\/en\/wp-json\/wp\/v2\/comments?post=656"}],"version-history":[{"count":2,"href":"https:\/\/www.tourenwagenjuniorcup.de\/en\/wp-json\/wp\/v2\/posts\/656\/revisions"}],"predecessor-version":[{"id":659,"href":"https:\/\/www.tourenwagenjuniorcup.de\/en\/wp-json\/wp\/v2\/posts\/656\/revisions\/659"}],"wp:featuredmedia":[{"embeddable":true,"href":"https:\/\/www.tourenwagenjuniorcup.de\/en\/wp-json\/wp\/v2\/media\/658"}],"wp:attachment":[{"href":"https:\/\/www.tourenwagenjuniorcup.de\/en\/wp-json\/wp\/v2\/media?parent=656"}],"wp:term":[{"taxonomy":"category","embeddable":true,"href":"https:\/\/www.tourenwagenjuniorcup.de\/en\/wp-json\/wp\/v2\/categories?post=656"},{"taxonomy":"post_tag","embeddable":true,"href":"https:\/\/www.tourenwagenjuniorcup.de\/en\/wp-json\/wp\/v2\/tags?post=656"}],"curies":[{"name":"wp","href":"https:\/\/api.w.org\/{rel}","templated":true}]}}