{"id":7851,"date":"2025-02-07T08:07:38","date_gmt":"2025-02-07T08:07:38","guid":{"rendered":"https:\/\/www.tourenwagenjuniorcup.de\/?p=7851"},"modified":"2025-02-07T08:09:15","modified_gmt":"2025-02-07T08:09:15","slug":"moritz-groneck-mit-14-jahren-gleich-im-favoritenkreis","status":"publish","type":"post","link":"https:\/\/www.tourenwagenjuniorcup.de\/moritz-groneck-mit-14-jahren-gleich-im-favoritenkreis\/","title":{"rendered":"MORITZ GRONECK: MIT 14 JAHREN GLEICH IM FAVORITENKREIS"},"content":{"rendered":"<div id=\"cs-content\" class=\"cs-content\"><\/div>\n","protected":false},"excerpt":{"rendered":"<p>Vom Talent her k\u00f6nnte Moritz Groneck im Kartsport nach den ganz gro\u00dfen Troph\u00e4en greifen. Doch bereits mit 14 Jahren wagt der Sohn des zweifachen VLN-Meisters Tim Groneck den Wechsel in den Automobilsport. Als voraussichtlich j\u00fcngster Fahrer geht er 2025 im ADAC Tourenwagen Junior Cup an den Start \u2013 und geh\u00f6rt direkt zu den Titelkandidaten. Was Erfolg bedeutet, lernte Moritz Groneck &#8230; <\/p>\n<div><a href=\"https:\/\/www.tourenwagenjuniorcup.de\/moritz-groneck-mit-14-jahren-gleich-im-favoritenkreis\/\" class=\"more-link\">Read More<\/a><\/div>\n","protected":false},"author":3,"featured_media":7854,"comment_status":"closed","ping_status":"open","sticky":false,"template":"","format":"standard","meta":{"footnotes":""},"categories":[3],"tags":[],"class_list":["post-7851","post","type-post","status-publish","format-standard","has-post-thumbnail","hentry","category-unkategorisiert"],"yoast_head":"<!-- This site is optimized with the Yoast SEO plugin v25.9 - https:\/\/yoast.com\/wordpress\/plugins\/seo\/ -->\n<title>MORITZ GRONECK: MIT 14 JAHREN GLEICH IM FAVORITENKREIS | ADAC Tourenwagen Junior Cup<\/title>\n<meta name=\"robots\" content=\"index, follow, max-snippet:-1, max-image-preview:large, max-video-preview:-1\" \/>\n<link rel=\"canonical\" href=\"https:\/\/www.tourenwagenjuniorcup.de\/en\/moritz-groneck-mit-14-jahren-gleich-im-favoritenkreis\/\" \/>\n<meta property=\"og:locale\" content=\"en_US\" \/>\n<meta property=\"og:type\" content=\"article\" \/>\n<meta property=\"og:title\" content=\"MORITZ GRONECK: MIT 14 JAHREN GLEICH IM FAVORITENKREIS | ADAC Tourenwagen Junior Cup\" \/>\n<meta property=\"og:description\" content=\"Vom Talent her k\u00f6nnte Moritz Groneck im Kartsport nach den ganz gro\u00dfen Troph\u00e4en greifen. Doch bereits mit 14 Jahren wagt der Sohn des zweifachen VLN-Meisters Tim Groneck den Wechsel in den Automobilsport. Als voraussichtlich j\u00fcngster Fahrer geht er 2025 im ADAC Tourenwagen Junior Cup an den Start \u2013 und geh\u00f6rt direkt zu den Titelkandidaten. Was Erfolg bedeutet, lernte Moritz Groneck ... Read More\" \/>\n<meta property=\"og:url\" content=\"https:\/\/www.tourenwagenjuniorcup.de\/moritz-groneck-mit-14-jahren-gleich-im-favoritenkreis\/\" \/>\n<meta property=\"og:site_name\" content=\"ADAC Tourenwagen Junior Cup\" \/>\n<meta property=\"article:published_time\" content=\"2025-02-07T08:07:38+00:00\" \/>\n<meta property=\"article:modified_time\" content=\"2025-02-07T08:09:15+00:00\" \/>\n<meta property=\"og:image\" content=\"https:\/\/www.tourenwagenjuniorcup.de\/wp-content\/uploads\/Moritz_Groneck_Announcement.jpg\" \/>\n\t<meta property=\"og:image:width\" content=\"1800\" \/>\n\t<meta property=\"og:image:height\" content=\"1200\" \/>\n\t<meta property=\"og:image:type\" content=\"image\/jpeg\" \/>\n<meta name=\"author\" content=\"Matthias Meyer\" \/>\n<meta name=\"twitter:card\" content=\"summary_large_image\" \/>\n<meta name=\"twitter:label1\" content=\"Written by\" \/>\n\t<meta name=\"twitter:data1\" content=\"Matthias Meyer\" \/>\n\t<meta name=\"twitter:label2\" content=\"Est. reading time\" \/>\n\t<meta name=\"twitter:data2\" content=\"2 minutes\" \/>\n<script type=\"application\/ld+json\" class=\"yoast-schema-graph\">{\"@context\":\"https:\/\/schema.org\",\"@graph\":[{\"@type\":\"WebPage\",\"@id\":\"https:\/\/www.tourenwagenjuniorcup.de\/moritz-groneck-mit-14-jahren-gleich-im-favoritenkreis\/\",\"url\":\"https:\/\/www.tourenwagenjuniorcup.de\/moritz-groneck-mit-14-jahren-gleich-im-favoritenkreis\/\",\"name\":\"MORITZ GRONECK: MIT 14 JAHREN GLEICH IM FAVORITENKREIS | ADAC Tourenwagen Junior Cup\",\"isPartOf\":{\"@id\":\"https:\/\/www.tourenwagenjuniorcup.de\/en\/#website\"},\"primaryImageOfPage\":{\"@id\":\"https:\/\/www.tourenwagenjuniorcup.de\/moritz-groneck-mit-14-jahren-gleich-im-favoritenkreis\/#primaryimage\"},\"image\":{\"@id\":\"https:\/\/www.tourenwagenjuniorcup.de\/moritz-groneck-mit-14-jahren-gleich-im-favoritenkreis\/#primaryimage\"},\"thumbnailUrl\":\"https:\/\/www.tourenwagenjuniorcup.de\/wp-content\/uploads\/Moritz_Groneck_Announcement.jpg\",\"datePublished\":\"2025-02-07T08:07:38+00:00\",\"dateModified\":\"2025-02-07T08:09:15+00:00\",\"author\":{\"@id\":\"https:\/\/www.tourenwagenjuniorcup.de\/en\/#\/schema\/person\/555d6c5113b5491d1fd53b653f9acf4c\"},\"breadcrumb\":{\"@id\":\"https:\/\/www.tourenwagenjuniorcup.de\/moritz-groneck-mit-14-jahren-gleich-im-favoritenkreis\/#breadcrumb\"},\"inLanguage\":\"en-US\",\"potentialAction\":[{\"@type\":\"ReadAction\",\"target\":[\"https:\/\/www.tourenwagenjuniorcup.de\/moritz-groneck-mit-14-jahren-gleich-im-favoritenkreis\/\"]}]},{\"@type\":\"ImageObject\",\"inLanguage\":\"en-US\",\"@id\":\"https:\/\/www.tourenwagenjuniorcup.de\/moritz-groneck-mit-14-jahren-gleich-im-favoritenkreis\/#primaryimage\",\"url\":\"https:\/\/www.tourenwagenjuniorcup.de\/wp-content\/uploads\/Moritz_Groneck_Announcement.jpg\",\"contentUrl\":\"https:\/\/www.tourenwagenjuniorcup.de\/wp-content\/uploads\/Moritz_Groneck_Announcement.jpg\",\"width\":1800,\"height\":1200},{\"@type\":\"BreadcrumbList\",\"@id\":\"https:\/\/www.tourenwagenjuniorcup.de\/moritz-groneck-mit-14-jahren-gleich-im-favoritenkreis\/#breadcrumb\",\"itemListElement\":[{\"@type\":\"ListItem\",\"position\":1,\"name\":\"Startseite\",\"item\":\"https:\/\/www.tourenwagenjuniorcup.de\/en\/\"},{\"@type\":\"ListItem\",\"position\":2,\"name\":\"MORITZ GRONECK: MIT 14 JAHREN GLEICH IM FAVORITENKREIS\"}]},{\"@type\":\"WebSite\",\"@id\":\"https:\/\/www.tourenwagenjuniorcup.de\/en\/#website\",\"url\":\"https:\/\/www.tourenwagenjuniorcup.de\/en\/\",\"name\":\"ADAC Tourenwagen Junior Cup\",\"description\":\"Der ADAC Tourenwagen Junior Cup ist die deutsche Nachwuchsliga und dein Sprungbrett in den Profi-Sport.\",\"potentialAction\":[{\"@type\":\"SearchAction\",\"target\":{\"@type\":\"EntryPoint\",\"urlTemplate\":\"https:\/\/www.tourenwagenjuniorcup.de\/en\/?s={search_term_string}\"},\"query-input\":{\"@type\":\"PropertyValueSpecification\",\"valueRequired\":true,\"valueName\":\"search_term_string\"}}],\"inLanguage\":\"en-US\"},{\"@type\":\"Person\",\"@id\":\"https:\/\/www.tourenwagenjuniorcup.de\/en\/#\/schema\/person\/555d6c5113b5491d1fd53b653f9acf4c\",\"name\":\"Matthias Meyer\",\"image\":{\"@type\":\"ImageObject\",\"inLanguage\":\"en-US\",\"@id\":\"https:\/\/www.tourenwagenjuniorcup.de\/en\/#\/schema\/person\/image\/\",\"url\":\"https:\/\/secure.gravatar.com\/avatar\/4f7f88e9834655263977d4fa2e611bbaca4504a33c25d4bd6d973af7e9255f71?s=96&d=mm&r=g\",\"contentUrl\":\"https:\/\/secure.gravatar.com\/avatar\/4f7f88e9834655263977d4fa2e611bbaca4504a33c25d4bd6d973af7e9255f71?s=96&d=mm&r=g\",\"caption\":\"Matthias Meyer\"},\"url\":\"https:\/\/www.tourenwagenjuniorcup.de\/en\/author\/matthias\/\"}]}<\/script>\n<!-- \/ Yoast SEO plugin. -->","yoast_head_json":{"title":"MORITZ GRONECK: MIT 14 JAHREN GLEICH IM FAVORITENKREIS | ADAC Tourenwagen Junior Cup","robots":{"index":"index","follow":"follow","max-snippet":"max-snippet:-1","max-image-preview":"max-image-preview:large","max-video-preview":"max-video-preview:-1"},"canonical":"https:\/\/www.tourenwagenjuniorcup.de\/en\/moritz-groneck-mit-14-jahren-gleich-im-favoritenkreis\/","og_locale":"en_US","og_type":"article","og_title":"MORITZ GRONECK: MIT 14 JAHREN GLEICH IM FAVORITENKREIS | ADAC Tourenwagen Junior Cup","og_description":"Vom Talent her k\u00f6nnte Moritz Groneck im Kartsport nach den ganz gro\u00dfen Troph\u00e4en greifen. Doch bereits mit 14 Jahren wagt der Sohn des zweifachen VLN-Meisters Tim Groneck den Wechsel in den Automobilsport. Als voraussichtlich j\u00fcngster Fahrer geht er 2025 im ADAC Tourenwagen Junior Cup an den Start \u2013 und geh\u00f6rt direkt zu den Titelkandidaten. Was Erfolg bedeutet, lernte Moritz Groneck ... Read More","og_url":"https:\/\/www.tourenwagenjuniorcup.de\/moritz-groneck-mit-14-jahren-gleich-im-favoritenkreis\/","og_site_name":"ADAC Tourenwagen Junior Cup","article_published_time":"2025-02-07T08:07:38+00:00","article_modified_time":"2025-02-07T08:09:15+00:00","og_image":[{"width":1800,"height":1200,"url":"https:\/\/www.tourenwagenjuniorcup.de\/wp-content\/uploads\/Moritz_Groneck_Announcement.jpg","type":"image\/jpeg"}],"author":"Matthias Meyer","twitter_card":"summary_large_image","twitter_misc":{"Written by":"Matthias Meyer","Est. reading time":"2 minutes"},"schema":{"@context":"https:\/\/schema.org","@graph":[{"@type":"WebPage","@id":"https:\/\/www.tourenwagenjuniorcup.de\/moritz-groneck-mit-14-jahren-gleich-im-favoritenkreis\/","url":"https:\/\/www.tourenwagenjuniorcup.de\/moritz-groneck-mit-14-jahren-gleich-im-favoritenkreis\/","name":"MORITZ GRONECK: MIT 14 JAHREN GLEICH IM FAVORITENKREIS | ADAC Tourenwagen Junior Cup","isPartOf":{"@id":"https:\/\/www.tourenwagenjuniorcup.de\/en\/#website"},"primaryImageOfPage":{"@id":"https:\/\/www.tourenwagenjuniorcup.de\/moritz-groneck-mit-14-jahren-gleich-im-favoritenkreis\/#primaryimage"},"image":{"@id":"https:\/\/www.tourenwagenjuniorcup.de\/moritz-groneck-mit-14-jahren-gleich-im-favoritenkreis\/#primaryimage"},"thumbnailUrl":"https:\/\/www.tourenwagenjuniorcup.de\/wp-content\/uploads\/Moritz_Groneck_Announcement.jpg","datePublished":"2025-02-07T08:07:38+00:00","dateModified":"2025-02-07T08:09:15+00:00","author":{"@id":"https:\/\/www.tourenwagenjuniorcup.de\/en\/#\/schema\/person\/555d6c5113b5491d1fd53b653f9acf4c"},"breadcrumb":{"@id":"https:\/\/www.tourenwagenjuniorcup.de\/moritz-groneck-mit-14-jahren-gleich-im-favoritenkreis\/#breadcrumb"},"inLanguage":"en-US","potentialAction":[{"@type":"ReadAction","target":["https:\/\/www.tourenwagenjuniorcup.de\/moritz-groneck-mit-14-jahren-gleich-im-favoritenkreis\/"]}]},{"@type":"ImageObject","inLanguage":"en-US","@id":"https:\/\/www.tourenwagenjuniorcup.de\/moritz-groneck-mit-14-jahren-gleich-im-favoritenkreis\/#primaryimage","url":"https:\/\/www.tourenwagenjuniorcup.de\/wp-content\/uploads\/Moritz_Groneck_Announcement.jpg","contentUrl":"https:\/\/www.tourenwagenjuniorcup.de\/wp-content\/uploads\/Moritz_Groneck_Announcement.jpg","width":1800,"height":1200},{"@type":"BreadcrumbList","@id":"https:\/\/www.tourenwagenjuniorcup.de\/moritz-groneck-mit-14-jahren-gleich-im-favoritenkreis\/#breadcrumb","itemListElement":[{"@type":"ListItem","position":1,"name":"Startseite","item":"https:\/\/www.tourenwagenjuniorcup.de\/en\/"},{"@type":"ListItem","position":2,"name":"MORITZ GRONECK: MIT 14 JAHREN GLEICH IM FAVORITENKREIS"}]},{"@type":"WebSite","@id":"https:\/\/www.tourenwagenjuniorcup.de\/en\/#website","url":"https:\/\/www.tourenwagenjuniorcup.de\/en\/","name":"ADAC Tourenwagen Junior Cup","description":"Der ADAC Tourenwagen Junior Cup ist die deutsche Nachwuchsliga und dein Sprungbrett in den Profi-Sport.","potentialAction":[{"@type":"SearchAction","target":{"@type":"EntryPoint","urlTemplate":"https:\/\/www.tourenwagenjuniorcup.de\/en\/?s={search_term_string}"},"query-input":{"@type":"PropertyValueSpecification","valueRequired":true,"valueName":"search_term_string"}}],"inLanguage":"en-US"},{"@type":"Person","@id":"https:\/\/www.tourenwagenjuniorcup.de\/en\/#\/schema\/person\/555d6c5113b5491d1fd53b653f9acf4c","name":"Matthias Meyer","image":{"@type":"ImageObject","inLanguage":"en-US","@id":"https:\/\/www.tourenwagenjuniorcup.de\/en\/#\/schema\/person\/image\/","url":"https:\/\/secure.gravatar.com\/avatar\/4f7f88e9834655263977d4fa2e611bbaca4504a33c25d4bd6d973af7e9255f71?s=96&d=mm&r=g","contentUrl":"https:\/\/secure.gravatar.com\/avatar\/4f7f88e9834655263977d4fa2e611bbaca4504a33c25d4bd6d973af7e9255f71?s=96&d=mm&r=g","caption":"Matthias Meyer"},"url":"https:\/\/www.tourenwagenjuniorcup.de\/en\/author\/matthias\/"}]}},"_links":{"self":[{"href":"https:\/\/www.tourenwagenjuniorcup.de\/en\/wp-json\/wp\/v2\/posts\/7851","targetHints":{"allow":["GET"]}}],"collection":[{"href":"https:\/\/www.tourenwagenjuniorcup.de\/en\/wp-json\/wp\/v2\/posts"}],"about":[{"href":"https:\/\/www.tourenwagenjuniorcup.de\/en\/wp-json\/wp\/v2\/types\/post"}],"author":[{"embeddable":true,"href":"https:\/\/www.tourenwagenjuniorcup.de\/en\/wp-json\/wp\/v2\/users\/3"}],"replies":[{"embeddable":true,"href":"https:\/\/www.tourenwagenjuniorcup.de\/en\/wp-json\/wp\/v2\/comments?post=7851"}],"version-history":[{"count":2,"href":"https:\/\/www.tourenwagenjuniorcup.de\/en\/wp-json\/wp\/v2\/posts\/7851\/revisions"}],"predecessor-version":[{"id":7853,"href":"https:\/\/www.tourenwagenjuniorcup.de\/en\/wp-json\/wp\/v2\/posts\/7851\/revisions\/7853"}],"wp:featuredmedia":[{"embeddable":true,"href":"https:\/\/www.tourenwagenjuniorcup.de\/en\/wp-json\/wp\/v2\/media\/7854"}],"wp:attachment":[{"href":"https:\/\/www.tourenwagenjuniorcup.de\/en\/wp-json\/wp\/v2\/media?parent=7851"}],"wp:term":[{"taxonomy":"category","embeddable":true,"href":"https:\/\/www.tourenwagenjuniorcup.de\/en\/wp-json\/wp\/v2\/categories?post=7851"},{"taxonomy":"post_tag","embeddable":true,"href":"https:\/\/www.tourenwagenjuniorcup.de\/en\/wp-json\/wp\/v2\/tags?post=7851"}],"curies":[{"name":"wp","href":"https:\/\/api.w.org\/{rel}","templated":true}]}}