{"id":7858,"date":"2025-02-18T18:44:51","date_gmt":"2025-02-18T18:44:51","guid":{"rendered":"https:\/\/www.tourenwagenjuniorcup.de\/?p=7858"},"modified":"2025-02-18T18:44:51","modified_gmt":"2025-02-18T18:44:51","slug":"titelanwaerter-mit-17-julian-konrad-will-es-2025-wissen","status":"publish","type":"post","link":"https:\/\/www.tourenwagenjuniorcup.de\/en\/titelanwaerter-mit-17-julian-konrad-will-es-2025-wissen\/","title":{"rendered":"TITELANW\u00c4RTER MIT 17: JULIAN KONRAD WILL ES 2025 WISSEN"},"content":{"rendered":"<div id=\"cs-content\" class=\"cs-content\"><\/div>\n","protected":false},"excerpt":{"rendered":"<p>Obwohl erst 17 Jahre jung, z\u00e4hlt Julian Konrad bereits zu den Routiniers im ADAC Tourenwagen Junior Cup. In seiner dritten Saison geh\u00f6rt der KONRAD-Motorsport-Pilot zu den Topfavoriten auf den Titel. 24 Rennen, ein Sieg, sechs Podiumspl\u00e4tze, sechs schnellste Rennrunden \u2013 mit diesen beeindruckenden Zahlen startet Konrad in die Saison 2025. Der Sinziger, der am 7. M\u00e4rz seinen 17. Geburtstag feiert, &#8230; <\/p>\n<div><a href=\"https:\/\/www.tourenwagenjuniorcup.de\/en\/titelanwaerter-mit-17-julian-konrad-will-es-2025-wissen\/\" class=\"more-link\">Read More<\/a><\/div>\n","protected":false},"author":3,"featured_media":7860,"comment_status":"closed","ping_status":"open","sticky":false,"template":"","format":"standard","meta":{"footnotes":""},"categories":[3],"tags":[],"class_list":["post-7858","post","type-post","status-publish","format-standard","has-post-thumbnail","hentry","category-unkategorisiert"],"yoast_head":"<!-- This site is optimized with the Yoast SEO plugin v25.9 - https:\/\/yoast.com\/wordpress\/plugins\/seo\/ -->\n<title>TITELANW\u00c4RTER MIT 17: JULIAN KONRAD WILL ES 2025 WISSEN | ADAC Tourenwagen Junior Cup<\/title>\n<meta name=\"robots\" content=\"index, follow, max-snippet:-1, max-image-preview:large, max-video-preview:-1\" \/>\n<link rel=\"canonical\" href=\"https:\/\/www.tourenwagenjuniorcup.de\/en\/titelanwaerter-mit-17-julian-konrad-will-es-2025-wissen\/\" \/>\n<meta property=\"og:locale\" content=\"en_US\" \/>\n<meta property=\"og:type\" content=\"article\" \/>\n<meta property=\"og:title\" content=\"TITELANW\u00c4RTER MIT 17: JULIAN KONRAD WILL ES 2025 WISSEN | ADAC Tourenwagen Junior Cup\" \/>\n<meta property=\"og:description\" content=\"Obwohl erst 17 Jahre jung, z\u00e4hlt Julian Konrad bereits zu den Routiniers im ADAC Tourenwagen Junior Cup. In seiner dritten Saison geh\u00f6rt der KONRAD-Motorsport-Pilot zu den Topfavoriten auf den Titel. 24 Rennen, ein Sieg, sechs Podiumspl\u00e4tze, sechs schnellste Rennrunden \u2013 mit diesen beeindruckenden Zahlen startet Konrad in die Saison 2025. Der Sinziger, der am 7. M\u00e4rz seinen 17. Geburtstag feiert, ... Read More\" \/>\n<meta property=\"og:url\" content=\"https:\/\/www.tourenwagenjuniorcup.de\/en\/titelanwaerter-mit-17-julian-konrad-will-es-2025-wissen\/\" \/>\n<meta property=\"og:site_name\" content=\"ADAC Tourenwagen Junior Cup\" \/>\n<meta property=\"article:published_time\" content=\"2025-02-18T18:44:51+00:00\" \/>\n<meta name=\"author\" content=\"Matthias Meyer\" \/>\n<meta name=\"twitter:card\" content=\"summary_large_image\" \/>\n<meta name=\"twitter:label1\" content=\"Written by\" \/>\n\t<meta name=\"twitter:data1\" content=\"Matthias Meyer\" \/>\n<script type=\"application\/ld+json\" class=\"yoast-schema-graph\">{\"@context\":\"https:\/\/schema.org\",\"@graph\":[{\"@type\":\"WebPage\",\"@id\":\"https:\/\/www.tourenwagenjuniorcup.de\/en\/titelanwaerter-mit-17-julian-konrad-will-es-2025-wissen\/\",\"url\":\"https:\/\/www.tourenwagenjuniorcup.de\/en\/titelanwaerter-mit-17-julian-konrad-will-es-2025-wissen\/\",\"name\":\"TITELANW\u00c4RTER MIT 17: JULIAN KONRAD WILL ES 2025 WISSEN | ADAC Tourenwagen Junior Cup\",\"isPartOf\":{\"@id\":\"https:\/\/www.tourenwagenjuniorcup.de\/en\/#website\"},\"primaryImageOfPage\":{\"@id\":\"https:\/\/www.tourenwagenjuniorcup.de\/en\/titelanwaerter-mit-17-julian-konrad-will-es-2025-wissen\/#primaryimage\"},\"image\":{\"@id\":\"https:\/\/www.tourenwagenjuniorcup.de\/en\/titelanwaerter-mit-17-julian-konrad-will-es-2025-wissen\/#primaryimage\"},\"thumbnailUrl\":\"https:\/\/www.tourenwagenjuniorcup.de\/wp-content\/uploads\/Julian_Konrad_2025.jpg\",\"datePublished\":\"2025-02-18T18:44:51+00:00\",\"author\":{\"@id\":\"https:\/\/www.tourenwagenjuniorcup.de\/en\/#\/schema\/person\/555d6c5113b5491d1fd53b653f9acf4c\"},\"breadcrumb\":{\"@id\":\"https:\/\/www.tourenwagenjuniorcup.de\/en\/titelanwaerter-mit-17-julian-konrad-will-es-2025-wissen\/#breadcrumb\"},\"inLanguage\":\"en-US\",\"potentialAction\":[{\"@type\":\"ReadAction\",\"target\":[\"https:\/\/www.tourenwagenjuniorcup.de\/en\/titelanwaerter-mit-17-julian-konrad-will-es-2025-wissen\/\"]}]},{\"@type\":\"ImageObject\",\"inLanguage\":\"en-US\",\"@id\":\"https:\/\/www.tourenwagenjuniorcup.de\/en\/titelanwaerter-mit-17-julian-konrad-will-es-2025-wissen\/#primaryimage\",\"url\":\"https:\/\/www.tourenwagenjuniorcup.de\/wp-content\/uploads\/Julian_Konrad_2025.jpg\",\"contentUrl\":\"https:\/\/www.tourenwagenjuniorcup.de\/wp-content\/uploads\/Julian_Konrad_2025.jpg\",\"width\":1920,\"height\":1280},{\"@type\":\"BreadcrumbList\",\"@id\":\"https:\/\/www.tourenwagenjuniorcup.de\/en\/titelanwaerter-mit-17-julian-konrad-will-es-2025-wissen\/#breadcrumb\",\"itemListElement\":[{\"@type\":\"ListItem\",\"position\":1,\"name\":\"Startseite\",\"item\":\"https:\/\/www.tourenwagenjuniorcup.de\/en\/\"},{\"@type\":\"ListItem\",\"position\":2,\"name\":\"TITELANW\u00c4RTER MIT 17: JULIAN KONRAD WILL ES 2025 WISSEN\"}]},{\"@type\":\"WebSite\",\"@id\":\"https:\/\/www.tourenwagenjuniorcup.de\/en\/#website\",\"url\":\"https:\/\/www.tourenwagenjuniorcup.de\/en\/\",\"name\":\"ADAC Tourenwagen Junior Cup\",\"description\":\"Der ADAC Tourenwagen Junior Cup ist die deutsche Nachwuchsliga und dein Sprungbrett in den Profi-Sport.\",\"potentialAction\":[{\"@type\":\"SearchAction\",\"target\":{\"@type\":\"EntryPoint\",\"urlTemplate\":\"https:\/\/www.tourenwagenjuniorcup.de\/en\/?s={search_term_string}\"},\"query-input\":{\"@type\":\"PropertyValueSpecification\",\"valueRequired\":true,\"valueName\":\"search_term_string\"}}],\"inLanguage\":\"en-US\"},{\"@type\":\"Person\",\"@id\":\"https:\/\/www.tourenwagenjuniorcup.de\/en\/#\/schema\/person\/555d6c5113b5491d1fd53b653f9acf4c\",\"name\":\"Matthias Meyer\",\"image\":{\"@type\":\"ImageObject\",\"inLanguage\":\"en-US\",\"@id\":\"https:\/\/www.tourenwagenjuniorcup.de\/en\/#\/schema\/person\/image\/\",\"url\":\"https:\/\/secure.gravatar.com\/avatar\/4f7f88e9834655263977d4fa2e611bbaca4504a33c25d4bd6d973af7e9255f71?s=96&d=mm&r=g\",\"contentUrl\":\"https:\/\/secure.gravatar.com\/avatar\/4f7f88e9834655263977d4fa2e611bbaca4504a33c25d4bd6d973af7e9255f71?s=96&d=mm&r=g\",\"caption\":\"Matthias Meyer\"},\"url\":\"https:\/\/www.tourenwagenjuniorcup.de\/en\/author\/matthias\/\"}]}<\/script>\n<!-- \/ Yoast SEO plugin. -->","yoast_head_json":{"title":"TITELANW\u00c4RTER MIT 17: JULIAN KONRAD WILL ES 2025 WISSEN | ADAC Tourenwagen Junior Cup","robots":{"index":"index","follow":"follow","max-snippet":"max-snippet:-1","max-image-preview":"max-image-preview:large","max-video-preview":"max-video-preview:-1"},"canonical":"https:\/\/www.tourenwagenjuniorcup.de\/en\/titelanwaerter-mit-17-julian-konrad-will-es-2025-wissen\/","og_locale":"en_US","og_type":"article","og_title":"TITELANW\u00c4RTER MIT 17: JULIAN KONRAD WILL ES 2025 WISSEN | ADAC Tourenwagen Junior Cup","og_description":"Obwohl erst 17 Jahre jung, z\u00e4hlt Julian Konrad bereits zu den Routiniers im ADAC Tourenwagen Junior Cup. In seiner dritten Saison geh\u00f6rt der KONRAD-Motorsport-Pilot zu den Topfavoriten auf den Titel. 24 Rennen, ein Sieg, sechs Podiumspl\u00e4tze, sechs schnellste Rennrunden \u2013 mit diesen beeindruckenden Zahlen startet Konrad in die Saison 2025. Der Sinziger, der am 7. M\u00e4rz seinen 17. Geburtstag feiert, ... Read More","og_url":"https:\/\/www.tourenwagenjuniorcup.de\/en\/titelanwaerter-mit-17-julian-konrad-will-es-2025-wissen\/","og_site_name":"ADAC Tourenwagen Junior Cup","article_published_time":"2025-02-18T18:44:51+00:00","author":"Matthias Meyer","twitter_card":"summary_large_image","twitter_misc":{"Written by":"Matthias Meyer"},"schema":{"@context":"https:\/\/schema.org","@graph":[{"@type":"WebPage","@id":"https:\/\/www.tourenwagenjuniorcup.de\/en\/titelanwaerter-mit-17-julian-konrad-will-es-2025-wissen\/","url":"https:\/\/www.tourenwagenjuniorcup.de\/en\/titelanwaerter-mit-17-julian-konrad-will-es-2025-wissen\/","name":"TITELANW\u00c4RTER MIT 17: JULIAN KONRAD WILL ES 2025 WISSEN | ADAC Tourenwagen Junior Cup","isPartOf":{"@id":"https:\/\/www.tourenwagenjuniorcup.de\/en\/#website"},"primaryImageOfPage":{"@id":"https:\/\/www.tourenwagenjuniorcup.de\/en\/titelanwaerter-mit-17-julian-konrad-will-es-2025-wissen\/#primaryimage"},"image":{"@id":"https:\/\/www.tourenwagenjuniorcup.de\/en\/titelanwaerter-mit-17-julian-konrad-will-es-2025-wissen\/#primaryimage"},"thumbnailUrl":"https:\/\/www.tourenwagenjuniorcup.de\/wp-content\/uploads\/Julian_Konrad_2025.jpg","datePublished":"2025-02-18T18:44:51+00:00","author":{"@id":"https:\/\/www.tourenwagenjuniorcup.de\/en\/#\/schema\/person\/555d6c5113b5491d1fd53b653f9acf4c"},"breadcrumb":{"@id":"https:\/\/www.tourenwagenjuniorcup.de\/en\/titelanwaerter-mit-17-julian-konrad-will-es-2025-wissen\/#breadcrumb"},"inLanguage":"en-US","potentialAction":[{"@type":"ReadAction","target":["https:\/\/www.tourenwagenjuniorcup.de\/en\/titelanwaerter-mit-17-julian-konrad-will-es-2025-wissen\/"]}]},{"@type":"ImageObject","inLanguage":"en-US","@id":"https:\/\/www.tourenwagenjuniorcup.de\/en\/titelanwaerter-mit-17-julian-konrad-will-es-2025-wissen\/#primaryimage","url":"https:\/\/www.tourenwagenjuniorcup.de\/wp-content\/uploads\/Julian_Konrad_2025.jpg","contentUrl":"https:\/\/www.tourenwagenjuniorcup.de\/wp-content\/uploads\/Julian_Konrad_2025.jpg","width":1920,"height":1280},{"@type":"BreadcrumbList","@id":"https:\/\/www.tourenwagenjuniorcup.de\/en\/titelanwaerter-mit-17-julian-konrad-will-es-2025-wissen\/#breadcrumb","itemListElement":[{"@type":"ListItem","position":1,"name":"Startseite","item":"https:\/\/www.tourenwagenjuniorcup.de\/en\/"},{"@type":"ListItem","position":2,"name":"TITELANW\u00c4RTER MIT 17: JULIAN KONRAD WILL ES 2025 WISSEN"}]},{"@type":"WebSite","@id":"https:\/\/www.tourenwagenjuniorcup.de\/en\/#website","url":"https:\/\/www.tourenwagenjuniorcup.de\/en\/","name":"ADAC Tourenwagen Junior Cup","description":"Der ADAC Tourenwagen Junior Cup ist die deutsche Nachwuchsliga und dein Sprungbrett in den Profi-Sport.","potentialAction":[{"@type":"SearchAction","target":{"@type":"EntryPoint","urlTemplate":"https:\/\/www.tourenwagenjuniorcup.de\/en\/?s={search_term_string}"},"query-input":{"@type":"PropertyValueSpecification","valueRequired":true,"valueName":"search_term_string"}}],"inLanguage":"en-US"},{"@type":"Person","@id":"https:\/\/www.tourenwagenjuniorcup.de\/en\/#\/schema\/person\/555d6c5113b5491d1fd53b653f9acf4c","name":"Matthias Meyer","image":{"@type":"ImageObject","inLanguage":"en-US","@id":"https:\/\/www.tourenwagenjuniorcup.de\/en\/#\/schema\/person\/image\/","url":"https:\/\/secure.gravatar.com\/avatar\/4f7f88e9834655263977d4fa2e611bbaca4504a33c25d4bd6d973af7e9255f71?s=96&d=mm&r=g","contentUrl":"https:\/\/secure.gravatar.com\/avatar\/4f7f88e9834655263977d4fa2e611bbaca4504a33c25d4bd6d973af7e9255f71?s=96&d=mm&r=g","caption":"Matthias Meyer"},"url":"https:\/\/www.tourenwagenjuniorcup.de\/en\/author\/matthias\/"}]}},"_links":{"self":[{"href":"https:\/\/www.tourenwagenjuniorcup.de\/en\/wp-json\/wp\/v2\/posts\/7858","targetHints":{"allow":["GET"]}}],"collection":[{"href":"https:\/\/www.tourenwagenjuniorcup.de\/en\/wp-json\/wp\/v2\/posts"}],"about":[{"href":"https:\/\/www.tourenwagenjuniorcup.de\/en\/wp-json\/wp\/v2\/types\/post"}],"author":[{"embeddable":true,"href":"https:\/\/www.tourenwagenjuniorcup.de\/en\/wp-json\/wp\/v2\/users\/3"}],"replies":[{"embeddable":true,"href":"https:\/\/www.tourenwagenjuniorcup.de\/en\/wp-json\/wp\/v2\/comments?post=7858"}],"version-history":[{"count":2,"href":"https:\/\/www.tourenwagenjuniorcup.de\/en\/wp-json\/wp\/v2\/posts\/7858\/revisions"}],"predecessor-version":[{"id":7862,"href":"https:\/\/www.tourenwagenjuniorcup.de\/en\/wp-json\/wp\/v2\/posts\/7858\/revisions\/7862"}],"wp:featuredmedia":[{"embeddable":true,"href":"https:\/\/www.tourenwagenjuniorcup.de\/en\/wp-json\/wp\/v2\/media\/7860"}],"wp:attachment":[{"href":"https:\/\/www.tourenwagenjuniorcup.de\/en\/wp-json\/wp\/v2\/media?parent=7858"}],"wp:term":[{"taxonomy":"category","embeddable":true,"href":"https:\/\/www.tourenwagenjuniorcup.de\/en\/wp-json\/wp\/v2\/categories?post=7858"},{"taxonomy":"post_tag","embeddable":true,"href":"https:\/\/www.tourenwagenjuniorcup.de\/en\/wp-json\/wp\/v2\/tags?post=7858"}],"curies":[{"name":"wp","href":"https:\/\/api.w.org\/{rel}","templated":true}]}}