{"id":7906,"date":"2025-04-21T18:24:49","date_gmt":"2025-04-21T18:24:49","guid":{"rendered":"https:\/\/www.tourenwagenjuniorcup.de\/?p=7906"},"modified":"2025-04-21T18:36:24","modified_gmt":"2025-04-21T18:36:24","slug":"esportler-mit-riesigem-talent-lars-rene-hennig-hat-grosse-ziele","status":"publish","type":"post","link":"https:\/\/www.tourenwagenjuniorcup.de\/esportler-mit-riesigem-talent-lars-rene-hennig-hat-grosse-ziele\/","title":{"rendered":"eSPORTLER MIT RIESIGEM TALENT: LARS REN\u00c9 HENNIG HAT GROSSE ZIELE"},"content":{"rendered":"<div id=\"cs-content\" class=\"cs-content\"><\/div>\n","protected":false},"excerpt":{"rendered":"<p>Er kam erst durch Corona zum Motorsport, sammelt im SimRacing Troph\u00e4en ohne Ende und begeisterte beim ADAC Talent Day. Lars Ren\u00e9 Hennig \u00fcberzeugte bereits im Automobilslalom und wechselt nun auf die Rundstrecke. Mit TUMA Motorsport will er ein hochgestecktes Ziel erreichen. Der Weg von Lars Ren\u00e9 Hennig ist alles andere als gew\u00f6hnlich. W\u00e4hrend viele Rennfahrer schon im Kindesalter im Kart &#8230; <\/p>\n<div><a href=\"https:\/\/www.tourenwagenjuniorcup.de\/esportler-mit-riesigem-talent-lars-rene-hennig-hat-grosse-ziele\/\" class=\"more-link\">Read More<\/a><\/div>\n","protected":false},"author":3,"featured_media":7909,"comment_status":"closed","ping_status":"open","sticky":false,"template":"","format":"standard","meta":{"footnotes":""},"categories":[3],"tags":[],"class_list":["post-7906","post","type-post","status-publish","format-standard","has-post-thumbnail","hentry","category-unkategorisiert"],"yoast_head":"<!-- This site is optimized with the Yoast SEO plugin v25.9 - https:\/\/yoast.com\/wordpress\/plugins\/seo\/ -->\n<title>eSPORTLER MIT RIESIGEM TALENT: LARS REN\u00c9 HENNIG HAT GROSSE ZIELE | ADAC Tourenwagen Junior Cup<\/title>\n<meta name=\"robots\" content=\"index, follow, max-snippet:-1, max-image-preview:large, max-video-preview:-1\" \/>\n<link rel=\"canonical\" href=\"https:\/\/www.tourenwagenjuniorcup.de\/en\/esportler-mit-riesigem-talent-lars-rene-hennig-hat-grosse-ziele\/\" \/>\n<meta property=\"og:locale\" content=\"en_US\" \/>\n<meta property=\"og:type\" content=\"article\" \/>\n<meta property=\"og:title\" content=\"eSPORTLER MIT RIESIGEM TALENT: LARS REN\u00c9 HENNIG HAT GROSSE ZIELE | ADAC Tourenwagen Junior Cup\" \/>\n<meta property=\"og:description\" content=\"Er kam erst durch Corona zum Motorsport, sammelt im SimRacing Troph\u00e4en ohne Ende und begeisterte beim ADAC Talent Day. Lars Ren\u00e9 Hennig \u00fcberzeugte bereits im Automobilslalom und wechselt nun auf die Rundstrecke. Mit TUMA Motorsport will er ein hochgestecktes Ziel erreichen. Der Weg von Lars Ren\u00e9 Hennig ist alles andere als gew\u00f6hnlich. W\u00e4hrend viele Rennfahrer schon im Kindesalter im Kart ... Read More\" \/>\n<meta property=\"og:url\" content=\"https:\/\/www.tourenwagenjuniorcup.de\/esportler-mit-riesigem-talent-lars-rene-hennig-hat-grosse-ziele\/\" \/>\n<meta property=\"og:site_name\" content=\"ADAC Tourenwagen Junior Cup\" \/>\n<meta property=\"article:published_time\" content=\"2025-04-21T18:24:49+00:00\" \/>\n<meta property=\"article:modified_time\" content=\"2025-04-21T18:36:24+00:00\" \/>\n<meta property=\"og:image\" content=\"https:\/\/www.tourenwagenjuniorcup.de\/wp-content\/uploads\/Lars-Rene-Hennig-2025.jpg\" \/>\n\t<meta property=\"og:image:width\" content=\"1920\" \/>\n\t<meta property=\"og:image:height\" content=\"1280\" \/>\n\t<meta property=\"og:image:type\" content=\"image\/jpeg\" \/>\n<meta name=\"author\" content=\"Matthias Meyer\" \/>\n<meta name=\"twitter:card\" content=\"summary_large_image\" \/>\n<meta name=\"twitter:label1\" content=\"Written by\" \/>\n\t<meta name=\"twitter:data1\" content=\"Matthias Meyer\" \/>\n<script type=\"application\/ld+json\" class=\"yoast-schema-graph\">{\"@context\":\"https:\/\/schema.org\",\"@graph\":[{\"@type\":\"WebPage\",\"@id\":\"https:\/\/www.tourenwagenjuniorcup.de\/esportler-mit-riesigem-talent-lars-rene-hennig-hat-grosse-ziele\/\",\"url\":\"https:\/\/www.tourenwagenjuniorcup.de\/esportler-mit-riesigem-talent-lars-rene-hennig-hat-grosse-ziele\/\",\"name\":\"eSPORTLER MIT RIESIGEM TALENT: LARS REN\u00c9 HENNIG HAT GROSSE ZIELE | ADAC Tourenwagen Junior Cup\",\"isPartOf\":{\"@id\":\"https:\/\/www.tourenwagenjuniorcup.de\/en\/#website\"},\"primaryImageOfPage\":{\"@id\":\"https:\/\/www.tourenwagenjuniorcup.de\/esportler-mit-riesigem-talent-lars-rene-hennig-hat-grosse-ziele\/#primaryimage\"},\"image\":{\"@id\":\"https:\/\/www.tourenwagenjuniorcup.de\/esportler-mit-riesigem-talent-lars-rene-hennig-hat-grosse-ziele\/#primaryimage\"},\"thumbnailUrl\":\"https:\/\/www.tourenwagenjuniorcup.de\/wp-content\/uploads\/Lars-Rene-Hennig-2025.jpg\",\"datePublished\":\"2025-04-21T18:24:49+00:00\",\"dateModified\":\"2025-04-21T18:36:24+00:00\",\"author\":{\"@id\":\"https:\/\/www.tourenwagenjuniorcup.de\/en\/#\/schema\/person\/555d6c5113b5491d1fd53b653f9acf4c\"},\"breadcrumb\":{\"@id\":\"https:\/\/www.tourenwagenjuniorcup.de\/esportler-mit-riesigem-talent-lars-rene-hennig-hat-grosse-ziele\/#breadcrumb\"},\"inLanguage\":\"en-US\",\"potentialAction\":[{\"@type\":\"ReadAction\",\"target\":[\"https:\/\/www.tourenwagenjuniorcup.de\/esportler-mit-riesigem-talent-lars-rene-hennig-hat-grosse-ziele\/\"]}]},{\"@type\":\"ImageObject\",\"inLanguage\":\"en-US\",\"@id\":\"https:\/\/www.tourenwagenjuniorcup.de\/esportler-mit-riesigem-talent-lars-rene-hennig-hat-grosse-ziele\/#primaryimage\",\"url\":\"https:\/\/www.tourenwagenjuniorcup.de\/wp-content\/uploads\/Lars-Rene-Hennig-2025.jpg\",\"contentUrl\":\"https:\/\/www.tourenwagenjuniorcup.de\/wp-content\/uploads\/Lars-Rene-Hennig-2025.jpg\",\"width\":1920,\"height\":1280},{\"@type\":\"BreadcrumbList\",\"@id\":\"https:\/\/www.tourenwagenjuniorcup.de\/esportler-mit-riesigem-talent-lars-rene-hennig-hat-grosse-ziele\/#breadcrumb\",\"itemListElement\":[{\"@type\":\"ListItem\",\"position\":1,\"name\":\"Startseite\",\"item\":\"https:\/\/www.tourenwagenjuniorcup.de\/en\/\"},{\"@type\":\"ListItem\",\"position\":2,\"name\":\"eSPORTLER MIT RIESIGEM TALENT: LARS REN\u00c9 HENNIG HAT GROSSE ZIELE\"}]},{\"@type\":\"WebSite\",\"@id\":\"https:\/\/www.tourenwagenjuniorcup.de\/en\/#website\",\"url\":\"https:\/\/www.tourenwagenjuniorcup.de\/en\/\",\"name\":\"ADAC Tourenwagen Junior Cup\",\"description\":\"Der ADAC Tourenwagen Junior Cup ist die deutsche Nachwuchsliga und dein Sprungbrett in den Profi-Sport.\",\"potentialAction\":[{\"@type\":\"SearchAction\",\"target\":{\"@type\":\"EntryPoint\",\"urlTemplate\":\"https:\/\/www.tourenwagenjuniorcup.de\/en\/?s={search_term_string}\"},\"query-input\":{\"@type\":\"PropertyValueSpecification\",\"valueRequired\":true,\"valueName\":\"search_term_string\"}}],\"inLanguage\":\"en-US\"},{\"@type\":\"Person\",\"@id\":\"https:\/\/www.tourenwagenjuniorcup.de\/en\/#\/schema\/person\/555d6c5113b5491d1fd53b653f9acf4c\",\"name\":\"Matthias Meyer\",\"image\":{\"@type\":\"ImageObject\",\"inLanguage\":\"en-US\",\"@id\":\"https:\/\/www.tourenwagenjuniorcup.de\/en\/#\/schema\/person\/image\/\",\"url\":\"https:\/\/secure.gravatar.com\/avatar\/4f7f88e9834655263977d4fa2e611bbaca4504a33c25d4bd6d973af7e9255f71?s=96&d=mm&r=g\",\"contentUrl\":\"https:\/\/secure.gravatar.com\/avatar\/4f7f88e9834655263977d4fa2e611bbaca4504a33c25d4bd6d973af7e9255f71?s=96&d=mm&r=g\",\"caption\":\"Matthias Meyer\"},\"url\":\"https:\/\/www.tourenwagenjuniorcup.de\/en\/author\/matthias\/\"}]}<\/script>\n<!-- \/ Yoast SEO plugin. -->","yoast_head_json":{"title":"eSPORTLER MIT RIESIGEM TALENT: LARS REN\u00c9 HENNIG HAT GROSSE ZIELE | ADAC Tourenwagen Junior Cup","robots":{"index":"index","follow":"follow","max-snippet":"max-snippet:-1","max-image-preview":"max-image-preview:large","max-video-preview":"max-video-preview:-1"},"canonical":"https:\/\/www.tourenwagenjuniorcup.de\/en\/esportler-mit-riesigem-talent-lars-rene-hennig-hat-grosse-ziele\/","og_locale":"en_US","og_type":"article","og_title":"eSPORTLER MIT RIESIGEM TALENT: LARS REN\u00c9 HENNIG HAT GROSSE ZIELE | ADAC Tourenwagen Junior Cup","og_description":"Er kam erst durch Corona zum Motorsport, sammelt im SimRacing Troph\u00e4en ohne Ende und begeisterte beim ADAC Talent Day. Lars Ren\u00e9 Hennig \u00fcberzeugte bereits im Automobilslalom und wechselt nun auf die Rundstrecke. Mit TUMA Motorsport will er ein hochgestecktes Ziel erreichen. Der Weg von Lars Ren\u00e9 Hennig ist alles andere als gew\u00f6hnlich. W\u00e4hrend viele Rennfahrer schon im Kindesalter im Kart ... Read More","og_url":"https:\/\/www.tourenwagenjuniorcup.de\/esportler-mit-riesigem-talent-lars-rene-hennig-hat-grosse-ziele\/","og_site_name":"ADAC Tourenwagen Junior Cup","article_published_time":"2025-04-21T18:24:49+00:00","article_modified_time":"2025-04-21T18:36:24+00:00","og_image":[{"width":1920,"height":1280,"url":"https:\/\/www.tourenwagenjuniorcup.de\/wp-content\/uploads\/Lars-Rene-Hennig-2025.jpg","type":"image\/jpeg"}],"author":"Matthias Meyer","twitter_card":"summary_large_image","twitter_misc":{"Written by":"Matthias Meyer"},"schema":{"@context":"https:\/\/schema.org","@graph":[{"@type":"WebPage","@id":"https:\/\/www.tourenwagenjuniorcup.de\/esportler-mit-riesigem-talent-lars-rene-hennig-hat-grosse-ziele\/","url":"https:\/\/www.tourenwagenjuniorcup.de\/esportler-mit-riesigem-talent-lars-rene-hennig-hat-grosse-ziele\/","name":"eSPORTLER MIT RIESIGEM TALENT: LARS REN\u00c9 HENNIG HAT GROSSE ZIELE | ADAC Tourenwagen Junior Cup","isPartOf":{"@id":"https:\/\/www.tourenwagenjuniorcup.de\/en\/#website"},"primaryImageOfPage":{"@id":"https:\/\/www.tourenwagenjuniorcup.de\/esportler-mit-riesigem-talent-lars-rene-hennig-hat-grosse-ziele\/#primaryimage"},"image":{"@id":"https:\/\/www.tourenwagenjuniorcup.de\/esportler-mit-riesigem-talent-lars-rene-hennig-hat-grosse-ziele\/#primaryimage"},"thumbnailUrl":"https:\/\/www.tourenwagenjuniorcup.de\/wp-content\/uploads\/Lars-Rene-Hennig-2025.jpg","datePublished":"2025-04-21T18:24:49+00:00","dateModified":"2025-04-21T18:36:24+00:00","author":{"@id":"https:\/\/www.tourenwagenjuniorcup.de\/en\/#\/schema\/person\/555d6c5113b5491d1fd53b653f9acf4c"},"breadcrumb":{"@id":"https:\/\/www.tourenwagenjuniorcup.de\/esportler-mit-riesigem-talent-lars-rene-hennig-hat-grosse-ziele\/#breadcrumb"},"inLanguage":"en-US","potentialAction":[{"@type":"ReadAction","target":["https:\/\/www.tourenwagenjuniorcup.de\/esportler-mit-riesigem-talent-lars-rene-hennig-hat-grosse-ziele\/"]}]},{"@type":"ImageObject","inLanguage":"en-US","@id":"https:\/\/www.tourenwagenjuniorcup.de\/esportler-mit-riesigem-talent-lars-rene-hennig-hat-grosse-ziele\/#primaryimage","url":"https:\/\/www.tourenwagenjuniorcup.de\/wp-content\/uploads\/Lars-Rene-Hennig-2025.jpg","contentUrl":"https:\/\/www.tourenwagenjuniorcup.de\/wp-content\/uploads\/Lars-Rene-Hennig-2025.jpg","width":1920,"height":1280},{"@type":"BreadcrumbList","@id":"https:\/\/www.tourenwagenjuniorcup.de\/esportler-mit-riesigem-talent-lars-rene-hennig-hat-grosse-ziele\/#breadcrumb","itemListElement":[{"@type":"ListItem","position":1,"name":"Startseite","item":"https:\/\/www.tourenwagenjuniorcup.de\/en\/"},{"@type":"ListItem","position":2,"name":"eSPORTLER MIT RIESIGEM TALENT: LARS REN\u00c9 HENNIG HAT GROSSE ZIELE"}]},{"@type":"WebSite","@id":"https:\/\/www.tourenwagenjuniorcup.de\/en\/#website","url":"https:\/\/www.tourenwagenjuniorcup.de\/en\/","name":"ADAC Tourenwagen Junior Cup","description":"Der ADAC Tourenwagen Junior Cup ist die deutsche Nachwuchsliga und dein Sprungbrett in den Profi-Sport.","potentialAction":[{"@type":"SearchAction","target":{"@type":"EntryPoint","urlTemplate":"https:\/\/www.tourenwagenjuniorcup.de\/en\/?s={search_term_string}"},"query-input":{"@type":"PropertyValueSpecification","valueRequired":true,"valueName":"search_term_string"}}],"inLanguage":"en-US"},{"@type":"Person","@id":"https:\/\/www.tourenwagenjuniorcup.de\/en\/#\/schema\/person\/555d6c5113b5491d1fd53b653f9acf4c","name":"Matthias Meyer","image":{"@type":"ImageObject","inLanguage":"en-US","@id":"https:\/\/www.tourenwagenjuniorcup.de\/en\/#\/schema\/person\/image\/","url":"https:\/\/secure.gravatar.com\/avatar\/4f7f88e9834655263977d4fa2e611bbaca4504a33c25d4bd6d973af7e9255f71?s=96&d=mm&r=g","contentUrl":"https:\/\/secure.gravatar.com\/avatar\/4f7f88e9834655263977d4fa2e611bbaca4504a33c25d4bd6d973af7e9255f71?s=96&d=mm&r=g","caption":"Matthias Meyer"},"url":"https:\/\/www.tourenwagenjuniorcup.de\/en\/author\/matthias\/"}]}},"_links":{"self":[{"href":"https:\/\/www.tourenwagenjuniorcup.de\/en\/wp-json\/wp\/v2\/posts\/7906","targetHints":{"allow":["GET"]}}],"collection":[{"href":"https:\/\/www.tourenwagenjuniorcup.de\/en\/wp-json\/wp\/v2\/posts"}],"about":[{"href":"https:\/\/www.tourenwagenjuniorcup.de\/en\/wp-json\/wp\/v2\/types\/post"}],"author":[{"embeddable":true,"href":"https:\/\/www.tourenwagenjuniorcup.de\/en\/wp-json\/wp\/v2\/users\/3"}],"replies":[{"embeddable":true,"href":"https:\/\/www.tourenwagenjuniorcup.de\/en\/wp-json\/wp\/v2\/comments?post=7906"}],"version-history":[{"count":2,"href":"https:\/\/www.tourenwagenjuniorcup.de\/en\/wp-json\/wp\/v2\/posts\/7906\/revisions"}],"predecessor-version":[{"id":7908,"href":"https:\/\/www.tourenwagenjuniorcup.de\/en\/wp-json\/wp\/v2\/posts\/7906\/revisions\/7908"}],"wp:featuredmedia":[{"embeddable":true,"href":"https:\/\/www.tourenwagenjuniorcup.de\/en\/wp-json\/wp\/v2\/media\/7909"}],"wp:attachment":[{"href":"https:\/\/www.tourenwagenjuniorcup.de\/en\/wp-json\/wp\/v2\/media?parent=7906"}],"wp:term":[{"taxonomy":"category","embeddable":true,"href":"https:\/\/www.tourenwagenjuniorcup.de\/en\/wp-json\/wp\/v2\/categories?post=7906"},{"taxonomy":"post_tag","embeddable":true,"href":"https:\/\/www.tourenwagenjuniorcup.de\/en\/wp-json\/wp\/v2\/tags?post=7906"}],"curies":[{"name":"wp","href":"https:\/\/api.w.org\/{rel}","templated":true}]}}