{"id":7960,"date":"2025-04-26T16:34:31","date_gmt":"2025-04-26T16:34:31","guid":{"rendered":"https:\/\/www.tourenwagenjuniorcup.de\/?p=7960"},"modified":"2025-04-26T16:34:33","modified_gmt":"2025-04-26T16:34:33","slug":"konrad-holt-sich-ersten-sieg-tourenwagenjuniorcup-2","status":"publish","type":"post","link":"https:\/\/www.tourenwagenjuniorcup.de\/konrad-holt-sich-ersten-sieg-tourenwagenjuniorcup-2\/","title":{"rendered":"KONRAD AUCH IN ZWEITEM RENNEN AUF POLE"},"content":{"rendered":"<div id=\"cs-content\" class=\"cs-content\"><\/div>\n","protected":false},"excerpt":{"rendered":"<p>Zweites Rennen, gleiche erste Startreihe: Julian Konrad (KONRAD-Motorsport) sichert sich auch im zweiten Qualifying des Wochenendes die Pole-Position in der Motorsportarena Oschersleben. Neben ihm wird erneut Mike M\u00fcller (TOPCAR sport) ins Rennen gehen. Der Sonntag begann f\u00fcr die Juniorinnen und Junioren des ADAC Tourenwagen Junior Cup 2025 bereits am sp\u00e4ten Samstagnachmittag: Im zweiten Qualifying wurden die Startpl\u00e4tze f\u00fcr das Sonntagsrennen &#8230; <\/p>\n<div><a href=\"https:\/\/www.tourenwagenjuniorcup.de\/konrad-holt-sich-ersten-sieg-tourenwagenjuniorcup-2\/\" class=\"more-link\">Read More<\/a><\/div>\n","protected":false},"author":3,"featured_media":7961,"comment_status":"closed","ping_status":"open","sticky":false,"template":"","format":"standard","meta":{"footnotes":""},"categories":[3],"tags":[],"class_list":["post-7960","post","type-post","status-publish","format-standard","has-post-thumbnail","hentry","category-unkategorisiert"],"yoast_head":"<!-- This site is optimized with the Yoast SEO plugin v25.9 - https:\/\/yoast.com\/wordpress\/plugins\/seo\/ -->\n<title>KONRAD AUCH IN ZWEITEM RENNEN AUF POLE | ADAC Tourenwagen Junior Cup<\/title>\n<meta name=\"robots\" content=\"index, follow, max-snippet:-1, max-image-preview:large, max-video-preview:-1\" \/>\n<link rel=\"canonical\" href=\"https:\/\/www.tourenwagenjuniorcup.de\/en\/konrad-holt-sich-ersten-sieg-tourenwagenjuniorcup-2\/\" \/>\n<meta property=\"og:locale\" content=\"en_US\" \/>\n<meta property=\"og:type\" content=\"article\" \/>\n<meta property=\"og:title\" content=\"KONRAD AUCH IN ZWEITEM RENNEN AUF POLE | ADAC Tourenwagen Junior Cup\" \/>\n<meta property=\"og:description\" content=\"Zweites Rennen, gleiche erste Startreihe: Julian Konrad (KONRAD-Motorsport) sichert sich auch im zweiten Qualifying des Wochenendes die Pole-Position in der Motorsportarena Oschersleben. Neben ihm wird erneut Mike M\u00fcller (TOPCAR sport) ins Rennen gehen. Der Sonntag begann f\u00fcr die Juniorinnen und Junioren des ADAC Tourenwagen Junior Cup 2025 bereits am sp\u00e4ten Samstagnachmittag: Im zweiten Qualifying wurden die Startpl\u00e4tze f\u00fcr das Sonntagsrennen ... Read More\" \/>\n<meta property=\"og:url\" content=\"https:\/\/www.tourenwagenjuniorcup.de\/konrad-holt-sich-ersten-sieg-tourenwagenjuniorcup-2\/\" \/>\n<meta property=\"og:site_name\" content=\"ADAC Tourenwagen Junior Cup\" \/>\n<meta property=\"article:published_time\" content=\"2025-04-26T16:34:31+00:00\" \/>\n<meta property=\"article:modified_time\" content=\"2025-04-26T16:34:33+00:00\" \/>\n<meta property=\"og:image\" content=\"https:\/\/www.tourenwagenjuniorcup.de\/wp-content\/uploads\/DTM_MAO_TJC_25-04-2025-036.jpg\" \/>\n\t<meta property=\"og:image:width\" content=\"1920\" \/>\n\t<meta property=\"og:image:height\" content=\"1280\" \/>\n\t<meta property=\"og:image:type\" content=\"image\/jpeg\" \/>\n<meta name=\"author\" content=\"Matthias Meyer\" \/>\n<meta name=\"twitter:card\" content=\"summary_large_image\" \/>\n<meta name=\"twitter:label1\" content=\"Written by\" \/>\n\t<meta name=\"twitter:data1\" content=\"Matthias Meyer\" \/>\n\t<meta name=\"twitter:label2\" content=\"Est. reading time\" \/>\n\t<meta name=\"twitter:data2\" content=\"2 minutes\" \/>\n<script type=\"application\/ld+json\" class=\"yoast-schema-graph\">{\"@context\":\"https:\/\/schema.org\",\"@graph\":[{\"@type\":\"WebPage\",\"@id\":\"https:\/\/www.tourenwagenjuniorcup.de\/konrad-holt-sich-ersten-sieg-tourenwagenjuniorcup-2\/\",\"url\":\"https:\/\/www.tourenwagenjuniorcup.de\/konrad-holt-sich-ersten-sieg-tourenwagenjuniorcup-2\/\",\"name\":\"KONRAD AUCH IN ZWEITEM RENNEN AUF POLE | ADAC Tourenwagen Junior Cup\",\"isPartOf\":{\"@id\":\"https:\/\/www.tourenwagenjuniorcup.de\/en\/#website\"},\"primaryImageOfPage\":{\"@id\":\"https:\/\/www.tourenwagenjuniorcup.de\/konrad-holt-sich-ersten-sieg-tourenwagenjuniorcup-2\/#primaryimage\"},\"image\":{\"@id\":\"https:\/\/www.tourenwagenjuniorcup.de\/konrad-holt-sich-ersten-sieg-tourenwagenjuniorcup-2\/#primaryimage\"},\"thumbnailUrl\":\"https:\/\/www.tourenwagenjuniorcup.de\/wp-content\/uploads\/DTM_MAO_TJC_25-04-2025-036.jpg\",\"datePublished\":\"2025-04-26T16:34:31+00:00\",\"dateModified\":\"2025-04-26T16:34:33+00:00\",\"author\":{\"@id\":\"https:\/\/www.tourenwagenjuniorcup.de\/en\/#\/schema\/person\/555d6c5113b5491d1fd53b653f9acf4c\"},\"breadcrumb\":{\"@id\":\"https:\/\/www.tourenwagenjuniorcup.de\/konrad-holt-sich-ersten-sieg-tourenwagenjuniorcup-2\/#breadcrumb\"},\"inLanguage\":\"en-US\",\"potentialAction\":[{\"@type\":\"ReadAction\",\"target\":[\"https:\/\/www.tourenwagenjuniorcup.de\/konrad-holt-sich-ersten-sieg-tourenwagenjuniorcup-2\/\"]}]},{\"@type\":\"ImageObject\",\"inLanguage\":\"en-US\",\"@id\":\"https:\/\/www.tourenwagenjuniorcup.de\/konrad-holt-sich-ersten-sieg-tourenwagenjuniorcup-2\/#primaryimage\",\"url\":\"https:\/\/www.tourenwagenjuniorcup.de\/wp-content\/uploads\/DTM_MAO_TJC_25-04-2025-036.jpg\",\"contentUrl\":\"https:\/\/www.tourenwagenjuniorcup.de\/wp-content\/uploads\/DTM_MAO_TJC_25-04-2025-036.jpg\",\"width\":1920,\"height\":1280},{\"@type\":\"BreadcrumbList\",\"@id\":\"https:\/\/www.tourenwagenjuniorcup.de\/konrad-holt-sich-ersten-sieg-tourenwagenjuniorcup-2\/#breadcrumb\",\"itemListElement\":[{\"@type\":\"ListItem\",\"position\":1,\"name\":\"Startseite\",\"item\":\"https:\/\/www.tourenwagenjuniorcup.de\/en\/\"},{\"@type\":\"ListItem\",\"position\":2,\"name\":\"KONRAD AUCH IN ZWEITEM RENNEN AUF POLE\"}]},{\"@type\":\"WebSite\",\"@id\":\"https:\/\/www.tourenwagenjuniorcup.de\/en\/#website\",\"url\":\"https:\/\/www.tourenwagenjuniorcup.de\/en\/\",\"name\":\"ADAC Tourenwagen Junior Cup\",\"description\":\"Der ADAC Tourenwagen Junior Cup ist die deutsche Nachwuchsliga und dein Sprungbrett in den Profi-Sport.\",\"potentialAction\":[{\"@type\":\"SearchAction\",\"target\":{\"@type\":\"EntryPoint\",\"urlTemplate\":\"https:\/\/www.tourenwagenjuniorcup.de\/en\/?s={search_term_string}\"},\"query-input\":{\"@type\":\"PropertyValueSpecification\",\"valueRequired\":true,\"valueName\":\"search_term_string\"}}],\"inLanguage\":\"en-US\"},{\"@type\":\"Person\",\"@id\":\"https:\/\/www.tourenwagenjuniorcup.de\/en\/#\/schema\/person\/555d6c5113b5491d1fd53b653f9acf4c\",\"name\":\"Matthias Meyer\",\"image\":{\"@type\":\"ImageObject\",\"inLanguage\":\"en-US\",\"@id\":\"https:\/\/www.tourenwagenjuniorcup.de\/en\/#\/schema\/person\/image\/\",\"url\":\"https:\/\/secure.gravatar.com\/avatar\/4f7f88e9834655263977d4fa2e611bbaca4504a33c25d4bd6d973af7e9255f71?s=96&d=mm&r=g\",\"contentUrl\":\"https:\/\/secure.gravatar.com\/avatar\/4f7f88e9834655263977d4fa2e611bbaca4504a33c25d4bd6d973af7e9255f71?s=96&d=mm&r=g\",\"caption\":\"Matthias Meyer\"},\"url\":\"https:\/\/www.tourenwagenjuniorcup.de\/en\/author\/matthias\/\"}]}<\/script>\n<!-- \/ Yoast SEO plugin. -->","yoast_head_json":{"title":"KONRAD AUCH IN ZWEITEM RENNEN AUF POLE | ADAC Tourenwagen Junior Cup","robots":{"index":"index","follow":"follow","max-snippet":"max-snippet:-1","max-image-preview":"max-image-preview:large","max-video-preview":"max-video-preview:-1"},"canonical":"https:\/\/www.tourenwagenjuniorcup.de\/en\/konrad-holt-sich-ersten-sieg-tourenwagenjuniorcup-2\/","og_locale":"en_US","og_type":"article","og_title":"KONRAD AUCH IN ZWEITEM RENNEN AUF POLE | ADAC Tourenwagen Junior Cup","og_description":"Zweites Rennen, gleiche erste Startreihe: Julian Konrad (KONRAD-Motorsport) sichert sich auch im zweiten Qualifying des Wochenendes die Pole-Position in der Motorsportarena Oschersleben. Neben ihm wird erneut Mike M\u00fcller (TOPCAR sport) ins Rennen gehen. Der Sonntag begann f\u00fcr die Juniorinnen und Junioren des ADAC Tourenwagen Junior Cup 2025 bereits am sp\u00e4ten Samstagnachmittag: Im zweiten Qualifying wurden die Startpl\u00e4tze f\u00fcr das Sonntagsrennen ... Read More","og_url":"https:\/\/www.tourenwagenjuniorcup.de\/konrad-holt-sich-ersten-sieg-tourenwagenjuniorcup-2\/","og_site_name":"ADAC Tourenwagen Junior Cup","article_published_time":"2025-04-26T16:34:31+00:00","article_modified_time":"2025-04-26T16:34:33+00:00","og_image":[{"width":1920,"height":1280,"url":"https:\/\/www.tourenwagenjuniorcup.de\/wp-content\/uploads\/DTM_MAO_TJC_25-04-2025-036.jpg","type":"image\/jpeg"}],"author":"Matthias Meyer","twitter_card":"summary_large_image","twitter_misc":{"Written by":"Matthias Meyer","Est. reading time":"2 minutes"},"schema":{"@context":"https:\/\/schema.org","@graph":[{"@type":"WebPage","@id":"https:\/\/www.tourenwagenjuniorcup.de\/konrad-holt-sich-ersten-sieg-tourenwagenjuniorcup-2\/","url":"https:\/\/www.tourenwagenjuniorcup.de\/konrad-holt-sich-ersten-sieg-tourenwagenjuniorcup-2\/","name":"KONRAD AUCH IN ZWEITEM RENNEN AUF POLE | ADAC Tourenwagen Junior Cup","isPartOf":{"@id":"https:\/\/www.tourenwagenjuniorcup.de\/en\/#website"},"primaryImageOfPage":{"@id":"https:\/\/www.tourenwagenjuniorcup.de\/konrad-holt-sich-ersten-sieg-tourenwagenjuniorcup-2\/#primaryimage"},"image":{"@id":"https:\/\/www.tourenwagenjuniorcup.de\/konrad-holt-sich-ersten-sieg-tourenwagenjuniorcup-2\/#primaryimage"},"thumbnailUrl":"https:\/\/www.tourenwagenjuniorcup.de\/wp-content\/uploads\/DTM_MAO_TJC_25-04-2025-036.jpg","datePublished":"2025-04-26T16:34:31+00:00","dateModified":"2025-04-26T16:34:33+00:00","author":{"@id":"https:\/\/www.tourenwagenjuniorcup.de\/en\/#\/schema\/person\/555d6c5113b5491d1fd53b653f9acf4c"},"breadcrumb":{"@id":"https:\/\/www.tourenwagenjuniorcup.de\/konrad-holt-sich-ersten-sieg-tourenwagenjuniorcup-2\/#breadcrumb"},"inLanguage":"en-US","potentialAction":[{"@type":"ReadAction","target":["https:\/\/www.tourenwagenjuniorcup.de\/konrad-holt-sich-ersten-sieg-tourenwagenjuniorcup-2\/"]}]},{"@type":"ImageObject","inLanguage":"en-US","@id":"https:\/\/www.tourenwagenjuniorcup.de\/konrad-holt-sich-ersten-sieg-tourenwagenjuniorcup-2\/#primaryimage","url":"https:\/\/www.tourenwagenjuniorcup.de\/wp-content\/uploads\/DTM_MAO_TJC_25-04-2025-036.jpg","contentUrl":"https:\/\/www.tourenwagenjuniorcup.de\/wp-content\/uploads\/DTM_MAO_TJC_25-04-2025-036.jpg","width":1920,"height":1280},{"@type":"BreadcrumbList","@id":"https:\/\/www.tourenwagenjuniorcup.de\/konrad-holt-sich-ersten-sieg-tourenwagenjuniorcup-2\/#breadcrumb","itemListElement":[{"@type":"ListItem","position":1,"name":"Startseite","item":"https:\/\/www.tourenwagenjuniorcup.de\/en\/"},{"@type":"ListItem","position":2,"name":"KONRAD AUCH IN ZWEITEM RENNEN AUF POLE"}]},{"@type":"WebSite","@id":"https:\/\/www.tourenwagenjuniorcup.de\/en\/#website","url":"https:\/\/www.tourenwagenjuniorcup.de\/en\/","name":"ADAC Tourenwagen Junior Cup","description":"Der ADAC Tourenwagen Junior Cup ist die deutsche Nachwuchsliga und dein Sprungbrett in den Profi-Sport.","potentialAction":[{"@type":"SearchAction","target":{"@type":"EntryPoint","urlTemplate":"https:\/\/www.tourenwagenjuniorcup.de\/en\/?s={search_term_string}"},"query-input":{"@type":"PropertyValueSpecification","valueRequired":true,"valueName":"search_term_string"}}],"inLanguage":"en-US"},{"@type":"Person","@id":"https:\/\/www.tourenwagenjuniorcup.de\/en\/#\/schema\/person\/555d6c5113b5491d1fd53b653f9acf4c","name":"Matthias Meyer","image":{"@type":"ImageObject","inLanguage":"en-US","@id":"https:\/\/www.tourenwagenjuniorcup.de\/en\/#\/schema\/person\/image\/","url":"https:\/\/secure.gravatar.com\/avatar\/4f7f88e9834655263977d4fa2e611bbaca4504a33c25d4bd6d973af7e9255f71?s=96&d=mm&r=g","contentUrl":"https:\/\/secure.gravatar.com\/avatar\/4f7f88e9834655263977d4fa2e611bbaca4504a33c25d4bd6d973af7e9255f71?s=96&d=mm&r=g","caption":"Matthias Meyer"},"url":"https:\/\/www.tourenwagenjuniorcup.de\/en\/author\/matthias\/"}]}},"_links":{"self":[{"href":"https:\/\/www.tourenwagenjuniorcup.de\/en\/wp-json\/wp\/v2\/posts\/7960","targetHints":{"allow":["GET"]}}],"collection":[{"href":"https:\/\/www.tourenwagenjuniorcup.de\/en\/wp-json\/wp\/v2\/posts"}],"about":[{"href":"https:\/\/www.tourenwagenjuniorcup.de\/en\/wp-json\/wp\/v2\/types\/post"}],"author":[{"embeddable":true,"href":"https:\/\/www.tourenwagenjuniorcup.de\/en\/wp-json\/wp\/v2\/users\/3"}],"replies":[{"embeddable":true,"href":"https:\/\/www.tourenwagenjuniorcup.de\/en\/wp-json\/wp\/v2\/comments?post=7960"}],"version-history":[{"count":4,"href":"https:\/\/www.tourenwagenjuniorcup.de\/en\/wp-json\/wp\/v2\/posts\/7960\/revisions"}],"predecessor-version":[{"id":7967,"href":"https:\/\/www.tourenwagenjuniorcup.de\/en\/wp-json\/wp\/v2\/posts\/7960\/revisions\/7967"}],"wp:featuredmedia":[{"embeddable":true,"href":"https:\/\/www.tourenwagenjuniorcup.de\/en\/wp-json\/wp\/v2\/media\/7961"}],"wp:attachment":[{"href":"https:\/\/www.tourenwagenjuniorcup.de\/en\/wp-json\/wp\/v2\/media?parent=7960"}],"wp:term":[{"taxonomy":"category","embeddable":true,"href":"https:\/\/www.tourenwagenjuniorcup.de\/en\/wp-json\/wp\/v2\/categories?post=7960"},{"taxonomy":"post_tag","embeddable":true,"href":"https:\/\/www.tourenwagenjuniorcup.de\/en\/wp-json\/wp\/v2\/tags?post=7960"}],"curies":[{"name":"wp","href":"https:\/\/api.w.org\/{rel}","templated":true}]}}