{"id":8015,"date":"2025-06-13T17:14:21","date_gmt":"2025-06-13T17:14:21","guid":{"rendered":"https:\/\/www.tourenwagenjuniorcup.de\/?p=8015"},"modified":"2025-06-13T17:15:58","modified_gmt":"2025-06-13T17:15:58","slug":"ich-liebe-das-risiko-paul-hahn-strebt-in-zweiter-saison-nach-hoeherem","status":"publish","type":"post","link":"https:\/\/www.tourenwagenjuniorcup.de\/ich-liebe-das-risiko-paul-hahn-strebt-in-zweiter-saison-nach-hoeherem\/","title":{"rendered":"&#8220;ICH LIEBE DAS RISIKO&#8221;: PAUL HAHN STREBT IN ZWEITER SAISON NACH H\u00d6HEREM"},"content":{"rendered":"<div id=\"cs-content\" class=\"cs-content\"><\/div>\n","protected":false},"excerpt":{"rendered":"<p>Mit einer Pole-Position gleich im zweiten Rennen 2024 lie\u00df Paul Hahn aufhorchen. Eine Serie von Unf\u00e4llen stoppte seinen kometenhaften Aufstieg nach nur zwei Rennwochenenden. In seine zweite Saison im ADAC Tourenwagen Junior Cup startete er dann gleich mit zwei Podestpl\u00e4tzen.\u00a0 Bei weiteren Erfolgen k\u00f6nnte er\u00a0in die Fu\u00dfstapfen von James Hunt treten. \u201eWalter R\u00f6hrl brauchte drei Autos, bis es lief. Ich &#8230; <\/p>\n<div><a href=\"https:\/\/www.tourenwagenjuniorcup.de\/ich-liebe-das-risiko-paul-hahn-strebt-in-zweiter-saison-nach-hoeherem\/\" class=\"more-link\">Read More<\/a><\/div>\n","protected":false},"author":3,"featured_media":8018,"comment_status":"closed","ping_status":"open","sticky":false,"template":"","format":"standard","meta":{"footnotes":""},"categories":[3],"tags":[],"class_list":["post-8015","post","type-post","status-publish","format-standard","has-post-thumbnail","hentry","category-unkategorisiert"],"yoast_head":"<!-- This site is optimized with the Yoast SEO plugin v25.9 - https:\/\/yoast.com\/wordpress\/plugins\/seo\/ -->\n<title>&quot;ICH LIEBE DAS RISIKO&quot;: PAUL HAHN STREBT IN ZWEITER SAISON NACH H\u00d6HEREM | ADAC Tourenwagen Junior Cup<\/title>\n<meta name=\"robots\" content=\"index, follow, max-snippet:-1, max-image-preview:large, max-video-preview:-1\" \/>\n<link rel=\"canonical\" href=\"https:\/\/www.tourenwagenjuniorcup.de\/en\/ich-liebe-das-risiko-paul-hahn-strebt-in-zweiter-saison-nach-hoeherem\/\" \/>\n<meta property=\"og:locale\" content=\"en_US\" \/>\n<meta property=\"og:type\" content=\"article\" \/>\n<meta property=\"og:title\" content=\"&quot;ICH LIEBE DAS RISIKO&quot;: PAUL HAHN STREBT IN ZWEITER SAISON NACH H\u00d6HEREM | ADAC Tourenwagen Junior Cup\" \/>\n<meta property=\"og:description\" content=\"Mit einer Pole-Position gleich im zweiten Rennen 2024 lie\u00df Paul Hahn aufhorchen. Eine Serie von Unf\u00e4llen stoppte seinen kometenhaften Aufstieg nach nur zwei Rennwochenenden. In seine zweite Saison im ADAC Tourenwagen Junior Cup startete er dann gleich mit zwei Podestpl\u00e4tzen.\u00a0 Bei weiteren Erfolgen k\u00f6nnte er\u00a0in die Fu\u00dfstapfen von James Hunt treten. \u201eWalter R\u00f6hrl brauchte drei Autos, bis es lief. Ich ... Read More\" \/>\n<meta property=\"og:url\" content=\"https:\/\/www.tourenwagenjuniorcup.de\/ich-liebe-das-risiko-paul-hahn-strebt-in-zweiter-saison-nach-hoeherem\/\" \/>\n<meta property=\"og:site_name\" content=\"ADAC Tourenwagen Junior Cup\" \/>\n<meta property=\"article:published_time\" content=\"2025-06-13T17:14:21+00:00\" \/>\n<meta property=\"article:modified_time\" content=\"2025-06-13T17:15:58+00:00\" \/>\n<meta property=\"og:image\" content=\"https:\/\/www.tourenwagenjuniorcup.de\/wp-content\/uploads\/Paul_Hahn_2025.jpg\" \/>\n\t<meta property=\"og:image:width\" content=\"1920\" \/>\n\t<meta property=\"og:image:height\" content=\"1280\" \/>\n\t<meta property=\"og:image:type\" content=\"image\/jpeg\" \/>\n<meta name=\"author\" content=\"Matthias Meyer\" \/>\n<meta name=\"twitter:card\" content=\"summary_large_image\" \/>\n<meta name=\"twitter:label1\" content=\"Written by\" \/>\n\t<meta name=\"twitter:data1\" content=\"Matthias Meyer\" \/>\n\t<meta name=\"twitter:label2\" content=\"Est. reading time\" \/>\n\t<meta name=\"twitter:data2\" content=\"3 minutes\" \/>\n<script type=\"application\/ld+json\" class=\"yoast-schema-graph\">{\"@context\":\"https:\/\/schema.org\",\"@graph\":[{\"@type\":\"WebPage\",\"@id\":\"https:\/\/www.tourenwagenjuniorcup.de\/ich-liebe-das-risiko-paul-hahn-strebt-in-zweiter-saison-nach-hoeherem\/\",\"url\":\"https:\/\/www.tourenwagenjuniorcup.de\/ich-liebe-das-risiko-paul-hahn-strebt-in-zweiter-saison-nach-hoeherem\/\",\"name\":\"\\\"ICH LIEBE DAS RISIKO\\\": PAUL HAHN STREBT IN ZWEITER SAISON NACH H\u00d6HEREM | ADAC Tourenwagen Junior Cup\",\"isPartOf\":{\"@id\":\"https:\/\/www.tourenwagenjuniorcup.de\/en\/#website\"},\"primaryImageOfPage\":{\"@id\":\"https:\/\/www.tourenwagenjuniorcup.de\/ich-liebe-das-risiko-paul-hahn-strebt-in-zweiter-saison-nach-hoeherem\/#primaryimage\"},\"image\":{\"@id\":\"https:\/\/www.tourenwagenjuniorcup.de\/ich-liebe-das-risiko-paul-hahn-strebt-in-zweiter-saison-nach-hoeherem\/#primaryimage\"},\"thumbnailUrl\":\"https:\/\/www.tourenwagenjuniorcup.de\/wp-content\/uploads\/Paul_Hahn_2025.jpg\",\"datePublished\":\"2025-06-13T17:14:21+00:00\",\"dateModified\":\"2025-06-13T17:15:58+00:00\",\"author\":{\"@id\":\"https:\/\/www.tourenwagenjuniorcup.de\/en\/#\/schema\/person\/555d6c5113b5491d1fd53b653f9acf4c\"},\"breadcrumb\":{\"@id\":\"https:\/\/www.tourenwagenjuniorcup.de\/ich-liebe-das-risiko-paul-hahn-strebt-in-zweiter-saison-nach-hoeherem\/#breadcrumb\"},\"inLanguage\":\"en-US\",\"potentialAction\":[{\"@type\":\"ReadAction\",\"target\":[\"https:\/\/www.tourenwagenjuniorcup.de\/ich-liebe-das-risiko-paul-hahn-strebt-in-zweiter-saison-nach-hoeherem\/\"]}]},{\"@type\":\"ImageObject\",\"inLanguage\":\"en-US\",\"@id\":\"https:\/\/www.tourenwagenjuniorcup.de\/ich-liebe-das-risiko-paul-hahn-strebt-in-zweiter-saison-nach-hoeherem\/#primaryimage\",\"url\":\"https:\/\/www.tourenwagenjuniorcup.de\/wp-content\/uploads\/Paul_Hahn_2025.jpg\",\"contentUrl\":\"https:\/\/www.tourenwagenjuniorcup.de\/wp-content\/uploads\/Paul_Hahn_2025.jpg\",\"width\":1920,\"height\":1280},{\"@type\":\"BreadcrumbList\",\"@id\":\"https:\/\/www.tourenwagenjuniorcup.de\/ich-liebe-das-risiko-paul-hahn-strebt-in-zweiter-saison-nach-hoeherem\/#breadcrumb\",\"itemListElement\":[{\"@type\":\"ListItem\",\"position\":1,\"name\":\"Startseite\",\"item\":\"https:\/\/www.tourenwagenjuniorcup.de\/en\/\"},{\"@type\":\"ListItem\",\"position\":2,\"name\":\"&#8222;ICH LIEBE DAS RISIKO&#8220;: PAUL HAHN STREBT IN ZWEITER SAISON NACH H\u00d6HEREM\"}]},{\"@type\":\"WebSite\",\"@id\":\"https:\/\/www.tourenwagenjuniorcup.de\/en\/#website\",\"url\":\"https:\/\/www.tourenwagenjuniorcup.de\/en\/\",\"name\":\"ADAC Tourenwagen Junior Cup\",\"description\":\"Der ADAC Tourenwagen Junior Cup ist die deutsche Nachwuchsliga und dein Sprungbrett in den Profi-Sport.\",\"potentialAction\":[{\"@type\":\"SearchAction\",\"target\":{\"@type\":\"EntryPoint\",\"urlTemplate\":\"https:\/\/www.tourenwagenjuniorcup.de\/en\/?s={search_term_string}\"},\"query-input\":{\"@type\":\"PropertyValueSpecification\",\"valueRequired\":true,\"valueName\":\"search_term_string\"}}],\"inLanguage\":\"en-US\"},{\"@type\":\"Person\",\"@id\":\"https:\/\/www.tourenwagenjuniorcup.de\/en\/#\/schema\/person\/555d6c5113b5491d1fd53b653f9acf4c\",\"name\":\"Matthias Meyer\",\"image\":{\"@type\":\"ImageObject\",\"inLanguage\":\"en-US\",\"@id\":\"https:\/\/www.tourenwagenjuniorcup.de\/en\/#\/schema\/person\/image\/\",\"url\":\"https:\/\/secure.gravatar.com\/avatar\/4f7f88e9834655263977d4fa2e611bbaca4504a33c25d4bd6d973af7e9255f71?s=96&d=mm&r=g\",\"contentUrl\":\"https:\/\/secure.gravatar.com\/avatar\/4f7f88e9834655263977d4fa2e611bbaca4504a33c25d4bd6d973af7e9255f71?s=96&d=mm&r=g\",\"caption\":\"Matthias Meyer\"},\"url\":\"https:\/\/www.tourenwagenjuniorcup.de\/en\/author\/matthias\/\"}]}<\/script>\n<!-- \/ Yoast SEO plugin. -->","yoast_head_json":{"title":"\"ICH LIEBE DAS RISIKO\": PAUL HAHN STREBT IN ZWEITER SAISON NACH H\u00d6HEREM | ADAC Tourenwagen Junior Cup","robots":{"index":"index","follow":"follow","max-snippet":"max-snippet:-1","max-image-preview":"max-image-preview:large","max-video-preview":"max-video-preview:-1"},"canonical":"https:\/\/www.tourenwagenjuniorcup.de\/en\/ich-liebe-das-risiko-paul-hahn-strebt-in-zweiter-saison-nach-hoeherem\/","og_locale":"en_US","og_type":"article","og_title":"\"ICH LIEBE DAS RISIKO\": PAUL HAHN STREBT IN ZWEITER SAISON NACH H\u00d6HEREM | ADAC Tourenwagen Junior Cup","og_description":"Mit einer Pole-Position gleich im zweiten Rennen 2024 lie\u00df Paul Hahn aufhorchen. Eine Serie von Unf\u00e4llen stoppte seinen kometenhaften Aufstieg nach nur zwei Rennwochenenden. In seine zweite Saison im ADAC Tourenwagen Junior Cup startete er dann gleich mit zwei Podestpl\u00e4tzen.\u00a0 Bei weiteren Erfolgen k\u00f6nnte er\u00a0in die Fu\u00dfstapfen von James Hunt treten. \u201eWalter R\u00f6hrl brauchte drei Autos, bis es lief. Ich ... Read More","og_url":"https:\/\/www.tourenwagenjuniorcup.de\/ich-liebe-das-risiko-paul-hahn-strebt-in-zweiter-saison-nach-hoeherem\/","og_site_name":"ADAC Tourenwagen Junior Cup","article_published_time":"2025-06-13T17:14:21+00:00","article_modified_time":"2025-06-13T17:15:58+00:00","og_image":[{"width":1920,"height":1280,"url":"https:\/\/www.tourenwagenjuniorcup.de\/wp-content\/uploads\/Paul_Hahn_2025.jpg","type":"image\/jpeg"}],"author":"Matthias Meyer","twitter_card":"summary_large_image","twitter_misc":{"Written by":"Matthias Meyer","Est. reading time":"3 minutes"},"schema":{"@context":"https:\/\/schema.org","@graph":[{"@type":"WebPage","@id":"https:\/\/www.tourenwagenjuniorcup.de\/ich-liebe-das-risiko-paul-hahn-strebt-in-zweiter-saison-nach-hoeherem\/","url":"https:\/\/www.tourenwagenjuniorcup.de\/ich-liebe-das-risiko-paul-hahn-strebt-in-zweiter-saison-nach-hoeherem\/","name":"\"ICH LIEBE DAS RISIKO\": PAUL HAHN STREBT IN ZWEITER SAISON NACH H\u00d6HEREM | ADAC Tourenwagen Junior Cup","isPartOf":{"@id":"https:\/\/www.tourenwagenjuniorcup.de\/en\/#website"},"primaryImageOfPage":{"@id":"https:\/\/www.tourenwagenjuniorcup.de\/ich-liebe-das-risiko-paul-hahn-strebt-in-zweiter-saison-nach-hoeherem\/#primaryimage"},"image":{"@id":"https:\/\/www.tourenwagenjuniorcup.de\/ich-liebe-das-risiko-paul-hahn-strebt-in-zweiter-saison-nach-hoeherem\/#primaryimage"},"thumbnailUrl":"https:\/\/www.tourenwagenjuniorcup.de\/wp-content\/uploads\/Paul_Hahn_2025.jpg","datePublished":"2025-06-13T17:14:21+00:00","dateModified":"2025-06-13T17:15:58+00:00","author":{"@id":"https:\/\/www.tourenwagenjuniorcup.de\/en\/#\/schema\/person\/555d6c5113b5491d1fd53b653f9acf4c"},"breadcrumb":{"@id":"https:\/\/www.tourenwagenjuniorcup.de\/ich-liebe-das-risiko-paul-hahn-strebt-in-zweiter-saison-nach-hoeherem\/#breadcrumb"},"inLanguage":"en-US","potentialAction":[{"@type":"ReadAction","target":["https:\/\/www.tourenwagenjuniorcup.de\/ich-liebe-das-risiko-paul-hahn-strebt-in-zweiter-saison-nach-hoeherem\/"]}]},{"@type":"ImageObject","inLanguage":"en-US","@id":"https:\/\/www.tourenwagenjuniorcup.de\/ich-liebe-das-risiko-paul-hahn-strebt-in-zweiter-saison-nach-hoeherem\/#primaryimage","url":"https:\/\/www.tourenwagenjuniorcup.de\/wp-content\/uploads\/Paul_Hahn_2025.jpg","contentUrl":"https:\/\/www.tourenwagenjuniorcup.de\/wp-content\/uploads\/Paul_Hahn_2025.jpg","width":1920,"height":1280},{"@type":"BreadcrumbList","@id":"https:\/\/www.tourenwagenjuniorcup.de\/ich-liebe-das-risiko-paul-hahn-strebt-in-zweiter-saison-nach-hoeherem\/#breadcrumb","itemListElement":[{"@type":"ListItem","position":1,"name":"Startseite","item":"https:\/\/www.tourenwagenjuniorcup.de\/en\/"},{"@type":"ListItem","position":2,"name":"&#8222;ICH LIEBE DAS RISIKO&#8220;: PAUL HAHN STREBT IN ZWEITER SAISON NACH H\u00d6HEREM"}]},{"@type":"WebSite","@id":"https:\/\/www.tourenwagenjuniorcup.de\/en\/#website","url":"https:\/\/www.tourenwagenjuniorcup.de\/en\/","name":"ADAC Tourenwagen Junior Cup","description":"Der ADAC Tourenwagen Junior Cup ist die deutsche Nachwuchsliga und dein Sprungbrett in den Profi-Sport.","potentialAction":[{"@type":"SearchAction","target":{"@type":"EntryPoint","urlTemplate":"https:\/\/www.tourenwagenjuniorcup.de\/en\/?s={search_term_string}"},"query-input":{"@type":"PropertyValueSpecification","valueRequired":true,"valueName":"search_term_string"}}],"inLanguage":"en-US"},{"@type":"Person","@id":"https:\/\/www.tourenwagenjuniorcup.de\/en\/#\/schema\/person\/555d6c5113b5491d1fd53b653f9acf4c","name":"Matthias Meyer","image":{"@type":"ImageObject","inLanguage":"en-US","@id":"https:\/\/www.tourenwagenjuniorcup.de\/en\/#\/schema\/person\/image\/","url":"https:\/\/secure.gravatar.com\/avatar\/4f7f88e9834655263977d4fa2e611bbaca4504a33c25d4bd6d973af7e9255f71?s=96&d=mm&r=g","contentUrl":"https:\/\/secure.gravatar.com\/avatar\/4f7f88e9834655263977d4fa2e611bbaca4504a33c25d4bd6d973af7e9255f71?s=96&d=mm&r=g","caption":"Matthias Meyer"},"url":"https:\/\/www.tourenwagenjuniorcup.de\/en\/author\/matthias\/"}]}},"_links":{"self":[{"href":"https:\/\/www.tourenwagenjuniorcup.de\/en\/wp-json\/wp\/v2\/posts\/8015","targetHints":{"allow":["GET"]}}],"collection":[{"href":"https:\/\/www.tourenwagenjuniorcup.de\/en\/wp-json\/wp\/v2\/posts"}],"about":[{"href":"https:\/\/www.tourenwagenjuniorcup.de\/en\/wp-json\/wp\/v2\/types\/post"}],"author":[{"embeddable":true,"href":"https:\/\/www.tourenwagenjuniorcup.de\/en\/wp-json\/wp\/v2\/users\/3"}],"replies":[{"embeddable":true,"href":"https:\/\/www.tourenwagenjuniorcup.de\/en\/wp-json\/wp\/v2\/comments?post=8015"}],"version-history":[{"count":3,"href":"https:\/\/www.tourenwagenjuniorcup.de\/en\/wp-json\/wp\/v2\/posts\/8015\/revisions"}],"predecessor-version":[{"id":8020,"href":"https:\/\/www.tourenwagenjuniorcup.de\/en\/wp-json\/wp\/v2\/posts\/8015\/revisions\/8020"}],"wp:featuredmedia":[{"embeddable":true,"href":"https:\/\/www.tourenwagenjuniorcup.de\/en\/wp-json\/wp\/v2\/media\/8018"}],"wp:attachment":[{"href":"https:\/\/www.tourenwagenjuniorcup.de\/en\/wp-json\/wp\/v2\/media?parent=8015"}],"wp:term":[{"taxonomy":"category","embeddable":true,"href":"https:\/\/www.tourenwagenjuniorcup.de\/en\/wp-json\/wp\/v2\/categories?post=8015"},{"taxonomy":"post_tag","embeddable":true,"href":"https:\/\/www.tourenwagenjuniorcup.de\/en\/wp-json\/wp\/v2\/tags?post=8015"}],"curies":[{"name":"wp","href":"https:\/\/api.w.org\/{rel}","templated":true}]}}