{"id":8252,"date":"2025-10-17T04:55:11","date_gmt":"2025-10-17T04:55:11","guid":{"rendered":"https:\/\/www.tourenwagenjuniorcup.de\/?p=8252"},"modified":"2025-10-17T05:17:01","modified_gmt":"2025-10-17T05:17:01","slug":"titelentscheidung-beim-finale-konrad-oder-mueller","status":"publish","type":"post","link":"https:\/\/www.tourenwagenjuniorcup.de\/titelentscheidung-beim-finale-konrad-oder-mueller\/","title":{"rendered":"TITELENTSCHEIDUNG BEIM FINALE: KONRAD ODER M\u00dcLLER?"},"content":{"rendered":"<div id=\"cs-content\" class=\"cs-content\"><\/div>\n","protected":false},"excerpt":{"rendered":"<p>Der ADAC Tourenwagen Cup 2025 ist auf der Zielgeraden angekommen: Bei den Finall\u00e4ufen auf dem N\u00fcrburgring geht es zwischen Julian Konrad (KONRAD-Motorsport) und Mike M\u00fcller (TOPCAR sport) um den Titel. Beide m\u00fcssen sich dabei mit weiteren Sieganw\u00e4rtern auseinandersetzen. Mit f\u00fcnf Punkten Vorsprung reist Konrad zum abschlie\u00dfenden ADAC Racing Weekend in die Eifel. Beide Piloten haben eine starke Saison gezeigt und &#8230; <\/p>\n<div><a href=\"https:\/\/www.tourenwagenjuniorcup.de\/titelentscheidung-beim-finale-konrad-oder-mueller\/\" class=\"more-link\">Read More<\/a><\/div>\n","protected":false},"author":3,"featured_media":8255,"comment_status":"closed","ping_status":"open","sticky":false,"template":"","format":"standard","meta":{"footnotes":""},"categories":[3],"tags":[],"class_list":["post-8252","post","type-post","status-publish","format-standard","has-post-thumbnail","hentry","category-unkategorisiert"],"yoast_head":"<!-- This site is optimized with the Yoast SEO plugin v25.9 - https:\/\/yoast.com\/wordpress\/plugins\/seo\/ -->\n<title>TITELENTSCHEIDUNG BEIM FINALE: KONRAD ODER M\u00dcLLER? | ADAC Tourenwagen Junior Cup<\/title>\n<meta name=\"robots\" content=\"index, follow, max-snippet:-1, max-image-preview:large, max-video-preview:-1\" \/>\n<link rel=\"canonical\" href=\"https:\/\/www.tourenwagenjuniorcup.de\/en\/titelentscheidung-beim-finale-konrad-oder-mueller\/\" \/>\n<meta property=\"og:locale\" content=\"en_US\" \/>\n<meta property=\"og:type\" content=\"article\" \/>\n<meta property=\"og:title\" content=\"TITELENTSCHEIDUNG BEIM FINALE: KONRAD ODER M\u00dcLLER? | ADAC Tourenwagen Junior Cup\" \/>\n<meta property=\"og:description\" content=\"Der ADAC Tourenwagen Cup 2025 ist auf der Zielgeraden angekommen: Bei den Finall\u00e4ufen auf dem N\u00fcrburgring geht es zwischen Julian Konrad (KONRAD-Motorsport) und Mike M\u00fcller (TOPCAR sport) um den Titel. Beide m\u00fcssen sich dabei mit weiteren Sieganw\u00e4rtern auseinandersetzen. Mit f\u00fcnf Punkten Vorsprung reist Konrad zum abschlie\u00dfenden ADAC Racing Weekend in die Eifel. Beide Piloten haben eine starke Saison gezeigt und ... Read More\" \/>\n<meta property=\"og:url\" content=\"https:\/\/www.tourenwagenjuniorcup.de\/titelentscheidung-beim-finale-konrad-oder-mueller\/\" \/>\n<meta property=\"og:site_name\" content=\"ADAC Tourenwagen Junior Cup\" \/>\n<meta property=\"article:published_time\" content=\"2025-10-17T04:55:11+00:00\" \/>\n<meta property=\"article:modified_time\" content=\"2025-10-17T05:17:01+00:00\" \/>\n<meta name=\"author\" content=\"Matthias Meyer\" \/>\n<meta name=\"twitter:card\" content=\"summary_large_image\" \/>\n<meta name=\"twitter:label1\" content=\"Written by\" \/>\n\t<meta name=\"twitter:data1\" content=\"Matthias Meyer\" \/>\n<script type=\"application\/ld+json\" class=\"yoast-schema-graph\">{\"@context\":\"https:\/\/schema.org\",\"@graph\":[{\"@type\":\"WebPage\",\"@id\":\"https:\/\/www.tourenwagenjuniorcup.de\/titelentscheidung-beim-finale-konrad-oder-mueller\/\",\"url\":\"https:\/\/www.tourenwagenjuniorcup.de\/titelentscheidung-beim-finale-konrad-oder-mueller\/\",\"name\":\"TITELENTSCHEIDUNG BEIM FINALE: KONRAD ODER M\u00dcLLER? | ADAC Tourenwagen Junior Cup\",\"isPartOf\":{\"@id\":\"https:\/\/www.tourenwagenjuniorcup.de\/en\/#website\"},\"primaryImageOfPage\":{\"@id\":\"https:\/\/www.tourenwagenjuniorcup.de\/titelentscheidung-beim-finale-konrad-oder-mueller\/#primaryimage\"},\"image\":{\"@id\":\"https:\/\/www.tourenwagenjuniorcup.de\/titelentscheidung-beim-finale-konrad-oder-mueller\/#primaryimage\"},\"thumbnailUrl\":\"https:\/\/www.tourenwagenjuniorcup.de\/wp-content\/uploads\/Konrad-oder-Mueller.jpg\",\"datePublished\":\"2025-10-17T04:55:11+00:00\",\"dateModified\":\"2025-10-17T05:17:01+00:00\",\"author\":{\"@id\":\"https:\/\/www.tourenwagenjuniorcup.de\/en\/#\/schema\/person\/555d6c5113b5491d1fd53b653f9acf4c\"},\"breadcrumb\":{\"@id\":\"https:\/\/www.tourenwagenjuniorcup.de\/titelentscheidung-beim-finale-konrad-oder-mueller\/#breadcrumb\"},\"inLanguage\":\"en-US\",\"potentialAction\":[{\"@type\":\"ReadAction\",\"target\":[\"https:\/\/www.tourenwagenjuniorcup.de\/titelentscheidung-beim-finale-konrad-oder-mueller\/\"]}]},{\"@type\":\"ImageObject\",\"inLanguage\":\"en-US\",\"@id\":\"https:\/\/www.tourenwagenjuniorcup.de\/titelentscheidung-beim-finale-konrad-oder-mueller\/#primaryimage\",\"url\":\"https:\/\/www.tourenwagenjuniorcup.de\/wp-content\/uploads\/Konrad-oder-Mueller.jpg\",\"contentUrl\":\"https:\/\/www.tourenwagenjuniorcup.de\/wp-content\/uploads\/Konrad-oder-Mueller.jpg\",\"width\":1920,\"height\":1280},{\"@type\":\"BreadcrumbList\",\"@id\":\"https:\/\/www.tourenwagenjuniorcup.de\/titelentscheidung-beim-finale-konrad-oder-mueller\/#breadcrumb\",\"itemListElement\":[{\"@type\":\"ListItem\",\"position\":1,\"name\":\"Startseite\",\"item\":\"https:\/\/www.tourenwagenjuniorcup.de\/en\/\"},{\"@type\":\"ListItem\",\"position\":2,\"name\":\"TITELENTSCHEIDUNG BEIM FINALE: KONRAD ODER M\u00dcLLER?\"}]},{\"@type\":\"WebSite\",\"@id\":\"https:\/\/www.tourenwagenjuniorcup.de\/en\/#website\",\"url\":\"https:\/\/www.tourenwagenjuniorcup.de\/en\/\",\"name\":\"ADAC Tourenwagen Junior Cup\",\"description\":\"Der ADAC Tourenwagen Junior Cup ist die deutsche Nachwuchsliga und dein Sprungbrett in den Profi-Sport.\",\"potentialAction\":[{\"@type\":\"SearchAction\",\"target\":{\"@type\":\"EntryPoint\",\"urlTemplate\":\"https:\/\/www.tourenwagenjuniorcup.de\/en\/?s={search_term_string}\"},\"query-input\":{\"@type\":\"PropertyValueSpecification\",\"valueRequired\":true,\"valueName\":\"search_term_string\"}}],\"inLanguage\":\"en-US\"},{\"@type\":\"Person\",\"@id\":\"https:\/\/www.tourenwagenjuniorcup.de\/en\/#\/schema\/person\/555d6c5113b5491d1fd53b653f9acf4c\",\"name\":\"Matthias Meyer\",\"image\":{\"@type\":\"ImageObject\",\"inLanguage\":\"en-US\",\"@id\":\"https:\/\/www.tourenwagenjuniorcup.de\/en\/#\/schema\/person\/image\/\",\"url\":\"https:\/\/secure.gravatar.com\/avatar\/4f7f88e9834655263977d4fa2e611bbaca4504a33c25d4bd6d973af7e9255f71?s=96&d=mm&r=g\",\"contentUrl\":\"https:\/\/secure.gravatar.com\/avatar\/4f7f88e9834655263977d4fa2e611bbaca4504a33c25d4bd6d973af7e9255f71?s=96&d=mm&r=g\",\"caption\":\"Matthias Meyer\"},\"url\":\"https:\/\/www.tourenwagenjuniorcup.de\/en\/author\/matthias\/\"}]}<\/script>\n<!-- \/ Yoast SEO plugin. -->","yoast_head_json":{"title":"TITELENTSCHEIDUNG BEIM FINALE: KONRAD ODER M\u00dcLLER? | ADAC Tourenwagen Junior Cup","robots":{"index":"index","follow":"follow","max-snippet":"max-snippet:-1","max-image-preview":"max-image-preview:large","max-video-preview":"max-video-preview:-1"},"canonical":"https:\/\/www.tourenwagenjuniorcup.de\/en\/titelentscheidung-beim-finale-konrad-oder-mueller\/","og_locale":"en_US","og_type":"article","og_title":"TITELENTSCHEIDUNG BEIM FINALE: KONRAD ODER M\u00dcLLER? | ADAC Tourenwagen Junior Cup","og_description":"Der ADAC Tourenwagen Cup 2025 ist auf der Zielgeraden angekommen: Bei den Finall\u00e4ufen auf dem N\u00fcrburgring geht es zwischen Julian Konrad (KONRAD-Motorsport) und Mike M\u00fcller (TOPCAR sport) um den Titel. Beide m\u00fcssen sich dabei mit weiteren Sieganw\u00e4rtern auseinandersetzen. Mit f\u00fcnf Punkten Vorsprung reist Konrad zum abschlie\u00dfenden ADAC Racing Weekend in die Eifel. Beide Piloten haben eine starke Saison gezeigt und ... Read More","og_url":"https:\/\/www.tourenwagenjuniorcup.de\/titelentscheidung-beim-finale-konrad-oder-mueller\/","og_site_name":"ADAC Tourenwagen Junior Cup","article_published_time":"2025-10-17T04:55:11+00:00","article_modified_time":"2025-10-17T05:17:01+00:00","author":"Matthias Meyer","twitter_card":"summary_large_image","twitter_misc":{"Written by":"Matthias Meyer"},"schema":{"@context":"https:\/\/schema.org","@graph":[{"@type":"WebPage","@id":"https:\/\/www.tourenwagenjuniorcup.de\/titelentscheidung-beim-finale-konrad-oder-mueller\/","url":"https:\/\/www.tourenwagenjuniorcup.de\/titelentscheidung-beim-finale-konrad-oder-mueller\/","name":"TITELENTSCHEIDUNG BEIM FINALE: KONRAD ODER M\u00dcLLER? | ADAC Tourenwagen Junior Cup","isPartOf":{"@id":"https:\/\/www.tourenwagenjuniorcup.de\/en\/#website"},"primaryImageOfPage":{"@id":"https:\/\/www.tourenwagenjuniorcup.de\/titelentscheidung-beim-finale-konrad-oder-mueller\/#primaryimage"},"image":{"@id":"https:\/\/www.tourenwagenjuniorcup.de\/titelentscheidung-beim-finale-konrad-oder-mueller\/#primaryimage"},"thumbnailUrl":"https:\/\/www.tourenwagenjuniorcup.de\/wp-content\/uploads\/Konrad-oder-Mueller.jpg","datePublished":"2025-10-17T04:55:11+00:00","dateModified":"2025-10-17T05:17:01+00:00","author":{"@id":"https:\/\/www.tourenwagenjuniorcup.de\/en\/#\/schema\/person\/555d6c5113b5491d1fd53b653f9acf4c"},"breadcrumb":{"@id":"https:\/\/www.tourenwagenjuniorcup.de\/titelentscheidung-beim-finale-konrad-oder-mueller\/#breadcrumb"},"inLanguage":"en-US","potentialAction":[{"@type":"ReadAction","target":["https:\/\/www.tourenwagenjuniorcup.de\/titelentscheidung-beim-finale-konrad-oder-mueller\/"]}]},{"@type":"ImageObject","inLanguage":"en-US","@id":"https:\/\/www.tourenwagenjuniorcup.de\/titelentscheidung-beim-finale-konrad-oder-mueller\/#primaryimage","url":"https:\/\/www.tourenwagenjuniorcup.de\/wp-content\/uploads\/Konrad-oder-Mueller.jpg","contentUrl":"https:\/\/www.tourenwagenjuniorcup.de\/wp-content\/uploads\/Konrad-oder-Mueller.jpg","width":1920,"height":1280},{"@type":"BreadcrumbList","@id":"https:\/\/www.tourenwagenjuniorcup.de\/titelentscheidung-beim-finale-konrad-oder-mueller\/#breadcrumb","itemListElement":[{"@type":"ListItem","position":1,"name":"Startseite","item":"https:\/\/www.tourenwagenjuniorcup.de\/en\/"},{"@type":"ListItem","position":2,"name":"TITELENTSCHEIDUNG BEIM FINALE: KONRAD ODER M\u00dcLLER?"}]},{"@type":"WebSite","@id":"https:\/\/www.tourenwagenjuniorcup.de\/en\/#website","url":"https:\/\/www.tourenwagenjuniorcup.de\/en\/","name":"ADAC Tourenwagen Junior Cup","description":"Der ADAC Tourenwagen Junior Cup ist die deutsche Nachwuchsliga und dein Sprungbrett in den Profi-Sport.","potentialAction":[{"@type":"SearchAction","target":{"@type":"EntryPoint","urlTemplate":"https:\/\/www.tourenwagenjuniorcup.de\/en\/?s={search_term_string}"},"query-input":{"@type":"PropertyValueSpecification","valueRequired":true,"valueName":"search_term_string"}}],"inLanguage":"en-US"},{"@type":"Person","@id":"https:\/\/www.tourenwagenjuniorcup.de\/en\/#\/schema\/person\/555d6c5113b5491d1fd53b653f9acf4c","name":"Matthias Meyer","image":{"@type":"ImageObject","inLanguage":"en-US","@id":"https:\/\/www.tourenwagenjuniorcup.de\/en\/#\/schema\/person\/image\/","url":"https:\/\/secure.gravatar.com\/avatar\/4f7f88e9834655263977d4fa2e611bbaca4504a33c25d4bd6d973af7e9255f71?s=96&d=mm&r=g","contentUrl":"https:\/\/secure.gravatar.com\/avatar\/4f7f88e9834655263977d4fa2e611bbaca4504a33c25d4bd6d973af7e9255f71?s=96&d=mm&r=g","caption":"Matthias Meyer"},"url":"https:\/\/www.tourenwagenjuniorcup.de\/en\/author\/matthias\/"}]}},"_links":{"self":[{"href":"https:\/\/www.tourenwagenjuniorcup.de\/en\/wp-json\/wp\/v2\/posts\/8252","targetHints":{"allow":["GET"]}}],"collection":[{"href":"https:\/\/www.tourenwagenjuniorcup.de\/en\/wp-json\/wp\/v2\/posts"}],"about":[{"href":"https:\/\/www.tourenwagenjuniorcup.de\/en\/wp-json\/wp\/v2\/types\/post"}],"author":[{"embeddable":true,"href":"https:\/\/www.tourenwagenjuniorcup.de\/en\/wp-json\/wp\/v2\/users\/3"}],"replies":[{"embeddable":true,"href":"https:\/\/www.tourenwagenjuniorcup.de\/en\/wp-json\/wp\/v2\/comments?post=8252"}],"version-history":[{"count":2,"href":"https:\/\/www.tourenwagenjuniorcup.de\/en\/wp-json\/wp\/v2\/posts\/8252\/revisions"}],"predecessor-version":[{"id":8254,"href":"https:\/\/www.tourenwagenjuniorcup.de\/en\/wp-json\/wp\/v2\/posts\/8252\/revisions\/8254"}],"wp:featuredmedia":[{"embeddable":true,"href":"https:\/\/www.tourenwagenjuniorcup.de\/en\/wp-json\/wp\/v2\/media\/8255"}],"wp:attachment":[{"href":"https:\/\/www.tourenwagenjuniorcup.de\/en\/wp-json\/wp\/v2\/media?parent=8252"}],"wp:term":[{"taxonomy":"category","embeddable":true,"href":"https:\/\/www.tourenwagenjuniorcup.de\/en\/wp-json\/wp\/v2\/categories?post=8252"},{"taxonomy":"post_tag","embeddable":true,"href":"https:\/\/www.tourenwagenjuniorcup.de\/en\/wp-json\/wp\/v2\/tags?post=8252"}],"curies":[{"name":"wp","href":"https:\/\/api.w.org\/{rel}","templated":true}]}}