{"id":8268,"date":"2025-10-18T13:41:25","date_gmt":"2025-10-18T13:41:25","guid":{"rendered":"https:\/\/www.tourenwagenjuniorcup.de\/?p=8268"},"modified":"2025-10-18T14:31:24","modified_gmt":"2025-10-18T14:31:24","slug":"julian-konrad-ist-meister-des-adac-tourenwagen-junior-cup-2025","status":"publish","type":"post","link":"https:\/\/www.tourenwagenjuniorcup.de\/julian-konrad-ist-meister-des-adac-tourenwagen-junior-cup-2025\/","title":{"rendered":"JULIAN KONRAD IST MEISTER DES ADAC TOURENWAGEN JUNIOR CUP 2025"},"content":{"rendered":"<div id=\"cs-content\" class=\"cs-content\"><\/div>\n","protected":false},"excerpt":{"rendered":"<p>Julian Konrad (KONRAD-Motorsport) kr\u00f6nte sich mit einem Sieg im Samstagsrennen auf der N\u00fcrburgring-Grand-Prix-Strecke zum f\u00fcnften Meister im ADAC Tourenwagen Junior Cup, weil Mike M\u00fcller (TOPCAR sport) nicht in die Punkter\u00e4nge kam. Die wenigsten h\u00e4tten damit gerechnet, dass das Titelduell 2025 bereits im vorletzten Rennen entschieden werden w\u00fcrde, doch Julian Konrad hat es vollbracht: Mit einem souver\u00e4nen Start-Ziel-Sieg sicherte sich der &#8230; <\/p>\n<div><a href=\"https:\/\/www.tourenwagenjuniorcup.de\/julian-konrad-ist-meister-des-adac-tourenwagen-junior-cup-2025\/\" class=\"more-link\">Read More<\/a><\/div>\n","protected":false},"author":3,"featured_media":8273,"comment_status":"closed","ping_status":"open","sticky":false,"template":"","format":"standard","meta":{"footnotes":""},"categories":[3],"tags":[],"class_list":["post-8268","post","type-post","status-publish","format-standard","has-post-thumbnail","hentry","category-unkategorisiert"],"yoast_head":"<!-- This site is optimized with the Yoast SEO plugin v25.9 - https:\/\/yoast.com\/wordpress\/plugins\/seo\/ -->\n<title>JULIAN KONRAD IST MEISTER DES ADAC TOURENWAGEN JUNIOR CUP 2025 | ADAC Tourenwagen Junior Cup<\/title>\n<meta name=\"robots\" content=\"index, follow, max-snippet:-1, max-image-preview:large, max-video-preview:-1\" \/>\n<link rel=\"canonical\" href=\"https:\/\/www.tourenwagenjuniorcup.de\/en\/julian-konrad-ist-meister-des-adac-tourenwagen-junior-cup-2025\/\" \/>\n<meta property=\"og:locale\" content=\"en_US\" \/>\n<meta property=\"og:type\" content=\"article\" \/>\n<meta property=\"og:title\" content=\"JULIAN KONRAD IST MEISTER DES ADAC TOURENWAGEN JUNIOR CUP 2025 | ADAC Tourenwagen Junior Cup\" \/>\n<meta property=\"og:description\" content=\"Julian Konrad (KONRAD-Motorsport) kr\u00f6nte sich mit einem Sieg im Samstagsrennen auf der N\u00fcrburgring-Grand-Prix-Strecke zum f\u00fcnften Meister im ADAC Tourenwagen Junior Cup, weil Mike M\u00fcller (TOPCAR sport) nicht in die Punkter\u00e4nge kam. Die wenigsten h\u00e4tten damit gerechnet, dass das Titelduell 2025 bereits im vorletzten Rennen entschieden werden w\u00fcrde, doch Julian Konrad hat es vollbracht: Mit einem souver\u00e4nen Start-Ziel-Sieg sicherte sich der ... Read More\" \/>\n<meta property=\"og:url\" content=\"https:\/\/www.tourenwagenjuniorcup.de\/julian-konrad-ist-meister-des-adac-tourenwagen-junior-cup-2025\/\" \/>\n<meta property=\"og:site_name\" content=\"ADAC Tourenwagen Junior Cup\" \/>\n<meta property=\"article:published_time\" content=\"2025-10-18T13:41:25+00:00\" \/>\n<meta property=\"article:modified_time\" content=\"2025-10-18T14:31:24+00:00\" \/>\n<meta name=\"author\" content=\"Matthias Meyer\" \/>\n<meta name=\"twitter:card\" content=\"summary_large_image\" \/>\n<meta name=\"twitter:label1\" content=\"Written by\" \/>\n\t<meta name=\"twitter:data1\" content=\"Matthias Meyer\" \/>\n<script type=\"application\/ld+json\" class=\"yoast-schema-graph\">{\"@context\":\"https:\/\/schema.org\",\"@graph\":[{\"@type\":\"WebPage\",\"@id\":\"https:\/\/www.tourenwagenjuniorcup.de\/julian-konrad-ist-meister-des-adac-tourenwagen-junior-cup-2025\/\",\"url\":\"https:\/\/www.tourenwagenjuniorcup.de\/julian-konrad-ist-meister-des-adac-tourenwagen-junior-cup-2025\/\",\"name\":\"JULIAN KONRAD IST MEISTER DES ADAC TOURENWAGEN JUNIOR CUP 2025 | ADAC Tourenwagen Junior Cup\",\"isPartOf\":{\"@id\":\"https:\/\/www.tourenwagenjuniorcup.de\/en\/#website\"},\"primaryImageOfPage\":{\"@id\":\"https:\/\/www.tourenwagenjuniorcup.de\/julian-konrad-ist-meister-des-adac-tourenwagen-junior-cup-2025\/#primaryimage\"},\"image\":{\"@id\":\"https:\/\/www.tourenwagenjuniorcup.de\/julian-konrad-ist-meister-des-adac-tourenwagen-junior-cup-2025\/#primaryimage\"},\"thumbnailUrl\":\"https:\/\/www.tourenwagenjuniorcup.de\/wp-content\/uploads\/Konrad_2025.jpg\",\"datePublished\":\"2025-10-18T13:41:25+00:00\",\"dateModified\":\"2025-10-18T14:31:24+00:00\",\"author\":{\"@id\":\"https:\/\/www.tourenwagenjuniorcup.de\/en\/#\/schema\/person\/555d6c5113b5491d1fd53b653f9acf4c\"},\"breadcrumb\":{\"@id\":\"https:\/\/www.tourenwagenjuniorcup.de\/julian-konrad-ist-meister-des-adac-tourenwagen-junior-cup-2025\/#breadcrumb\"},\"inLanguage\":\"en-US\",\"potentialAction\":[{\"@type\":\"ReadAction\",\"target\":[\"https:\/\/www.tourenwagenjuniorcup.de\/julian-konrad-ist-meister-des-adac-tourenwagen-junior-cup-2025\/\"]}]},{\"@type\":\"ImageObject\",\"inLanguage\":\"en-US\",\"@id\":\"https:\/\/www.tourenwagenjuniorcup.de\/julian-konrad-ist-meister-des-adac-tourenwagen-junior-cup-2025\/#primaryimage\",\"url\":\"https:\/\/www.tourenwagenjuniorcup.de\/wp-content\/uploads\/Konrad_2025.jpg\",\"contentUrl\":\"https:\/\/www.tourenwagenjuniorcup.de\/wp-content\/uploads\/Konrad_2025.jpg\",\"width\":1920,\"height\":1280},{\"@type\":\"BreadcrumbList\",\"@id\":\"https:\/\/www.tourenwagenjuniorcup.de\/julian-konrad-ist-meister-des-adac-tourenwagen-junior-cup-2025\/#breadcrumb\",\"itemListElement\":[{\"@type\":\"ListItem\",\"position\":1,\"name\":\"Startseite\",\"item\":\"https:\/\/www.tourenwagenjuniorcup.de\/en\/\"},{\"@type\":\"ListItem\",\"position\":2,\"name\":\"JULIAN KONRAD IST MEISTER DES ADAC TOURENWAGEN JUNIOR CUP 2025\"}]},{\"@type\":\"WebSite\",\"@id\":\"https:\/\/www.tourenwagenjuniorcup.de\/en\/#website\",\"url\":\"https:\/\/www.tourenwagenjuniorcup.de\/en\/\",\"name\":\"ADAC Tourenwagen Junior Cup\",\"description\":\"Der ADAC Tourenwagen Junior Cup ist die deutsche Nachwuchsliga und dein Sprungbrett in den Profi-Sport.\",\"potentialAction\":[{\"@type\":\"SearchAction\",\"target\":{\"@type\":\"EntryPoint\",\"urlTemplate\":\"https:\/\/www.tourenwagenjuniorcup.de\/en\/?s={search_term_string}\"},\"query-input\":{\"@type\":\"PropertyValueSpecification\",\"valueRequired\":true,\"valueName\":\"search_term_string\"}}],\"inLanguage\":\"en-US\"},{\"@type\":\"Person\",\"@id\":\"https:\/\/www.tourenwagenjuniorcup.de\/en\/#\/schema\/person\/555d6c5113b5491d1fd53b653f9acf4c\",\"name\":\"Matthias Meyer\",\"image\":{\"@type\":\"ImageObject\",\"inLanguage\":\"en-US\",\"@id\":\"https:\/\/www.tourenwagenjuniorcup.de\/en\/#\/schema\/person\/image\/\",\"url\":\"https:\/\/secure.gravatar.com\/avatar\/4f7f88e9834655263977d4fa2e611bbaca4504a33c25d4bd6d973af7e9255f71?s=96&d=mm&r=g\",\"contentUrl\":\"https:\/\/secure.gravatar.com\/avatar\/4f7f88e9834655263977d4fa2e611bbaca4504a33c25d4bd6d973af7e9255f71?s=96&d=mm&r=g\",\"caption\":\"Matthias Meyer\"},\"url\":\"https:\/\/www.tourenwagenjuniorcup.de\/en\/author\/matthias\/\"}]}<\/script>\n<!-- \/ Yoast SEO plugin. -->","yoast_head_json":{"title":"JULIAN KONRAD IST MEISTER DES ADAC TOURENWAGEN JUNIOR CUP 2025 | ADAC Tourenwagen Junior Cup","robots":{"index":"index","follow":"follow","max-snippet":"max-snippet:-1","max-image-preview":"max-image-preview:large","max-video-preview":"max-video-preview:-1"},"canonical":"https:\/\/www.tourenwagenjuniorcup.de\/en\/julian-konrad-ist-meister-des-adac-tourenwagen-junior-cup-2025\/","og_locale":"en_US","og_type":"article","og_title":"JULIAN KONRAD IST MEISTER DES ADAC TOURENWAGEN JUNIOR CUP 2025 | ADAC Tourenwagen Junior Cup","og_description":"Julian Konrad (KONRAD-Motorsport) kr\u00f6nte sich mit einem Sieg im Samstagsrennen auf der N\u00fcrburgring-Grand-Prix-Strecke zum f\u00fcnften Meister im ADAC Tourenwagen Junior Cup, weil Mike M\u00fcller (TOPCAR sport) nicht in die Punkter\u00e4nge kam. Die wenigsten h\u00e4tten damit gerechnet, dass das Titelduell 2025 bereits im vorletzten Rennen entschieden werden w\u00fcrde, doch Julian Konrad hat es vollbracht: Mit einem souver\u00e4nen Start-Ziel-Sieg sicherte sich der ... Read More","og_url":"https:\/\/www.tourenwagenjuniorcup.de\/julian-konrad-ist-meister-des-adac-tourenwagen-junior-cup-2025\/","og_site_name":"ADAC Tourenwagen Junior Cup","article_published_time":"2025-10-18T13:41:25+00:00","article_modified_time":"2025-10-18T14:31:24+00:00","author":"Matthias Meyer","twitter_card":"summary_large_image","twitter_misc":{"Written by":"Matthias Meyer"},"schema":{"@context":"https:\/\/schema.org","@graph":[{"@type":"WebPage","@id":"https:\/\/www.tourenwagenjuniorcup.de\/julian-konrad-ist-meister-des-adac-tourenwagen-junior-cup-2025\/","url":"https:\/\/www.tourenwagenjuniorcup.de\/julian-konrad-ist-meister-des-adac-tourenwagen-junior-cup-2025\/","name":"JULIAN KONRAD IST MEISTER DES ADAC TOURENWAGEN JUNIOR CUP 2025 | ADAC Tourenwagen Junior Cup","isPartOf":{"@id":"https:\/\/www.tourenwagenjuniorcup.de\/en\/#website"},"primaryImageOfPage":{"@id":"https:\/\/www.tourenwagenjuniorcup.de\/julian-konrad-ist-meister-des-adac-tourenwagen-junior-cup-2025\/#primaryimage"},"image":{"@id":"https:\/\/www.tourenwagenjuniorcup.de\/julian-konrad-ist-meister-des-adac-tourenwagen-junior-cup-2025\/#primaryimage"},"thumbnailUrl":"https:\/\/www.tourenwagenjuniorcup.de\/wp-content\/uploads\/Konrad_2025.jpg","datePublished":"2025-10-18T13:41:25+00:00","dateModified":"2025-10-18T14:31:24+00:00","author":{"@id":"https:\/\/www.tourenwagenjuniorcup.de\/en\/#\/schema\/person\/555d6c5113b5491d1fd53b653f9acf4c"},"breadcrumb":{"@id":"https:\/\/www.tourenwagenjuniorcup.de\/julian-konrad-ist-meister-des-adac-tourenwagen-junior-cup-2025\/#breadcrumb"},"inLanguage":"en-US","potentialAction":[{"@type":"ReadAction","target":["https:\/\/www.tourenwagenjuniorcup.de\/julian-konrad-ist-meister-des-adac-tourenwagen-junior-cup-2025\/"]}]},{"@type":"ImageObject","inLanguage":"en-US","@id":"https:\/\/www.tourenwagenjuniorcup.de\/julian-konrad-ist-meister-des-adac-tourenwagen-junior-cup-2025\/#primaryimage","url":"https:\/\/www.tourenwagenjuniorcup.de\/wp-content\/uploads\/Konrad_2025.jpg","contentUrl":"https:\/\/www.tourenwagenjuniorcup.de\/wp-content\/uploads\/Konrad_2025.jpg","width":1920,"height":1280},{"@type":"BreadcrumbList","@id":"https:\/\/www.tourenwagenjuniorcup.de\/julian-konrad-ist-meister-des-adac-tourenwagen-junior-cup-2025\/#breadcrumb","itemListElement":[{"@type":"ListItem","position":1,"name":"Startseite","item":"https:\/\/www.tourenwagenjuniorcup.de\/en\/"},{"@type":"ListItem","position":2,"name":"JULIAN KONRAD IST MEISTER DES ADAC TOURENWAGEN JUNIOR CUP 2025"}]},{"@type":"WebSite","@id":"https:\/\/www.tourenwagenjuniorcup.de\/en\/#website","url":"https:\/\/www.tourenwagenjuniorcup.de\/en\/","name":"ADAC Tourenwagen Junior Cup","description":"Der ADAC Tourenwagen Junior Cup ist die deutsche Nachwuchsliga und dein Sprungbrett in den Profi-Sport.","potentialAction":[{"@type":"SearchAction","target":{"@type":"EntryPoint","urlTemplate":"https:\/\/www.tourenwagenjuniorcup.de\/en\/?s={search_term_string}"},"query-input":{"@type":"PropertyValueSpecification","valueRequired":true,"valueName":"search_term_string"}}],"inLanguage":"en-US"},{"@type":"Person","@id":"https:\/\/www.tourenwagenjuniorcup.de\/en\/#\/schema\/person\/555d6c5113b5491d1fd53b653f9acf4c","name":"Matthias Meyer","image":{"@type":"ImageObject","inLanguage":"en-US","@id":"https:\/\/www.tourenwagenjuniorcup.de\/en\/#\/schema\/person\/image\/","url":"https:\/\/secure.gravatar.com\/avatar\/4f7f88e9834655263977d4fa2e611bbaca4504a33c25d4bd6d973af7e9255f71?s=96&d=mm&r=g","contentUrl":"https:\/\/secure.gravatar.com\/avatar\/4f7f88e9834655263977d4fa2e611bbaca4504a33c25d4bd6d973af7e9255f71?s=96&d=mm&r=g","caption":"Matthias Meyer"},"url":"https:\/\/www.tourenwagenjuniorcup.de\/en\/author\/matthias\/"}]}},"_links":{"self":[{"href":"https:\/\/www.tourenwagenjuniorcup.de\/en\/wp-json\/wp\/v2\/posts\/8268","targetHints":{"allow":["GET"]}}],"collection":[{"href":"https:\/\/www.tourenwagenjuniorcup.de\/en\/wp-json\/wp\/v2\/posts"}],"about":[{"href":"https:\/\/www.tourenwagenjuniorcup.de\/en\/wp-json\/wp\/v2\/types\/post"}],"author":[{"embeddable":true,"href":"https:\/\/www.tourenwagenjuniorcup.de\/en\/wp-json\/wp\/v2\/users\/3"}],"replies":[{"embeddable":true,"href":"https:\/\/www.tourenwagenjuniorcup.de\/en\/wp-json\/wp\/v2\/comments?post=8268"}],"version-history":[{"count":3,"href":"https:\/\/www.tourenwagenjuniorcup.de\/en\/wp-json\/wp\/v2\/posts\/8268\/revisions"}],"predecessor-version":[{"id":8272,"href":"https:\/\/www.tourenwagenjuniorcup.de\/en\/wp-json\/wp\/v2\/posts\/8268\/revisions\/8272"}],"wp:featuredmedia":[{"embeddable":true,"href":"https:\/\/www.tourenwagenjuniorcup.de\/en\/wp-json\/wp\/v2\/media\/8273"}],"wp:attachment":[{"href":"https:\/\/www.tourenwagenjuniorcup.de\/en\/wp-json\/wp\/v2\/media?parent=8268"}],"wp:term":[{"taxonomy":"category","embeddable":true,"href":"https:\/\/www.tourenwagenjuniorcup.de\/en\/wp-json\/wp\/v2\/categories?post=8268"},{"taxonomy":"post_tag","embeddable":true,"href":"https:\/\/www.tourenwagenjuniorcup.de\/en\/wp-json\/wp\/v2\/tags?post=8268"}],"curies":[{"name":"wp","href":"https:\/\/api.w.org\/{rel}","templated":true}]}}