{"id":8806,"date":"2026-01-17T13:09:19","date_gmt":"2026-01-17T13:09:19","guid":{"rendered":"https:\/\/www.tourenwagenjuniorcup.de\/?p=8806"},"modified":"2026-01-30T13:11:39","modified_gmt":"2026-01-30T13:11:39","slug":"esports-grandslam-fuer-hasenkamp-in-wilden-rennen-auf-dem-red-bull-ring","status":"publish","type":"post","link":"https:\/\/www.tourenwagenjuniorcup.de\/esports-grandslam-fuer-hasenkamp-in-wilden-rennen-auf-dem-red-bull-ring\/","title":{"rendered":"ESPORTS: GRANDSLAM F\u00dcR HASENKAMP IN WILDEN RENNEN AUF DEM RED BULL RING"},"content":{"rendered":"<div id=\"cs-content\" class=\"cs-content\"><\/div>\n","protected":false},"excerpt":{"rendered":"<p>Grandioser Simracing-Sport von der ersten bis zur letzten Kurve, spektakul\u00e4re Windschattenduelle und ein junger Mann, der in der virtuellen Steiermark \u00fcber allem stand: Leon Hasenkamp (L\u00fcbbecker Automobil Club e.V. im ADAC) dominierte das Geschehen beim dritten Lauf des ADAC Tourenwagen Junior Cup Digital. Obwohl es erst der dritte Rennabend der noch jungen Serie war, untermauerte die digitale Meisterschaft auf dem &#8230; <\/p>\n<div><a href=\"https:\/\/www.tourenwagenjuniorcup.de\/esports-grandslam-fuer-hasenkamp-in-wilden-rennen-auf-dem-red-bull-ring\/\" class=\"more-link\">Read More<\/a><\/div>\n","protected":false},"author":3,"featured_media":8809,"comment_status":"closed","ping_status":"open","sticky":false,"template":"","format":"standard","meta":{"footnotes":""},"categories":[3],"tags":[],"class_list":["post-8806","post","type-post","status-publish","format-standard","has-post-thumbnail","hentry","category-unkategorisiert"],"yoast_head":"<!-- This site is optimized with the Yoast SEO plugin v25.9 - https:\/\/yoast.com\/wordpress\/plugins\/seo\/ -->\n<title>ESPORTS: GRANDSLAM F\u00dcR HASENKAMP IN WILDEN RENNEN AUF DEM RED BULL RING | ADAC Tourenwagen Junior Cup<\/title>\n<meta name=\"robots\" content=\"index, follow, max-snippet:-1, max-image-preview:large, max-video-preview:-1\" \/>\n<link rel=\"canonical\" href=\"https:\/\/www.tourenwagenjuniorcup.de\/en\/esports-grandslam-fuer-hasenkamp-in-wilden-rennen-auf-dem-red-bull-ring\/\" \/>\n<meta property=\"og:locale\" content=\"en_US\" \/>\n<meta property=\"og:type\" content=\"article\" \/>\n<meta property=\"og:title\" content=\"ESPORTS: GRANDSLAM F\u00dcR HASENKAMP IN WILDEN RENNEN AUF DEM RED BULL RING | ADAC Tourenwagen Junior Cup\" \/>\n<meta property=\"og:description\" content=\"Grandioser Simracing-Sport von der ersten bis zur letzten Kurve, spektakul\u00e4re Windschattenduelle und ein junger Mann, der in der virtuellen Steiermark \u00fcber allem stand: Leon Hasenkamp (L\u00fcbbecker Automobil Club e.V. im ADAC) dominierte das Geschehen beim dritten Lauf des ADAC Tourenwagen Junior Cup Digital. Obwohl es erst der dritte Rennabend der noch jungen Serie war, untermauerte die digitale Meisterschaft auf dem ... Read More\" \/>\n<meta property=\"og:url\" content=\"https:\/\/www.tourenwagenjuniorcup.de\/esports-grandslam-fuer-hasenkamp-in-wilden-rennen-auf-dem-red-bull-ring\/\" \/>\n<meta property=\"og:site_name\" content=\"ADAC Tourenwagen Junior Cup\" \/>\n<meta property=\"article:published_time\" content=\"2026-01-17T13:09:19+00:00\" \/>\n<meta property=\"article:modified_time\" content=\"2026-01-30T13:11:39+00:00\" \/>\n<meta property=\"og:image\" content=\"https:\/\/www.tourenwagenjuniorcup.de\/wp-content\/uploads\/ATJCD_Race3_Postrace.jpg\" \/>\n\t<meta property=\"og:image:width\" content=\"1920\" \/>\n\t<meta property=\"og:image:height\" content=\"1080\" \/>\n\t<meta property=\"og:image:type\" content=\"image\/jpeg\" \/>\n<meta name=\"author\" content=\"Matthias Meyer\" \/>\n<meta name=\"twitter:card\" content=\"summary_large_image\" \/>\n<meta name=\"twitter:label1\" content=\"Written by\" \/>\n\t<meta name=\"twitter:data1\" content=\"Matthias Meyer\" \/>\n\t<meta name=\"twitter:label2\" content=\"Est. reading time\" \/>\n\t<meta name=\"twitter:data2\" content=\"4 minutes\" \/>\n<script type=\"application\/ld+json\" class=\"yoast-schema-graph\">{\"@context\":\"https:\/\/schema.org\",\"@graph\":[{\"@type\":\"WebPage\",\"@id\":\"https:\/\/www.tourenwagenjuniorcup.de\/esports-grandslam-fuer-hasenkamp-in-wilden-rennen-auf-dem-red-bull-ring\/\",\"url\":\"https:\/\/www.tourenwagenjuniorcup.de\/esports-grandslam-fuer-hasenkamp-in-wilden-rennen-auf-dem-red-bull-ring\/\",\"name\":\"ESPORTS: GRANDSLAM F\u00dcR HASENKAMP IN WILDEN RENNEN AUF DEM RED BULL RING | ADAC Tourenwagen Junior Cup\",\"isPartOf\":{\"@id\":\"https:\/\/www.tourenwagenjuniorcup.de\/en\/#website\"},\"primaryImageOfPage\":{\"@id\":\"https:\/\/www.tourenwagenjuniorcup.de\/esports-grandslam-fuer-hasenkamp-in-wilden-rennen-auf-dem-red-bull-ring\/#primaryimage\"},\"image\":{\"@id\":\"https:\/\/www.tourenwagenjuniorcup.de\/esports-grandslam-fuer-hasenkamp-in-wilden-rennen-auf-dem-red-bull-ring\/#primaryimage\"},\"thumbnailUrl\":\"https:\/\/www.tourenwagenjuniorcup.de\/wp-content\/uploads\/ATJCD_Race3_Postrace.jpg\",\"datePublished\":\"2026-01-17T13:09:19+00:00\",\"dateModified\":\"2026-01-30T13:11:39+00:00\",\"author\":{\"@id\":\"https:\/\/www.tourenwagenjuniorcup.de\/en\/#\/schema\/person\/555d6c5113b5491d1fd53b653f9acf4c\"},\"breadcrumb\":{\"@id\":\"https:\/\/www.tourenwagenjuniorcup.de\/esports-grandslam-fuer-hasenkamp-in-wilden-rennen-auf-dem-red-bull-ring\/#breadcrumb\"},\"inLanguage\":\"en-US\",\"potentialAction\":[{\"@type\":\"ReadAction\",\"target\":[\"https:\/\/www.tourenwagenjuniorcup.de\/esports-grandslam-fuer-hasenkamp-in-wilden-rennen-auf-dem-red-bull-ring\/\"]}]},{\"@type\":\"ImageObject\",\"inLanguage\":\"en-US\",\"@id\":\"https:\/\/www.tourenwagenjuniorcup.de\/esports-grandslam-fuer-hasenkamp-in-wilden-rennen-auf-dem-red-bull-ring\/#primaryimage\",\"url\":\"https:\/\/www.tourenwagenjuniorcup.de\/wp-content\/uploads\/ATJCD_Race3_Postrace.jpg\",\"contentUrl\":\"https:\/\/www.tourenwagenjuniorcup.de\/wp-content\/uploads\/ATJCD_Race3_Postrace.jpg\",\"width\":1920,\"height\":1080,\"caption\":\"Screenshot from Assetto Corsa\"},{\"@type\":\"BreadcrumbList\",\"@id\":\"https:\/\/www.tourenwagenjuniorcup.de\/esports-grandslam-fuer-hasenkamp-in-wilden-rennen-auf-dem-red-bull-ring\/#breadcrumb\",\"itemListElement\":[{\"@type\":\"ListItem\",\"position\":1,\"name\":\"Startseite\",\"item\":\"https:\/\/www.tourenwagenjuniorcup.de\/en\/\"},{\"@type\":\"ListItem\",\"position\":2,\"name\":\"ESPORTS: GRANDSLAM F\u00dcR HASENKAMP IN WILDEN RENNEN AUF DEM RED BULL RING\"}]},{\"@type\":\"WebSite\",\"@id\":\"https:\/\/www.tourenwagenjuniorcup.de\/en\/#website\",\"url\":\"https:\/\/www.tourenwagenjuniorcup.de\/en\/\",\"name\":\"ADAC Tourenwagen Junior Cup\",\"description\":\"Der ADAC Tourenwagen Junior Cup ist die deutsche Nachwuchsliga und dein Sprungbrett in den Profi-Sport.\",\"potentialAction\":[{\"@type\":\"SearchAction\",\"target\":{\"@type\":\"EntryPoint\",\"urlTemplate\":\"https:\/\/www.tourenwagenjuniorcup.de\/en\/?s={search_term_string}\"},\"query-input\":{\"@type\":\"PropertyValueSpecification\",\"valueRequired\":true,\"valueName\":\"search_term_string\"}}],\"inLanguage\":\"en-US\"},{\"@type\":\"Person\",\"@id\":\"https:\/\/www.tourenwagenjuniorcup.de\/en\/#\/schema\/person\/555d6c5113b5491d1fd53b653f9acf4c\",\"name\":\"Matthias Meyer\",\"image\":{\"@type\":\"ImageObject\",\"inLanguage\":\"en-US\",\"@id\":\"https:\/\/www.tourenwagenjuniorcup.de\/en\/#\/schema\/person\/image\/\",\"url\":\"https:\/\/secure.gravatar.com\/avatar\/4f7f88e9834655263977d4fa2e611bbaca4504a33c25d4bd6d973af7e9255f71?s=96&d=mm&r=g\",\"contentUrl\":\"https:\/\/secure.gravatar.com\/avatar\/4f7f88e9834655263977d4fa2e611bbaca4504a33c25d4bd6d973af7e9255f71?s=96&d=mm&r=g\",\"caption\":\"Matthias Meyer\"},\"url\":\"https:\/\/www.tourenwagenjuniorcup.de\/en\/author\/matthias\/\"}]}<\/script>\n<!-- \/ Yoast SEO plugin. -->","yoast_head_json":{"title":"ESPORTS: GRANDSLAM F\u00dcR HASENKAMP IN WILDEN RENNEN AUF DEM RED BULL RING | ADAC Tourenwagen Junior Cup","robots":{"index":"index","follow":"follow","max-snippet":"max-snippet:-1","max-image-preview":"max-image-preview:large","max-video-preview":"max-video-preview:-1"},"canonical":"https:\/\/www.tourenwagenjuniorcup.de\/en\/esports-grandslam-fuer-hasenkamp-in-wilden-rennen-auf-dem-red-bull-ring\/","og_locale":"en_US","og_type":"article","og_title":"ESPORTS: GRANDSLAM F\u00dcR HASENKAMP IN WILDEN RENNEN AUF DEM RED BULL RING | ADAC Tourenwagen Junior Cup","og_description":"Grandioser Simracing-Sport von der ersten bis zur letzten Kurve, spektakul\u00e4re Windschattenduelle und ein junger Mann, der in der virtuellen Steiermark \u00fcber allem stand: Leon Hasenkamp (L\u00fcbbecker Automobil Club e.V. im ADAC) dominierte das Geschehen beim dritten Lauf des ADAC Tourenwagen Junior Cup Digital. Obwohl es erst der dritte Rennabend der noch jungen Serie war, untermauerte die digitale Meisterschaft auf dem ... Read More","og_url":"https:\/\/www.tourenwagenjuniorcup.de\/esports-grandslam-fuer-hasenkamp-in-wilden-rennen-auf-dem-red-bull-ring\/","og_site_name":"ADAC Tourenwagen Junior Cup","article_published_time":"2026-01-17T13:09:19+00:00","article_modified_time":"2026-01-30T13:11:39+00:00","og_image":[{"width":1920,"height":1080,"url":"https:\/\/www.tourenwagenjuniorcup.de\/wp-content\/uploads\/ATJCD_Race3_Postrace.jpg","type":"image\/jpeg"}],"author":"Matthias Meyer","twitter_card":"summary_large_image","twitter_misc":{"Written by":"Matthias Meyer","Est. reading time":"4 minutes"},"schema":{"@context":"https:\/\/schema.org","@graph":[{"@type":"WebPage","@id":"https:\/\/www.tourenwagenjuniorcup.de\/esports-grandslam-fuer-hasenkamp-in-wilden-rennen-auf-dem-red-bull-ring\/","url":"https:\/\/www.tourenwagenjuniorcup.de\/esports-grandslam-fuer-hasenkamp-in-wilden-rennen-auf-dem-red-bull-ring\/","name":"ESPORTS: GRANDSLAM F\u00dcR HASENKAMP IN WILDEN RENNEN AUF DEM RED BULL RING | ADAC Tourenwagen Junior Cup","isPartOf":{"@id":"https:\/\/www.tourenwagenjuniorcup.de\/en\/#website"},"primaryImageOfPage":{"@id":"https:\/\/www.tourenwagenjuniorcup.de\/esports-grandslam-fuer-hasenkamp-in-wilden-rennen-auf-dem-red-bull-ring\/#primaryimage"},"image":{"@id":"https:\/\/www.tourenwagenjuniorcup.de\/esports-grandslam-fuer-hasenkamp-in-wilden-rennen-auf-dem-red-bull-ring\/#primaryimage"},"thumbnailUrl":"https:\/\/www.tourenwagenjuniorcup.de\/wp-content\/uploads\/ATJCD_Race3_Postrace.jpg","datePublished":"2026-01-17T13:09:19+00:00","dateModified":"2026-01-30T13:11:39+00:00","author":{"@id":"https:\/\/www.tourenwagenjuniorcup.de\/en\/#\/schema\/person\/555d6c5113b5491d1fd53b653f9acf4c"},"breadcrumb":{"@id":"https:\/\/www.tourenwagenjuniorcup.de\/esports-grandslam-fuer-hasenkamp-in-wilden-rennen-auf-dem-red-bull-ring\/#breadcrumb"},"inLanguage":"en-US","potentialAction":[{"@type":"ReadAction","target":["https:\/\/www.tourenwagenjuniorcup.de\/esports-grandslam-fuer-hasenkamp-in-wilden-rennen-auf-dem-red-bull-ring\/"]}]},{"@type":"ImageObject","inLanguage":"en-US","@id":"https:\/\/www.tourenwagenjuniorcup.de\/esports-grandslam-fuer-hasenkamp-in-wilden-rennen-auf-dem-red-bull-ring\/#primaryimage","url":"https:\/\/www.tourenwagenjuniorcup.de\/wp-content\/uploads\/ATJCD_Race3_Postrace.jpg","contentUrl":"https:\/\/www.tourenwagenjuniorcup.de\/wp-content\/uploads\/ATJCD_Race3_Postrace.jpg","width":1920,"height":1080,"caption":"Screenshot from Assetto Corsa"},{"@type":"BreadcrumbList","@id":"https:\/\/www.tourenwagenjuniorcup.de\/esports-grandslam-fuer-hasenkamp-in-wilden-rennen-auf-dem-red-bull-ring\/#breadcrumb","itemListElement":[{"@type":"ListItem","position":1,"name":"Startseite","item":"https:\/\/www.tourenwagenjuniorcup.de\/en\/"},{"@type":"ListItem","position":2,"name":"ESPORTS: GRANDSLAM F\u00dcR HASENKAMP IN WILDEN RENNEN AUF DEM RED BULL RING"}]},{"@type":"WebSite","@id":"https:\/\/www.tourenwagenjuniorcup.de\/en\/#website","url":"https:\/\/www.tourenwagenjuniorcup.de\/en\/","name":"ADAC Tourenwagen Junior Cup","description":"Der ADAC Tourenwagen Junior Cup ist die deutsche Nachwuchsliga und dein Sprungbrett in den Profi-Sport.","potentialAction":[{"@type":"SearchAction","target":{"@type":"EntryPoint","urlTemplate":"https:\/\/www.tourenwagenjuniorcup.de\/en\/?s={search_term_string}"},"query-input":{"@type":"PropertyValueSpecification","valueRequired":true,"valueName":"search_term_string"}}],"inLanguage":"en-US"},{"@type":"Person","@id":"https:\/\/www.tourenwagenjuniorcup.de\/en\/#\/schema\/person\/555d6c5113b5491d1fd53b653f9acf4c","name":"Matthias Meyer","image":{"@type":"ImageObject","inLanguage":"en-US","@id":"https:\/\/www.tourenwagenjuniorcup.de\/en\/#\/schema\/person\/image\/","url":"https:\/\/secure.gravatar.com\/avatar\/4f7f88e9834655263977d4fa2e611bbaca4504a33c25d4bd6d973af7e9255f71?s=96&d=mm&r=g","contentUrl":"https:\/\/secure.gravatar.com\/avatar\/4f7f88e9834655263977d4fa2e611bbaca4504a33c25d4bd6d973af7e9255f71?s=96&d=mm&r=g","caption":"Matthias Meyer"},"url":"https:\/\/www.tourenwagenjuniorcup.de\/en\/author\/matthias\/"}]}},"_links":{"self":[{"href":"https:\/\/www.tourenwagenjuniorcup.de\/en\/wp-json\/wp\/v2\/posts\/8806","targetHints":{"allow":["GET"]}}],"collection":[{"href":"https:\/\/www.tourenwagenjuniorcup.de\/en\/wp-json\/wp\/v2\/posts"}],"about":[{"href":"https:\/\/www.tourenwagenjuniorcup.de\/en\/wp-json\/wp\/v2\/types\/post"}],"author":[{"embeddable":true,"href":"https:\/\/www.tourenwagenjuniorcup.de\/en\/wp-json\/wp\/v2\/users\/3"}],"replies":[{"embeddable":true,"href":"https:\/\/www.tourenwagenjuniorcup.de\/en\/wp-json\/wp\/v2\/comments?post=8806"}],"version-history":[{"count":2,"href":"https:\/\/www.tourenwagenjuniorcup.de\/en\/wp-json\/wp\/v2\/posts\/8806\/revisions"}],"predecessor-version":[{"id":8808,"href":"https:\/\/www.tourenwagenjuniorcup.de\/en\/wp-json\/wp\/v2\/posts\/8806\/revisions\/8808"}],"wp:featuredmedia":[{"embeddable":true,"href":"https:\/\/www.tourenwagenjuniorcup.de\/en\/wp-json\/wp\/v2\/media\/8809"}],"wp:attachment":[{"href":"https:\/\/www.tourenwagenjuniorcup.de\/en\/wp-json\/wp\/v2\/media?parent=8806"}],"wp:term":[{"taxonomy":"category","embeddable":true,"href":"https:\/\/www.tourenwagenjuniorcup.de\/en\/wp-json\/wp\/v2\/categories?post=8806"},{"taxonomy":"post_tag","embeddable":true,"href":"https:\/\/www.tourenwagenjuniorcup.de\/en\/wp-json\/wp\/v2\/tags?post=8806"}],"curies":[{"name":"wp","href":"https:\/\/api.w.org\/{rel}","templated":true}]}}