{"id":8907,"date":"2026-04-25T15:59:55","date_gmt":"2026-04-25T15:59:55","guid":{"rendered":"https:\/\/www.tourenwagenjuniorcup.de\/?p=8907"},"modified":"2026-04-25T16:16:54","modified_gmt":"2026-04-25T16:16:54","slug":"moritz-groneck-der-titelfavorit-im-portraet","status":"publish","type":"post","link":"https:\/\/www.tourenwagenjuniorcup.de\/moritz-groneck-der-titelfavorit-im-portraet\/","title":{"rendered":"MORITZ GRONECK: DER TITELFAVORIT IM PORTR\u00c4T"},"content":{"rendered":"<div id=\"cs-content\" class=\"cs-content\"><\/div>\n","protected":false},"excerpt":{"rendered":"<p>Fragt man im Fahrerlager nach dem Titel-Tipp f\u00fcr den ADAC Tourenwagen Junior Cup 2026, f\u00e4llt kein Name h\u00e4ufiger als Moritz Groneck. Der 15-J\u00e4hrige macht selbst kein Geheimnis aus seiner Favoritenrolle und wei\u00df, dass er nach drei Siegen aus den letzten vier Rennen des Vorjahres viel zu verlieren hat. Seine Ansage ist simpel wie furchteinfl\u00f6\u00dfend: \u201eDen Titel einfahren!\u201c Moritz Groneck strotzt &#8230; <\/p>\n<div><a href=\"https:\/\/www.tourenwagenjuniorcup.de\/moritz-groneck-der-titelfavorit-im-portraet\/\" class=\"more-link\">Read More<\/a><\/div>\n","protected":false},"author":8,"featured_media":8985,"comment_status":"closed","ping_status":"open","sticky":false,"template":"","format":"standard","meta":{"footnotes":""},"categories":[3],"tags":[],"class_list":["post-8907","post","type-post","status-publish","format-standard","has-post-thumbnail","hentry","category-unkategorisiert"],"yoast_head":"<!-- This site is optimized with the Yoast SEO plugin v25.9 - https:\/\/yoast.com\/wordpress\/plugins\/seo\/ -->\n<title>MORITZ GRONECK: DER TITELFAVORIT IM PORTR\u00c4T | ADAC Tourenwagen Junior Cup<\/title>\n<meta name=\"robots\" content=\"index, follow, max-snippet:-1, max-image-preview:large, max-video-preview:-1\" \/>\n<link rel=\"canonical\" href=\"https:\/\/www.tourenwagenjuniorcup.de\/en\/moritz-groneck-der-titelfavorit-im-portraet\/\" \/>\n<meta property=\"og:locale\" content=\"en_US\" \/>\n<meta property=\"og:type\" content=\"article\" \/>\n<meta property=\"og:title\" content=\"MORITZ GRONECK: DER TITELFAVORIT IM PORTR\u00c4T | ADAC Tourenwagen Junior Cup\" \/>\n<meta property=\"og:description\" content=\"Fragt man im Fahrerlager nach dem Titel-Tipp f\u00fcr den ADAC Tourenwagen Junior Cup 2026, f\u00e4llt kein Name h\u00e4ufiger als Moritz Groneck. Der 15-J\u00e4hrige macht selbst kein Geheimnis aus seiner Favoritenrolle und wei\u00df, dass er nach drei Siegen aus den letzten vier Rennen des Vorjahres viel zu verlieren hat. Seine Ansage ist simpel wie furchteinfl\u00f6\u00dfend: \u201eDen Titel einfahren!\u201c Moritz Groneck strotzt ... Read More\" \/>\n<meta property=\"og:url\" content=\"https:\/\/www.tourenwagenjuniorcup.de\/moritz-groneck-der-titelfavorit-im-portraet\/\" \/>\n<meta property=\"og:site_name\" content=\"ADAC Tourenwagen Junior Cup\" \/>\n<meta property=\"article:published_time\" content=\"2026-04-25T15:59:55+00:00\" \/>\n<meta property=\"article:modified_time\" content=\"2026-04-25T16:16:54+00:00\" \/>\n<meta property=\"og:image\" content=\"https:\/\/www.tourenwagenjuniorcup.de\/wp-content\/uploads\/Moritz_Groneck_Wins.jpg\" \/>\n\t<meta property=\"og:image:width\" content=\"1200\" \/>\n\t<meta property=\"og:image:height\" content=\"800\" \/>\n\t<meta property=\"og:image:type\" content=\"image\/jpeg\" \/>\n<meta name=\"author\" content=\"Heiko Stritzke\" \/>\n<meta name=\"twitter:card\" content=\"summary_large_image\" \/>\n<meta name=\"twitter:label1\" content=\"Written by\" \/>\n\t<meta name=\"twitter:data1\" content=\"Heiko Stritzke\" \/>\n\t<meta name=\"twitter:label2\" content=\"Est. reading time\" \/>\n\t<meta name=\"twitter:data2\" content=\"3 minutes\" \/>\n<script type=\"application\/ld+json\" class=\"yoast-schema-graph\">{\"@context\":\"https:\/\/schema.org\",\"@graph\":[{\"@type\":\"WebPage\",\"@id\":\"https:\/\/www.tourenwagenjuniorcup.de\/moritz-groneck-der-titelfavorit-im-portraet\/\",\"url\":\"https:\/\/www.tourenwagenjuniorcup.de\/moritz-groneck-der-titelfavorit-im-portraet\/\",\"name\":\"MORITZ GRONECK: DER TITELFAVORIT IM PORTR\u00c4T | ADAC Tourenwagen Junior Cup\",\"isPartOf\":{\"@id\":\"https:\/\/www.tourenwagenjuniorcup.de\/en\/#website\"},\"primaryImageOfPage\":{\"@id\":\"https:\/\/www.tourenwagenjuniorcup.de\/moritz-groneck-der-titelfavorit-im-portraet\/#primaryimage\"},\"image\":{\"@id\":\"https:\/\/www.tourenwagenjuniorcup.de\/moritz-groneck-der-titelfavorit-im-portraet\/#primaryimage\"},\"thumbnailUrl\":\"https:\/\/www.tourenwagenjuniorcup.de\/wp-content\/uploads\/Moritz_Groneck_2026.jpg\",\"datePublished\":\"2026-04-25T15:59:55+00:00\",\"dateModified\":\"2026-04-25T16:16:54+00:00\",\"author\":{\"@id\":\"https:\/\/www.tourenwagenjuniorcup.de\/en\/#\/schema\/person\/f231b7266450318cdcefd2bb168fb9a1\"},\"breadcrumb\":{\"@id\":\"https:\/\/www.tourenwagenjuniorcup.de\/moritz-groneck-der-titelfavorit-im-portraet\/#breadcrumb\"},\"inLanguage\":\"en-US\",\"potentialAction\":[{\"@type\":\"ReadAction\",\"target\":[\"https:\/\/www.tourenwagenjuniorcup.de\/moritz-groneck-der-titelfavorit-im-portraet\/\"]}]},{\"@type\":\"ImageObject\",\"inLanguage\":\"en-US\",\"@id\":\"https:\/\/www.tourenwagenjuniorcup.de\/moritz-groneck-der-titelfavorit-im-portraet\/#primaryimage\",\"url\":\"https:\/\/www.tourenwagenjuniorcup.de\/wp-content\/uploads\/Moritz_Groneck_2026.jpg\",\"contentUrl\":\"https:\/\/www.tourenwagenjuniorcup.de\/wp-content\/uploads\/Moritz_Groneck_2026.jpg\",\"width\":1920,\"height\":1280},{\"@type\":\"BreadcrumbList\",\"@id\":\"https:\/\/www.tourenwagenjuniorcup.de\/moritz-groneck-der-titelfavorit-im-portraet\/#breadcrumb\",\"itemListElement\":[{\"@type\":\"ListItem\",\"position\":1,\"name\":\"Startseite\",\"item\":\"https:\/\/www.tourenwagenjuniorcup.de\/en\/\"},{\"@type\":\"ListItem\",\"position\":2,\"name\":\"MORITZ GRONECK: DER TITELFAVORIT IM PORTR\u00c4T\"}]},{\"@type\":\"WebSite\",\"@id\":\"https:\/\/www.tourenwagenjuniorcup.de\/en\/#website\",\"url\":\"https:\/\/www.tourenwagenjuniorcup.de\/en\/\",\"name\":\"ADAC Tourenwagen Junior Cup\",\"description\":\"Der ADAC Tourenwagen Junior Cup ist die deutsche Nachwuchsliga und dein Sprungbrett in den Profi-Sport.\",\"potentialAction\":[{\"@type\":\"SearchAction\",\"target\":{\"@type\":\"EntryPoint\",\"urlTemplate\":\"https:\/\/www.tourenwagenjuniorcup.de\/en\/?s={search_term_string}\"},\"query-input\":{\"@type\":\"PropertyValueSpecification\",\"valueRequired\":true,\"valueName\":\"search_term_string\"}}],\"inLanguage\":\"en-US\"},{\"@type\":\"Person\",\"@id\":\"https:\/\/www.tourenwagenjuniorcup.de\/en\/#\/schema\/person\/f231b7266450318cdcefd2bb168fb9a1\",\"name\":\"Heiko Stritzke\",\"image\":{\"@type\":\"ImageObject\",\"inLanguage\":\"en-US\",\"@id\":\"https:\/\/www.tourenwagenjuniorcup.de\/en\/#\/schema\/person\/image\/\",\"url\":\"https:\/\/secure.gravatar.com\/avatar\/7f64a18f5c6f9d38ded85ce0f1c6b738d1ecc5ef0c1405b8a73340245be943a8?s=96&d=mm&r=g\",\"contentUrl\":\"https:\/\/secure.gravatar.com\/avatar\/7f64a18f5c6f9d38ded85ce0f1c6b738d1ecc5ef0c1405b8a73340245be943a8?s=96&d=mm&r=g\",\"caption\":\"Heiko Stritzke\"},\"url\":\"https:\/\/www.tourenwagenjuniorcup.de\/en\/author\/heiko\/\"}]}<\/script>\n<!-- \/ Yoast SEO plugin. -->","yoast_head_json":{"title":"MORITZ GRONECK: DER TITELFAVORIT IM PORTR\u00c4T | ADAC Tourenwagen Junior Cup","robots":{"index":"index","follow":"follow","max-snippet":"max-snippet:-1","max-image-preview":"max-image-preview:large","max-video-preview":"max-video-preview:-1"},"canonical":"https:\/\/www.tourenwagenjuniorcup.de\/en\/moritz-groneck-der-titelfavorit-im-portraet\/","og_locale":"en_US","og_type":"article","og_title":"MORITZ GRONECK: DER TITELFAVORIT IM PORTR\u00c4T | ADAC Tourenwagen Junior Cup","og_description":"Fragt man im Fahrerlager nach dem Titel-Tipp f\u00fcr den ADAC Tourenwagen Junior Cup 2026, f\u00e4llt kein Name h\u00e4ufiger als Moritz Groneck. Der 15-J\u00e4hrige macht selbst kein Geheimnis aus seiner Favoritenrolle und wei\u00df, dass er nach drei Siegen aus den letzten vier Rennen des Vorjahres viel zu verlieren hat. Seine Ansage ist simpel wie furchteinfl\u00f6\u00dfend: \u201eDen Titel einfahren!\u201c Moritz Groneck strotzt ... Read More","og_url":"https:\/\/www.tourenwagenjuniorcup.de\/moritz-groneck-der-titelfavorit-im-portraet\/","og_site_name":"ADAC Tourenwagen Junior Cup","article_published_time":"2026-04-25T15:59:55+00:00","article_modified_time":"2026-04-25T16:16:54+00:00","og_image":[{"width":1200,"height":800,"url":"https:\/\/www.tourenwagenjuniorcup.de\/wp-content\/uploads\/Moritz_Groneck_Wins.jpg","type":"image\/jpeg"}],"author":"Heiko Stritzke","twitter_card":"summary_large_image","twitter_misc":{"Written by":"Heiko Stritzke","Est. reading time":"3 minutes"},"schema":{"@context":"https:\/\/schema.org","@graph":[{"@type":"WebPage","@id":"https:\/\/www.tourenwagenjuniorcup.de\/moritz-groneck-der-titelfavorit-im-portraet\/","url":"https:\/\/www.tourenwagenjuniorcup.de\/moritz-groneck-der-titelfavorit-im-portraet\/","name":"MORITZ GRONECK: DER TITELFAVORIT IM PORTR\u00c4T | ADAC Tourenwagen Junior Cup","isPartOf":{"@id":"https:\/\/www.tourenwagenjuniorcup.de\/en\/#website"},"primaryImageOfPage":{"@id":"https:\/\/www.tourenwagenjuniorcup.de\/moritz-groneck-der-titelfavorit-im-portraet\/#primaryimage"},"image":{"@id":"https:\/\/www.tourenwagenjuniorcup.de\/moritz-groneck-der-titelfavorit-im-portraet\/#primaryimage"},"thumbnailUrl":"https:\/\/www.tourenwagenjuniorcup.de\/wp-content\/uploads\/Moritz_Groneck_2026.jpg","datePublished":"2026-04-25T15:59:55+00:00","dateModified":"2026-04-25T16:16:54+00:00","author":{"@id":"https:\/\/www.tourenwagenjuniorcup.de\/en\/#\/schema\/person\/f231b7266450318cdcefd2bb168fb9a1"},"breadcrumb":{"@id":"https:\/\/www.tourenwagenjuniorcup.de\/moritz-groneck-der-titelfavorit-im-portraet\/#breadcrumb"},"inLanguage":"en-US","potentialAction":[{"@type":"ReadAction","target":["https:\/\/www.tourenwagenjuniorcup.de\/moritz-groneck-der-titelfavorit-im-portraet\/"]}]},{"@type":"ImageObject","inLanguage":"en-US","@id":"https:\/\/www.tourenwagenjuniorcup.de\/moritz-groneck-der-titelfavorit-im-portraet\/#primaryimage","url":"https:\/\/www.tourenwagenjuniorcup.de\/wp-content\/uploads\/Moritz_Groneck_2026.jpg","contentUrl":"https:\/\/www.tourenwagenjuniorcup.de\/wp-content\/uploads\/Moritz_Groneck_2026.jpg","width":1920,"height":1280},{"@type":"BreadcrumbList","@id":"https:\/\/www.tourenwagenjuniorcup.de\/moritz-groneck-der-titelfavorit-im-portraet\/#breadcrumb","itemListElement":[{"@type":"ListItem","position":1,"name":"Startseite","item":"https:\/\/www.tourenwagenjuniorcup.de\/en\/"},{"@type":"ListItem","position":2,"name":"MORITZ GRONECK: DER TITELFAVORIT IM PORTR\u00c4T"}]},{"@type":"WebSite","@id":"https:\/\/www.tourenwagenjuniorcup.de\/en\/#website","url":"https:\/\/www.tourenwagenjuniorcup.de\/en\/","name":"ADAC Tourenwagen Junior Cup","description":"Der ADAC Tourenwagen Junior Cup ist die deutsche Nachwuchsliga und dein Sprungbrett in den Profi-Sport.","potentialAction":[{"@type":"SearchAction","target":{"@type":"EntryPoint","urlTemplate":"https:\/\/www.tourenwagenjuniorcup.de\/en\/?s={search_term_string}"},"query-input":{"@type":"PropertyValueSpecification","valueRequired":true,"valueName":"search_term_string"}}],"inLanguage":"en-US"},{"@type":"Person","@id":"https:\/\/www.tourenwagenjuniorcup.de\/en\/#\/schema\/person\/f231b7266450318cdcefd2bb168fb9a1","name":"Heiko Stritzke","image":{"@type":"ImageObject","inLanguage":"en-US","@id":"https:\/\/www.tourenwagenjuniorcup.de\/en\/#\/schema\/person\/image\/","url":"https:\/\/secure.gravatar.com\/avatar\/7f64a18f5c6f9d38ded85ce0f1c6b738d1ecc5ef0c1405b8a73340245be943a8?s=96&d=mm&r=g","contentUrl":"https:\/\/secure.gravatar.com\/avatar\/7f64a18f5c6f9d38ded85ce0f1c6b738d1ecc5ef0c1405b8a73340245be943a8?s=96&d=mm&r=g","caption":"Heiko Stritzke"},"url":"https:\/\/www.tourenwagenjuniorcup.de\/en\/author\/heiko\/"}]}},"_links":{"self":[{"href":"https:\/\/www.tourenwagenjuniorcup.de\/en\/wp-json\/wp\/v2\/posts\/8907","targetHints":{"allow":["GET"]}}],"collection":[{"href":"https:\/\/www.tourenwagenjuniorcup.de\/en\/wp-json\/wp\/v2\/posts"}],"about":[{"href":"https:\/\/www.tourenwagenjuniorcup.de\/en\/wp-json\/wp\/v2\/types\/post"}],"author":[{"embeddable":true,"href":"https:\/\/www.tourenwagenjuniorcup.de\/en\/wp-json\/wp\/v2\/users\/8"}],"replies":[{"embeddable":true,"href":"https:\/\/www.tourenwagenjuniorcup.de\/en\/wp-json\/wp\/v2\/comments?post=8907"}],"version-history":[{"count":3,"href":"https:\/\/www.tourenwagenjuniorcup.de\/en\/wp-json\/wp\/v2\/posts\/8907\/revisions"}],"predecessor-version":[{"id":8987,"href":"https:\/\/www.tourenwagenjuniorcup.de\/en\/wp-json\/wp\/v2\/posts\/8907\/revisions\/8987"}],"wp:featuredmedia":[{"embeddable":true,"href":"https:\/\/www.tourenwagenjuniorcup.de\/en\/wp-json\/wp\/v2\/media\/8985"}],"wp:attachment":[{"href":"https:\/\/www.tourenwagenjuniorcup.de\/en\/wp-json\/wp\/v2\/media?parent=8907"}],"wp:term":[{"taxonomy":"category","embeddable":true,"href":"https:\/\/www.tourenwagenjuniorcup.de\/en\/wp-json\/wp\/v2\/categories?post=8907"},{"taxonomy":"post_tag","embeddable":true,"href":"https:\/\/www.tourenwagenjuniorcup.de\/en\/wp-json\/wp\/v2\/tags?post=8907"}],"curies":[{"name":"wp","href":"https:\/\/api.w.org\/{rel}","templated":true}]}}