{"id":9019,"date":"2026-05-02T13:29:27","date_gmt":"2026-05-02T13:29:27","guid":{"rendered":"https:\/\/www.tourenwagenjuniorcup.de\/?p=9019"},"modified":"2026-05-02T13:39:37","modified_gmt":"2026-05-02T13:39:37","slug":"premierensieg-fuer-mohr-in-erstem-saisonrennen","status":"publish","type":"post","link":"https:\/\/www.tourenwagenjuniorcup.de\/premierensieg-fuer-mohr-in-erstem-saisonrennen\/","title":{"rendered":"PREMIERENSIEG F\u00dcR MOHR IN ERSTEM SAISONRENNEN"},"content":{"rendered":"<div id=\"cs-content\" class=\"cs-content\"><\/div>\n","protected":false},"excerpt":{"rendered":"<p>In einem spannenden ersten Rennen mit zwischenzeitlichem Sechskampf auf dem Hockenheimring Baden-W\u00fcrttemberg sicherte sich Alex Mohr (TOPCAR sport) seinen ersten Sieg im ADAC Tourenwagen Junior Cup. In einem Lauf, der von Premieren, packenden Duellen und einem Sprint nach Safety-Car-Einsatz gepr\u00e4gt war, verwies er Linus Parbel und Matti Klasen (beide KONRAD-Motorsport) auf die Pl\u00e4tze. F\u00fcr Alex Mohr h\u00e4tte das erste Rennwochenende &#8230; <\/p>\n<div><a href=\"https:\/\/www.tourenwagenjuniorcup.de\/premierensieg-fuer-mohr-in-erstem-saisonrennen\/\" class=\"more-link\">Read More<\/a><\/div>\n","protected":false},"author":8,"featured_media":9025,"comment_status":"closed","ping_status":"open","sticky":false,"template":"","format":"standard","meta":{"footnotes":""},"categories":[3],"tags":[],"class_list":["post-9019","post","type-post","status-publish","format-standard","has-post-thumbnail","hentry","category-unkategorisiert"],"yoast_head":"<!-- This site is optimized with the Yoast SEO plugin v25.9 - https:\/\/yoast.com\/wordpress\/plugins\/seo\/ -->\n<title>PREMIERENSIEG F\u00dcR MOHR IN ERSTEM SAISONRENNEN | ADAC Tourenwagen Junior Cup<\/title>\n<meta name=\"robots\" content=\"index, follow, max-snippet:-1, max-image-preview:large, max-video-preview:-1\" \/>\n<link rel=\"canonical\" href=\"https:\/\/www.tourenwagenjuniorcup.de\/en\/premierensieg-fuer-mohr-in-erstem-saisonrennen\/\" \/>\n<meta property=\"og:locale\" content=\"en_US\" \/>\n<meta property=\"og:type\" content=\"article\" \/>\n<meta property=\"og:title\" content=\"PREMIERENSIEG F\u00dcR MOHR IN ERSTEM SAISONRENNEN | ADAC Tourenwagen Junior Cup\" \/>\n<meta property=\"og:description\" content=\"In einem spannenden ersten Rennen mit zwischenzeitlichem Sechskampf auf dem Hockenheimring Baden-W\u00fcrttemberg sicherte sich Alex Mohr (TOPCAR sport) seinen ersten Sieg im ADAC Tourenwagen Junior Cup. In einem Lauf, der von Premieren, packenden Duellen und einem Sprint nach Safety-Car-Einsatz gepr\u00e4gt war, verwies er Linus Parbel und Matti Klasen (beide KONRAD-Motorsport) auf die Pl\u00e4tze. F\u00fcr Alex Mohr h\u00e4tte das erste Rennwochenende ... Read More\" \/>\n<meta property=\"og:url\" content=\"https:\/\/www.tourenwagenjuniorcup.de\/premierensieg-fuer-mohr-in-erstem-saisonrennen\/\" \/>\n<meta property=\"og:site_name\" content=\"ADAC Tourenwagen Junior Cup\" \/>\n<meta property=\"article:published_time\" content=\"2026-05-02T13:29:27+00:00\" \/>\n<meta property=\"article:modified_time\" content=\"2026-05-02T13:39:37+00:00\" \/>\n<meta property=\"og:image\" content=\"https:\/\/www.tourenwagenjuniorcup.de\/wp-content\/uploads\/TJC-HHR_02-05-2026-165.jpg\" \/>\n\t<meta property=\"og:image:width\" content=\"1920\" \/>\n\t<meta property=\"og:image:height\" content=\"1280\" \/>\n\t<meta property=\"og:image:type\" content=\"image\/jpeg\" \/>\n<meta name=\"author\" content=\"Heiko Stritzke\" \/>\n<meta name=\"twitter:card\" content=\"summary_large_image\" \/>\n<meta name=\"twitter:label1\" content=\"Written by\" \/>\n\t<meta name=\"twitter:data1\" content=\"Heiko Stritzke\" \/>\n\t<meta name=\"twitter:label2\" content=\"Est. reading time\" \/>\n\t<meta name=\"twitter:data2\" content=\"6 minutes\" \/>\n<script type=\"application\/ld+json\" class=\"yoast-schema-graph\">{\"@context\":\"https:\/\/schema.org\",\"@graph\":[{\"@type\":\"WebPage\",\"@id\":\"https:\/\/www.tourenwagenjuniorcup.de\/premierensieg-fuer-mohr-in-erstem-saisonrennen\/\",\"url\":\"https:\/\/www.tourenwagenjuniorcup.de\/premierensieg-fuer-mohr-in-erstem-saisonrennen\/\",\"name\":\"PREMIERENSIEG F\u00dcR MOHR IN ERSTEM SAISONRENNEN | ADAC Tourenwagen Junior Cup\",\"isPartOf\":{\"@id\":\"https:\/\/www.tourenwagenjuniorcup.de\/en\/#website\"},\"primaryImageOfPage\":{\"@id\":\"https:\/\/www.tourenwagenjuniorcup.de\/premierensieg-fuer-mohr-in-erstem-saisonrennen\/#primaryimage\"},\"image\":{\"@id\":\"https:\/\/www.tourenwagenjuniorcup.de\/premierensieg-fuer-mohr-in-erstem-saisonrennen\/#primaryimage\"},\"thumbnailUrl\":\"https:\/\/www.tourenwagenjuniorcup.de\/wp-content\/uploads\/TJC-HHR_02-05-2026-165.jpg\",\"datePublished\":\"2026-05-02T13:29:27+00:00\",\"dateModified\":\"2026-05-02T13:39:37+00:00\",\"author\":{\"@id\":\"https:\/\/www.tourenwagenjuniorcup.de\/en\/#\/schema\/person\/f231b7266450318cdcefd2bb168fb9a1\"},\"breadcrumb\":{\"@id\":\"https:\/\/www.tourenwagenjuniorcup.de\/premierensieg-fuer-mohr-in-erstem-saisonrennen\/#breadcrumb\"},\"inLanguage\":\"en-US\",\"potentialAction\":[{\"@type\":\"ReadAction\",\"target\":[\"https:\/\/www.tourenwagenjuniorcup.de\/premierensieg-fuer-mohr-in-erstem-saisonrennen\/\"]}]},{\"@type\":\"ImageObject\",\"inLanguage\":\"en-US\",\"@id\":\"https:\/\/www.tourenwagenjuniorcup.de\/premierensieg-fuer-mohr-in-erstem-saisonrennen\/#primaryimage\",\"url\":\"https:\/\/www.tourenwagenjuniorcup.de\/wp-content\/uploads\/TJC-HHR_02-05-2026-165.jpg\",\"contentUrl\":\"https:\/\/www.tourenwagenjuniorcup.de\/wp-content\/uploads\/TJC-HHR_02-05-2026-165.jpg\",\"width\":1920,\"height\":1280},{\"@type\":\"BreadcrumbList\",\"@id\":\"https:\/\/www.tourenwagenjuniorcup.de\/premierensieg-fuer-mohr-in-erstem-saisonrennen\/#breadcrumb\",\"itemListElement\":[{\"@type\":\"ListItem\",\"position\":1,\"name\":\"Startseite\",\"item\":\"https:\/\/www.tourenwagenjuniorcup.de\/en\/\"},{\"@type\":\"ListItem\",\"position\":2,\"name\":\"PREMIERENSIEG F\u00dcR MOHR IN ERSTEM SAISONRENNEN\"}]},{\"@type\":\"WebSite\",\"@id\":\"https:\/\/www.tourenwagenjuniorcup.de\/en\/#website\",\"url\":\"https:\/\/www.tourenwagenjuniorcup.de\/en\/\",\"name\":\"ADAC Tourenwagen Junior Cup\",\"description\":\"Der ADAC Tourenwagen Junior Cup ist die deutsche Nachwuchsliga und dein Sprungbrett in den Profi-Sport.\",\"potentialAction\":[{\"@type\":\"SearchAction\",\"target\":{\"@type\":\"EntryPoint\",\"urlTemplate\":\"https:\/\/www.tourenwagenjuniorcup.de\/en\/?s={search_term_string}\"},\"query-input\":{\"@type\":\"PropertyValueSpecification\",\"valueRequired\":true,\"valueName\":\"search_term_string\"}}],\"inLanguage\":\"en-US\"},{\"@type\":\"Person\",\"@id\":\"https:\/\/www.tourenwagenjuniorcup.de\/en\/#\/schema\/person\/f231b7266450318cdcefd2bb168fb9a1\",\"name\":\"Heiko Stritzke\",\"image\":{\"@type\":\"ImageObject\",\"inLanguage\":\"en-US\",\"@id\":\"https:\/\/www.tourenwagenjuniorcup.de\/en\/#\/schema\/person\/image\/\",\"url\":\"https:\/\/secure.gravatar.com\/avatar\/7f64a18f5c6f9d38ded85ce0f1c6b738d1ecc5ef0c1405b8a73340245be943a8?s=96&d=mm&r=g\",\"contentUrl\":\"https:\/\/secure.gravatar.com\/avatar\/7f64a18f5c6f9d38ded85ce0f1c6b738d1ecc5ef0c1405b8a73340245be943a8?s=96&d=mm&r=g\",\"caption\":\"Heiko Stritzke\"},\"url\":\"https:\/\/www.tourenwagenjuniorcup.de\/en\/author\/heiko\/\"}]}<\/script>\n<!-- \/ Yoast SEO plugin. -->","yoast_head_json":{"title":"PREMIERENSIEG F\u00dcR MOHR IN ERSTEM SAISONRENNEN | ADAC Tourenwagen Junior Cup","robots":{"index":"index","follow":"follow","max-snippet":"max-snippet:-1","max-image-preview":"max-image-preview:large","max-video-preview":"max-video-preview:-1"},"canonical":"https:\/\/www.tourenwagenjuniorcup.de\/en\/premierensieg-fuer-mohr-in-erstem-saisonrennen\/","og_locale":"en_US","og_type":"article","og_title":"PREMIERENSIEG F\u00dcR MOHR IN ERSTEM SAISONRENNEN | ADAC Tourenwagen Junior Cup","og_description":"In einem spannenden ersten Rennen mit zwischenzeitlichem Sechskampf auf dem Hockenheimring Baden-W\u00fcrttemberg sicherte sich Alex Mohr (TOPCAR sport) seinen ersten Sieg im ADAC Tourenwagen Junior Cup. In einem Lauf, der von Premieren, packenden Duellen und einem Sprint nach Safety-Car-Einsatz gepr\u00e4gt war, verwies er Linus Parbel und Matti Klasen (beide KONRAD-Motorsport) auf die Pl\u00e4tze. F\u00fcr Alex Mohr h\u00e4tte das erste Rennwochenende ... Read More","og_url":"https:\/\/www.tourenwagenjuniorcup.de\/premierensieg-fuer-mohr-in-erstem-saisonrennen\/","og_site_name":"ADAC Tourenwagen Junior Cup","article_published_time":"2026-05-02T13:29:27+00:00","article_modified_time":"2026-05-02T13:39:37+00:00","og_image":[{"width":1920,"height":1280,"url":"https:\/\/www.tourenwagenjuniorcup.de\/wp-content\/uploads\/TJC-HHR_02-05-2026-165.jpg","type":"image\/jpeg"}],"author":"Heiko Stritzke","twitter_card":"summary_large_image","twitter_misc":{"Written by":"Heiko Stritzke","Est. reading time":"6 minutes"},"schema":{"@context":"https:\/\/schema.org","@graph":[{"@type":"WebPage","@id":"https:\/\/www.tourenwagenjuniorcup.de\/premierensieg-fuer-mohr-in-erstem-saisonrennen\/","url":"https:\/\/www.tourenwagenjuniorcup.de\/premierensieg-fuer-mohr-in-erstem-saisonrennen\/","name":"PREMIERENSIEG F\u00dcR MOHR IN ERSTEM SAISONRENNEN | ADAC Tourenwagen Junior Cup","isPartOf":{"@id":"https:\/\/www.tourenwagenjuniorcup.de\/en\/#website"},"primaryImageOfPage":{"@id":"https:\/\/www.tourenwagenjuniorcup.de\/premierensieg-fuer-mohr-in-erstem-saisonrennen\/#primaryimage"},"image":{"@id":"https:\/\/www.tourenwagenjuniorcup.de\/premierensieg-fuer-mohr-in-erstem-saisonrennen\/#primaryimage"},"thumbnailUrl":"https:\/\/www.tourenwagenjuniorcup.de\/wp-content\/uploads\/TJC-HHR_02-05-2026-165.jpg","datePublished":"2026-05-02T13:29:27+00:00","dateModified":"2026-05-02T13:39:37+00:00","author":{"@id":"https:\/\/www.tourenwagenjuniorcup.de\/en\/#\/schema\/person\/f231b7266450318cdcefd2bb168fb9a1"},"breadcrumb":{"@id":"https:\/\/www.tourenwagenjuniorcup.de\/premierensieg-fuer-mohr-in-erstem-saisonrennen\/#breadcrumb"},"inLanguage":"en-US","potentialAction":[{"@type":"ReadAction","target":["https:\/\/www.tourenwagenjuniorcup.de\/premierensieg-fuer-mohr-in-erstem-saisonrennen\/"]}]},{"@type":"ImageObject","inLanguage":"en-US","@id":"https:\/\/www.tourenwagenjuniorcup.de\/premierensieg-fuer-mohr-in-erstem-saisonrennen\/#primaryimage","url":"https:\/\/www.tourenwagenjuniorcup.de\/wp-content\/uploads\/TJC-HHR_02-05-2026-165.jpg","contentUrl":"https:\/\/www.tourenwagenjuniorcup.de\/wp-content\/uploads\/TJC-HHR_02-05-2026-165.jpg","width":1920,"height":1280},{"@type":"BreadcrumbList","@id":"https:\/\/www.tourenwagenjuniorcup.de\/premierensieg-fuer-mohr-in-erstem-saisonrennen\/#breadcrumb","itemListElement":[{"@type":"ListItem","position":1,"name":"Startseite","item":"https:\/\/www.tourenwagenjuniorcup.de\/en\/"},{"@type":"ListItem","position":2,"name":"PREMIERENSIEG F\u00dcR MOHR IN ERSTEM SAISONRENNEN"}]},{"@type":"WebSite","@id":"https:\/\/www.tourenwagenjuniorcup.de\/en\/#website","url":"https:\/\/www.tourenwagenjuniorcup.de\/en\/","name":"ADAC Tourenwagen Junior Cup","description":"Der ADAC Tourenwagen Junior Cup ist die deutsche Nachwuchsliga und dein Sprungbrett in den Profi-Sport.","potentialAction":[{"@type":"SearchAction","target":{"@type":"EntryPoint","urlTemplate":"https:\/\/www.tourenwagenjuniorcup.de\/en\/?s={search_term_string}"},"query-input":{"@type":"PropertyValueSpecification","valueRequired":true,"valueName":"search_term_string"}}],"inLanguage":"en-US"},{"@type":"Person","@id":"https:\/\/www.tourenwagenjuniorcup.de\/en\/#\/schema\/person\/f231b7266450318cdcefd2bb168fb9a1","name":"Heiko Stritzke","image":{"@type":"ImageObject","inLanguage":"en-US","@id":"https:\/\/www.tourenwagenjuniorcup.de\/en\/#\/schema\/person\/image\/","url":"https:\/\/secure.gravatar.com\/avatar\/7f64a18f5c6f9d38ded85ce0f1c6b738d1ecc5ef0c1405b8a73340245be943a8?s=96&d=mm&r=g","contentUrl":"https:\/\/secure.gravatar.com\/avatar\/7f64a18f5c6f9d38ded85ce0f1c6b738d1ecc5ef0c1405b8a73340245be943a8?s=96&d=mm&r=g","caption":"Heiko Stritzke"},"url":"https:\/\/www.tourenwagenjuniorcup.de\/en\/author\/heiko\/"}]}},"_links":{"self":[{"href":"https:\/\/www.tourenwagenjuniorcup.de\/en\/wp-json\/wp\/v2\/posts\/9019","targetHints":{"allow":["GET"]}}],"collection":[{"href":"https:\/\/www.tourenwagenjuniorcup.de\/en\/wp-json\/wp\/v2\/posts"}],"about":[{"href":"https:\/\/www.tourenwagenjuniorcup.de\/en\/wp-json\/wp\/v2\/types\/post"}],"author":[{"embeddable":true,"href":"https:\/\/www.tourenwagenjuniorcup.de\/en\/wp-json\/wp\/v2\/users\/8"}],"replies":[{"embeddable":true,"href":"https:\/\/www.tourenwagenjuniorcup.de\/en\/wp-json\/wp\/v2\/comments?post=9019"}],"version-history":[{"count":3,"href":"https:\/\/www.tourenwagenjuniorcup.de\/en\/wp-json\/wp\/v2\/posts\/9019\/revisions"}],"predecessor-version":[{"id":9022,"href":"https:\/\/www.tourenwagenjuniorcup.de\/en\/wp-json\/wp\/v2\/posts\/9019\/revisions\/9022"}],"wp:featuredmedia":[{"embeddable":true,"href":"https:\/\/www.tourenwagenjuniorcup.de\/en\/wp-json\/wp\/v2\/media\/9025"}],"wp:attachment":[{"href":"https:\/\/www.tourenwagenjuniorcup.de\/en\/wp-json\/wp\/v2\/media?parent=9019"}],"wp:term":[{"taxonomy":"category","embeddable":true,"href":"https:\/\/www.tourenwagenjuniorcup.de\/en\/wp-json\/wp\/v2\/categories?post=9019"},{"taxonomy":"post_tag","embeddable":true,"href":"https:\/\/www.tourenwagenjuniorcup.de\/en\/wp-json\/wp\/v2\/tags?post=9019"}],"curies":[{"name":"wp","href":"https:\/\/api.w.org\/{rel}","templated":true}]}}