{"id":928,"date":"2020-10-15T13:40:09","date_gmt":"2020-10-15T13:40:09","guid":{"rendered":"https:\/\/www.tourenwagenjuniorcup.de\/?p=928"},"modified":"2020-10-15T17:31:26","modified_gmt":"2020-10-15T17:31:26","slug":"fahrzeugvorbestellungen-fur-die-saison-2021-ab-sofort-geoffnet","status":"publish","type":"post","link":"https:\/\/www.tourenwagenjuniorcup.de\/en\/fahrzeugvorbestellungen-fur-die-saison-2021-ab-sofort-geoffnet\/","title":{"rendered":"FAHRZEUGVORBESTELLUNGEN F\u00dcR DIE SAISON 2021 AB SOFORT GE\u00d6FFNET"},"content":{"rendered":"<div id=\"cs-content\" class=\"cs-content\"><\/div>\n","protected":false},"excerpt":{"rendered":"<p>Im kommenden Jahr startet der Tourenwagen Junior Cup in seine erste komplette Saison. Nachdem die bestellten\u00a0Fahrzeuge ausgeliefert und bei Teams im Einsatz sind, werden bereits die n\u00e4chsten Kundenfahrzeuge gebaut. Fahrzeugvorbestellungen f\u00fcr die Saison 2021 sind ab 15.10.2020 m\u00f6glich. Die Vorbereitungen f\u00fcr die Tourenwagen Junior Cup Saison 2021 sind angelaufen. Der zentrale Baustein der Serie ist der\u00a0einheitliche\u00a0VW up! GTI Cup, der\u00a0zum &#8230; <\/p>\n<div><a href=\"https:\/\/www.tourenwagenjuniorcup.de\/en\/fahrzeugvorbestellungen-fur-die-saison-2021-ab-sofort-geoffnet\/\" class=\"more-link\">Read More<\/a><\/div>\n","protected":false},"author":3,"featured_media":926,"comment_status":"closed","ping_status":"closed","sticky":false,"template":"","format":"standard","meta":{"footnotes":""},"categories":[3],"tags":[],"class_list":["post-928","post","type-post","status-publish","format-standard","has-post-thumbnail","hentry","category-unkategorisiert"],"yoast_head":"<!-- This site is optimized with the Yoast SEO plugin v25.9 - https:\/\/yoast.com\/wordpress\/plugins\/seo\/ -->\n<title>FAHRZEUGVORBESTELLUNGEN F\u00dcR DIE SAISON 2021 AB SOFORT GE\u00d6FFNET | ADAC Tourenwagen Junior Cup<\/title>\n<meta name=\"robots\" content=\"index, follow, max-snippet:-1, max-image-preview:large, max-video-preview:-1\" \/>\n<link rel=\"canonical\" href=\"https:\/\/www.tourenwagenjuniorcup.de\/en\/fahrzeugvorbestellungen-fur-die-saison-2021-ab-sofort-geoffnet\/\" \/>\n<meta property=\"og:locale\" content=\"en_US\" \/>\n<meta property=\"og:type\" content=\"article\" \/>\n<meta property=\"og:title\" content=\"FAHRZEUGVORBESTELLUNGEN F\u00dcR DIE SAISON 2021 AB SOFORT GE\u00d6FFNET | ADAC Tourenwagen Junior Cup\" \/>\n<meta property=\"og:description\" content=\"Im kommenden Jahr startet der Tourenwagen Junior Cup in seine erste komplette Saison. Nachdem die bestellten\u00a0Fahrzeuge ausgeliefert und bei Teams im Einsatz sind, werden bereits die n\u00e4chsten Kundenfahrzeuge gebaut. Fahrzeugvorbestellungen f\u00fcr die Saison 2021 sind ab 15.10.2020 m\u00f6glich. Die Vorbereitungen f\u00fcr die Tourenwagen Junior Cup Saison 2021 sind angelaufen. Der zentrale Baustein der Serie ist der\u00a0einheitliche\u00a0VW up! GTI Cup, der\u00a0zum ... Read More\" \/>\n<meta property=\"og:url\" content=\"https:\/\/www.tourenwagenjuniorcup.de\/en\/fahrzeugvorbestellungen-fur-die-saison-2021-ab-sofort-geoffnet\/\" \/>\n<meta property=\"og:site_name\" content=\"ADAC Tourenwagen Junior Cup\" \/>\n<meta property=\"article:published_time\" content=\"2020-10-15T13:40:09+00:00\" \/>\n<meta property=\"article:modified_time\" content=\"2020-10-15T17:31:26+00:00\" \/>\n<meta property=\"og:image\" content=\"https:\/\/www.tourenwagenjuniorcup.de\/wp-content\/uploads\/2020\/10\/VW_up_GTI_Cup_MRD_03.jpg\" \/>\n\t<meta property=\"og:image:width\" content=\"1920\" \/>\n\t<meta property=\"og:image:height\" content=\"1440\" \/>\n\t<meta property=\"og:image:type\" content=\"image\/jpeg\" \/>\n<meta name=\"author\" content=\"Matthias Meyer\" \/>\n<meta name=\"twitter:card\" content=\"summary_large_image\" \/>\n<meta name=\"twitter:label1\" content=\"Written by\" \/>\n\t<meta name=\"twitter:data1\" content=\"Matthias Meyer\" \/>\n<script type=\"application\/ld+json\" class=\"yoast-schema-graph\">{\"@context\":\"https:\/\/schema.org\",\"@graph\":[{\"@type\":\"WebPage\",\"@id\":\"https:\/\/www.tourenwagenjuniorcup.de\/en\/fahrzeugvorbestellungen-fur-die-saison-2021-ab-sofort-geoffnet\/\",\"url\":\"https:\/\/www.tourenwagenjuniorcup.de\/en\/fahrzeugvorbestellungen-fur-die-saison-2021-ab-sofort-geoffnet\/\",\"name\":\"FAHRZEUGVORBESTELLUNGEN F\u00dcR DIE SAISON 2021 AB SOFORT GE\u00d6FFNET | ADAC Tourenwagen Junior Cup\",\"isPartOf\":{\"@id\":\"https:\/\/www.tourenwagenjuniorcup.de\/en\/#website\"},\"primaryImageOfPage\":{\"@id\":\"https:\/\/www.tourenwagenjuniorcup.de\/en\/fahrzeugvorbestellungen-fur-die-saison-2021-ab-sofort-geoffnet\/#primaryimage\"},\"image\":{\"@id\":\"https:\/\/www.tourenwagenjuniorcup.de\/en\/fahrzeugvorbestellungen-fur-die-saison-2021-ab-sofort-geoffnet\/#primaryimage\"},\"thumbnailUrl\":\"https:\/\/www.tourenwagenjuniorcup.de\/wp-content\/uploads\/2020\/10\/VW_up_GTI_Cup_MRD_03.jpg\",\"datePublished\":\"2020-10-15T13:40:09+00:00\",\"dateModified\":\"2020-10-15T17:31:26+00:00\",\"author\":{\"@id\":\"https:\/\/www.tourenwagenjuniorcup.de\/en\/#\/schema\/person\/555d6c5113b5491d1fd53b653f9acf4c\"},\"breadcrumb\":{\"@id\":\"https:\/\/www.tourenwagenjuniorcup.de\/en\/fahrzeugvorbestellungen-fur-die-saison-2021-ab-sofort-geoffnet\/#breadcrumb\"},\"inLanguage\":\"en-US\",\"potentialAction\":[{\"@type\":\"ReadAction\",\"target\":[\"https:\/\/www.tourenwagenjuniorcup.de\/en\/fahrzeugvorbestellungen-fur-die-saison-2021-ab-sofort-geoffnet\/\"]}]},{\"@type\":\"ImageObject\",\"inLanguage\":\"en-US\",\"@id\":\"https:\/\/www.tourenwagenjuniorcup.de\/en\/fahrzeugvorbestellungen-fur-die-saison-2021-ab-sofort-geoffnet\/#primaryimage\",\"url\":\"https:\/\/www.tourenwagenjuniorcup.de\/wp-content\/uploads\/2020\/10\/VW_up_GTI_Cup_MRD_03.jpg\",\"contentUrl\":\"https:\/\/www.tourenwagenjuniorcup.de\/wp-content\/uploads\/2020\/10\/VW_up_GTI_Cup_MRD_03.jpg\",\"width\":1920,\"height\":1440},{\"@type\":\"BreadcrumbList\",\"@id\":\"https:\/\/www.tourenwagenjuniorcup.de\/en\/fahrzeugvorbestellungen-fur-die-saison-2021-ab-sofort-geoffnet\/#breadcrumb\",\"itemListElement\":[{\"@type\":\"ListItem\",\"position\":1,\"name\":\"Startseite\",\"item\":\"https:\/\/www.tourenwagenjuniorcup.de\/en\/\"},{\"@type\":\"ListItem\",\"position\":2,\"name\":\"FAHRZEUGVORBESTELLUNGEN F\u00dcR DIE SAISON 2021 AB SOFORT GE\u00d6FFNET\"}]},{\"@type\":\"WebSite\",\"@id\":\"https:\/\/www.tourenwagenjuniorcup.de\/en\/#website\",\"url\":\"https:\/\/www.tourenwagenjuniorcup.de\/en\/\",\"name\":\"ADAC Tourenwagen Junior Cup\",\"description\":\"Der ADAC Tourenwagen Junior Cup ist die deutsche Nachwuchsliga und dein Sprungbrett in den Profi-Sport.\",\"potentialAction\":[{\"@type\":\"SearchAction\",\"target\":{\"@type\":\"EntryPoint\",\"urlTemplate\":\"https:\/\/www.tourenwagenjuniorcup.de\/en\/?s={search_term_string}\"},\"query-input\":{\"@type\":\"PropertyValueSpecification\",\"valueRequired\":true,\"valueName\":\"search_term_string\"}}],\"inLanguage\":\"en-US\"},{\"@type\":\"Person\",\"@id\":\"https:\/\/www.tourenwagenjuniorcup.de\/en\/#\/schema\/person\/555d6c5113b5491d1fd53b653f9acf4c\",\"name\":\"Matthias Meyer\",\"image\":{\"@type\":\"ImageObject\",\"inLanguage\":\"en-US\",\"@id\":\"https:\/\/www.tourenwagenjuniorcup.de\/en\/#\/schema\/person\/image\/\",\"url\":\"https:\/\/secure.gravatar.com\/avatar\/4f7f88e9834655263977d4fa2e611bbaca4504a33c25d4bd6d973af7e9255f71?s=96&d=mm&r=g\",\"contentUrl\":\"https:\/\/secure.gravatar.com\/avatar\/4f7f88e9834655263977d4fa2e611bbaca4504a33c25d4bd6d973af7e9255f71?s=96&d=mm&r=g\",\"caption\":\"Matthias Meyer\"},\"url\":\"https:\/\/www.tourenwagenjuniorcup.de\/en\/author\/matthias\/\"}]}<\/script>\n<!-- \/ Yoast SEO plugin. -->","yoast_head_json":{"title":"FAHRZEUGVORBESTELLUNGEN F\u00dcR DIE SAISON 2021 AB SOFORT GE\u00d6FFNET | ADAC Tourenwagen Junior Cup","robots":{"index":"index","follow":"follow","max-snippet":"max-snippet:-1","max-image-preview":"max-image-preview:large","max-video-preview":"max-video-preview:-1"},"canonical":"https:\/\/www.tourenwagenjuniorcup.de\/en\/fahrzeugvorbestellungen-fur-die-saison-2021-ab-sofort-geoffnet\/","og_locale":"en_US","og_type":"article","og_title":"FAHRZEUGVORBESTELLUNGEN F\u00dcR DIE SAISON 2021 AB SOFORT GE\u00d6FFNET | ADAC Tourenwagen Junior Cup","og_description":"Im kommenden Jahr startet der Tourenwagen Junior Cup in seine erste komplette Saison. Nachdem die bestellten\u00a0Fahrzeuge ausgeliefert und bei Teams im Einsatz sind, werden bereits die n\u00e4chsten Kundenfahrzeuge gebaut. Fahrzeugvorbestellungen f\u00fcr die Saison 2021 sind ab 15.10.2020 m\u00f6glich. Die Vorbereitungen f\u00fcr die Tourenwagen Junior Cup Saison 2021 sind angelaufen. Der zentrale Baustein der Serie ist der\u00a0einheitliche\u00a0VW up! GTI Cup, der\u00a0zum ... Read More","og_url":"https:\/\/www.tourenwagenjuniorcup.de\/en\/fahrzeugvorbestellungen-fur-die-saison-2021-ab-sofort-geoffnet\/","og_site_name":"ADAC Tourenwagen Junior Cup","article_published_time":"2020-10-15T13:40:09+00:00","article_modified_time":"2020-10-15T17:31:26+00:00","og_image":[{"width":1920,"height":1440,"url":"https:\/\/www.tourenwagenjuniorcup.de\/wp-content\/uploads\/2020\/10\/VW_up_GTI_Cup_MRD_03.jpg","type":"image\/jpeg"}],"author":"Matthias Meyer","twitter_card":"summary_large_image","twitter_misc":{"Written by":"Matthias Meyer"},"schema":{"@context":"https:\/\/schema.org","@graph":[{"@type":"WebPage","@id":"https:\/\/www.tourenwagenjuniorcup.de\/en\/fahrzeugvorbestellungen-fur-die-saison-2021-ab-sofort-geoffnet\/","url":"https:\/\/www.tourenwagenjuniorcup.de\/en\/fahrzeugvorbestellungen-fur-die-saison-2021-ab-sofort-geoffnet\/","name":"FAHRZEUGVORBESTELLUNGEN F\u00dcR DIE SAISON 2021 AB SOFORT GE\u00d6FFNET | ADAC Tourenwagen Junior Cup","isPartOf":{"@id":"https:\/\/www.tourenwagenjuniorcup.de\/en\/#website"},"primaryImageOfPage":{"@id":"https:\/\/www.tourenwagenjuniorcup.de\/en\/fahrzeugvorbestellungen-fur-die-saison-2021-ab-sofort-geoffnet\/#primaryimage"},"image":{"@id":"https:\/\/www.tourenwagenjuniorcup.de\/en\/fahrzeugvorbestellungen-fur-die-saison-2021-ab-sofort-geoffnet\/#primaryimage"},"thumbnailUrl":"https:\/\/www.tourenwagenjuniorcup.de\/wp-content\/uploads\/2020\/10\/VW_up_GTI_Cup_MRD_03.jpg","datePublished":"2020-10-15T13:40:09+00:00","dateModified":"2020-10-15T17:31:26+00:00","author":{"@id":"https:\/\/www.tourenwagenjuniorcup.de\/en\/#\/schema\/person\/555d6c5113b5491d1fd53b653f9acf4c"},"breadcrumb":{"@id":"https:\/\/www.tourenwagenjuniorcup.de\/en\/fahrzeugvorbestellungen-fur-die-saison-2021-ab-sofort-geoffnet\/#breadcrumb"},"inLanguage":"en-US","potentialAction":[{"@type":"ReadAction","target":["https:\/\/www.tourenwagenjuniorcup.de\/en\/fahrzeugvorbestellungen-fur-die-saison-2021-ab-sofort-geoffnet\/"]}]},{"@type":"ImageObject","inLanguage":"en-US","@id":"https:\/\/www.tourenwagenjuniorcup.de\/en\/fahrzeugvorbestellungen-fur-die-saison-2021-ab-sofort-geoffnet\/#primaryimage","url":"https:\/\/www.tourenwagenjuniorcup.de\/wp-content\/uploads\/2020\/10\/VW_up_GTI_Cup_MRD_03.jpg","contentUrl":"https:\/\/www.tourenwagenjuniorcup.de\/wp-content\/uploads\/2020\/10\/VW_up_GTI_Cup_MRD_03.jpg","width":1920,"height":1440},{"@type":"BreadcrumbList","@id":"https:\/\/www.tourenwagenjuniorcup.de\/en\/fahrzeugvorbestellungen-fur-die-saison-2021-ab-sofort-geoffnet\/#breadcrumb","itemListElement":[{"@type":"ListItem","position":1,"name":"Startseite","item":"https:\/\/www.tourenwagenjuniorcup.de\/en\/"},{"@type":"ListItem","position":2,"name":"FAHRZEUGVORBESTELLUNGEN F\u00dcR DIE SAISON 2021 AB SOFORT GE\u00d6FFNET"}]},{"@type":"WebSite","@id":"https:\/\/www.tourenwagenjuniorcup.de\/en\/#website","url":"https:\/\/www.tourenwagenjuniorcup.de\/en\/","name":"ADAC Tourenwagen Junior Cup","description":"Der ADAC Tourenwagen Junior Cup ist die deutsche Nachwuchsliga und dein Sprungbrett in den Profi-Sport.","potentialAction":[{"@type":"SearchAction","target":{"@type":"EntryPoint","urlTemplate":"https:\/\/www.tourenwagenjuniorcup.de\/en\/?s={search_term_string}"},"query-input":{"@type":"PropertyValueSpecification","valueRequired":true,"valueName":"search_term_string"}}],"inLanguage":"en-US"},{"@type":"Person","@id":"https:\/\/www.tourenwagenjuniorcup.de\/en\/#\/schema\/person\/555d6c5113b5491d1fd53b653f9acf4c","name":"Matthias Meyer","image":{"@type":"ImageObject","inLanguage":"en-US","@id":"https:\/\/www.tourenwagenjuniorcup.de\/en\/#\/schema\/person\/image\/","url":"https:\/\/secure.gravatar.com\/avatar\/4f7f88e9834655263977d4fa2e611bbaca4504a33c25d4bd6d973af7e9255f71?s=96&d=mm&r=g","contentUrl":"https:\/\/secure.gravatar.com\/avatar\/4f7f88e9834655263977d4fa2e611bbaca4504a33c25d4bd6d973af7e9255f71?s=96&d=mm&r=g","caption":"Matthias Meyer"},"url":"https:\/\/www.tourenwagenjuniorcup.de\/en\/author\/matthias\/"}]}},"_links":{"self":[{"href":"https:\/\/www.tourenwagenjuniorcup.de\/en\/wp-json\/wp\/v2\/posts\/928","targetHints":{"allow":["GET"]}}],"collection":[{"href":"https:\/\/www.tourenwagenjuniorcup.de\/en\/wp-json\/wp\/v2\/posts"}],"about":[{"href":"https:\/\/www.tourenwagenjuniorcup.de\/en\/wp-json\/wp\/v2\/types\/post"}],"author":[{"embeddable":true,"href":"https:\/\/www.tourenwagenjuniorcup.de\/en\/wp-json\/wp\/v2\/users\/3"}],"replies":[{"embeddable":true,"href":"https:\/\/www.tourenwagenjuniorcup.de\/en\/wp-json\/wp\/v2\/comments?post=928"}],"version-history":[{"count":2,"href":"https:\/\/www.tourenwagenjuniorcup.de\/en\/wp-json\/wp\/v2\/posts\/928\/revisions"}],"predecessor-version":[{"id":933,"href":"https:\/\/www.tourenwagenjuniorcup.de\/en\/wp-json\/wp\/v2\/posts\/928\/revisions\/933"}],"wp:featuredmedia":[{"embeddable":true,"href":"https:\/\/www.tourenwagenjuniorcup.de\/en\/wp-json\/wp\/v2\/media\/926"}],"wp:attachment":[{"href":"https:\/\/www.tourenwagenjuniorcup.de\/en\/wp-json\/wp\/v2\/media?parent=928"}],"wp:term":[{"taxonomy":"category","embeddable":true,"href":"https:\/\/www.tourenwagenjuniorcup.de\/en\/wp-json\/wp\/v2\/categories?post=928"},{"taxonomy":"post_tag","embeddable":true,"href":"https:\/\/www.tourenwagenjuniorcup.de\/en\/wp-json\/wp\/v2\/tags?post=928"}],"curies":[{"name":"wp","href":"https:\/\/api.w.org\/{rel}","templated":true}]}}