{"id":9341,"date":"2026-09-05T18:17:23","date_gmt":"2026-09-05T18:17:23","guid":{"rendered":"https:\/\/www.tourenwagenjuniorcup.de\/?p=9341"},"modified":"2026-09-05T18:17:25","modified_gmt":"2026-09-05T18:17:25","slug":"groneck-setzt-sich-knapp-gegen-mohr-durch","status":"publish","type":"post","link":"https:\/\/www.tourenwagenjuniorcup.de\/groneck-setzt-sich-knapp-gegen-mohr-durch\/","title":{"rendered":"GRONECK SETZT SICH KNAPP GEGEN MOHR DURCH"},"content":{"rendered":"<div id=\"cs-content\" class=\"cs-content\"><\/div>\n","protected":false},"excerpt":{"rendered":"<p>Moritz Groneck (H&amp;R Das Juniorteam! &#8211; PT Sports by Up2race) holt sich den Sieg im Samstagsrennen auf dem Salzburgring in einem knappen Finish gegen Alex Mohr (TOPCAR sport) und Finn Niklas Wollnik (Georg Motorsport). F\u00fcr das Samstagsrennen des ADAC Tourenwagen Junior Cup auf dem Salzburgring lie\u00df sich Petrus etwas ganz Besonderes einfallen: Im Vorfeld des Rennens am sp\u00e4ten Nachmittag \u00f6ffneten &#8230; <\/p>\n<div><a href=\"https:\/\/www.tourenwagenjuniorcup.de\/groneck-setzt-sich-knapp-gegen-mohr-durch\/\" class=\"more-link\">Read More<\/a><\/div>\n","protected":false},"author":8,"featured_media":9346,"comment_status":"closed","ping_status":"open","sticky":false,"template":"","format":"standard","meta":{"rs_blank_template":"","rs_page_bg_color":"","slide_template_v7":"","footnotes":""},"categories":[3],"tags":[],"class_list":["post-9341","post","type-post","status-publish","format-standard","has-post-thumbnail","hentry","category-unkategorisiert"],"yoast_head":"<!-- This site is optimized with the Yoast SEO plugin v28.2 - https:\/\/yoast.com\/product\/yoast-seo-wordpress\/ -->\n<title>GRONECK SETZT SICH KNAPP GEGEN MOHR DURCH | ADAC Tourenwagen Junior Cup<\/title>\n<meta name=\"robots\" content=\"index, follow, max-snippet:-1, max-image-preview:large, max-video-preview:-1\" \/>\n<link rel=\"canonical\" href=\"https:\/\/www.tourenwagenjuniorcup.de\/en\/groneck-setzt-sich-knapp-gegen-mohr-durch\/\" \/>\n<meta property=\"og:locale\" content=\"en_US\" \/>\n<meta property=\"og:type\" content=\"article\" \/>\n<meta property=\"og:title\" content=\"GRONECK SETZT SICH KNAPP GEGEN MOHR DURCH | ADAC Tourenwagen Junior Cup\" \/>\n<meta property=\"og:description\" content=\"Moritz Groneck (H&amp;R Das Juniorteam! - PT Sports by Up2race) holt sich den Sieg im Samstagsrennen auf dem Salzburgring in einem knappen Finish gegen Alex Mohr (TOPCAR sport) und Finn Niklas Wollnik (Georg Motorsport). F\u00fcr das Samstagsrennen des ADAC Tourenwagen Junior Cup auf dem Salzburgring lie\u00df sich Petrus etwas ganz Besonderes einfallen: Im Vorfeld des Rennens am sp\u00e4ten Nachmittag \u00f6ffneten ... Read More\" \/>\n<meta property=\"og:url\" content=\"https:\/\/www.tourenwagenjuniorcup.de\/groneck-setzt-sich-knapp-gegen-mohr-durch\/\" \/>\n<meta property=\"og:site_name\" content=\"ADAC Tourenwagen Junior Cup\" \/>\n<meta property=\"article:published_time\" content=\"2026-09-05T18:17:23+00:00\" \/>\n<meta property=\"article:modified_time\" content=\"2026-09-05T18:17:25+00:00\" \/>\n<meta property=\"og:image\" content=\"https:\/\/www.tourenwagenjuniorcup.de\/wp-content\/uploads\/2026-09-05-AT-ADAC-RW-Salzburg-5835-1.jpg\" \/>\n\t<meta property=\"og:image:width\" content=\"1920\" \/>\n\t<meta property=\"og:image:height\" content=\"1280\" \/>\n\t<meta property=\"og:image:type\" content=\"image\/jpeg\" \/>\n<meta name=\"author\" content=\"Heiko Stritzke\" \/>\n<meta name=\"twitter:card\" content=\"summary_large_image\" \/>\n<meta name=\"twitter:label1\" content=\"Written by\" \/>\n\t<meta name=\"twitter:data1\" content=\"Heiko Stritzke\" \/>\n\t<meta name=\"twitter:label2\" content=\"Est. reading time\" \/>\n\t<meta name=\"twitter:data2\" content=\"8 minutes\" \/>\n<script type=\"application\/ld+json\" class=\"yoast-schema-graph\">{\"@context\":\"https:\\\/\\\/schema.org\",\"@graph\":[{\"@type\":\"Article\",\"@id\":\"https:\\\/\\\/www.tourenwagenjuniorcup.de\\\/groneck-setzt-sich-knapp-gegen-mohr-durch\\\/#article\",\"isPartOf\":{\"@id\":\"https:\\\/\\\/www.tourenwagenjuniorcup.de\\\/groneck-setzt-sich-knapp-gegen-mohr-durch\\\/\"},\"author\":{\"name\":\"Heiko Stritzke\",\"@id\":\"https:\\\/\\\/www.tourenwagenjuniorcup.de\\\/en\\\/#\\\/schema\\\/person\\\/f231b7266450318cdcefd2bb168fb9a1\"},\"headline\":\"GRONECK SETZT SICH KNAPP GEGEN MOHR DURCH\",\"datePublished\":\"2026-09-05T18:17:23+00:00\",\"dateModified\":\"2026-09-05T18:17:25+00:00\",\"mainEntityOfPage\":{\"@id\":\"https:\\\/\\\/www.tourenwagenjuniorcup.de\\\/groneck-setzt-sich-knapp-gegen-mohr-durch\\\/\"},\"wordCount\":700,\"image\":{\"@id\":\"https:\\\/\\\/www.tourenwagenjuniorcup.de\\\/groneck-setzt-sich-knapp-gegen-mohr-durch\\\/#primaryimage\"},\"thumbnailUrl\":\"https:\\\/\\\/www.tourenwagenjuniorcup.de\\\/wp-content\\\/uploads\\\/2026-09-05-AT-ADAC-RW-Salzburg-5835-1.jpg\",\"articleSection\":[\"Unkategorisiert\"],\"inLanguage\":\"en-US\"},{\"@type\":\"WebPage\",\"@id\":\"https:\\\/\\\/www.tourenwagenjuniorcup.de\\\/groneck-setzt-sich-knapp-gegen-mohr-durch\\\/\",\"url\":\"https:\\\/\\\/www.tourenwagenjuniorcup.de\\\/groneck-setzt-sich-knapp-gegen-mohr-durch\\\/\",\"name\":\"GRONECK SETZT SICH KNAPP GEGEN MOHR DURCH | ADAC Tourenwagen Junior Cup\",\"isPartOf\":{\"@id\":\"https:\\\/\\\/www.tourenwagenjuniorcup.de\\\/en\\\/#website\"},\"primaryImageOfPage\":{\"@id\":\"https:\\\/\\\/www.tourenwagenjuniorcup.de\\\/groneck-setzt-sich-knapp-gegen-mohr-durch\\\/#primaryimage\"},\"image\":{\"@id\":\"https:\\\/\\\/www.tourenwagenjuniorcup.de\\\/groneck-setzt-sich-knapp-gegen-mohr-durch\\\/#primaryimage\"},\"thumbnailUrl\":\"https:\\\/\\\/www.tourenwagenjuniorcup.de\\\/wp-content\\\/uploads\\\/2026-09-05-AT-ADAC-RW-Salzburg-5835-1.jpg\",\"datePublished\":\"2026-09-05T18:17:23+00:00\",\"dateModified\":\"2026-09-05T18:17:25+00:00\",\"author\":{\"@id\":\"https:\\\/\\\/www.tourenwagenjuniorcup.de\\\/en\\\/#\\\/schema\\\/person\\\/f231b7266450318cdcefd2bb168fb9a1\"},\"breadcrumb\":{\"@id\":\"https:\\\/\\\/www.tourenwagenjuniorcup.de\\\/groneck-setzt-sich-knapp-gegen-mohr-durch\\\/#breadcrumb\"},\"inLanguage\":\"en-US\",\"potentialAction\":[{\"@type\":\"ReadAction\",\"target\":[\"https:\\\/\\\/www.tourenwagenjuniorcup.de\\\/groneck-setzt-sich-knapp-gegen-mohr-durch\\\/\"]}]},{\"@type\":\"ImageObject\",\"inLanguage\":\"en-US\",\"@id\":\"https:\\\/\\\/www.tourenwagenjuniorcup.de\\\/groneck-setzt-sich-knapp-gegen-mohr-durch\\\/#primaryimage\",\"url\":\"https:\\\/\\\/www.tourenwagenjuniorcup.de\\\/wp-content\\\/uploads\\\/2026-09-05-AT-ADAC-RW-Salzburg-5835-1.jpg\",\"contentUrl\":\"https:\\\/\\\/www.tourenwagenjuniorcup.de\\\/wp-content\\\/uploads\\\/2026-09-05-AT-ADAC-RW-Salzburg-5835-1.jpg\",\"width\":1920,\"height\":1280,\"caption\":\"05.09.2026, Salzburgring, Salzburg, AUT, ADAC-Racing Weekend, Salzburgring \u00b4Foto: Alexander Trienitz\"},{\"@type\":\"BreadcrumbList\",\"@id\":\"https:\\\/\\\/www.tourenwagenjuniorcup.de\\\/groneck-setzt-sich-knapp-gegen-mohr-durch\\\/#breadcrumb\",\"itemListElement\":[{\"@type\":\"ListItem\",\"position\":1,\"name\":\"Startseite\",\"item\":\"https:\\\/\\\/www.tourenwagenjuniorcup.de\\\/en\\\/\"},{\"@type\":\"ListItem\",\"position\":2,\"name\":\"GRONECK SETZT SICH KNAPP GEGEN MOHR DURCH\"}]},{\"@type\":\"WebSite\",\"@id\":\"https:\\\/\\\/www.tourenwagenjuniorcup.de\\\/en\\\/#website\",\"url\":\"https:\\\/\\\/www.tourenwagenjuniorcup.de\\\/en\\\/\",\"name\":\"ADAC Tourenwagen Junior Cup\",\"description\":\"Der ADAC Tourenwagen Junior Cup ist die deutsche Nachwuchsliga und dein Sprungbrett in den Profi-Sport.\",\"potentialAction\":[{\"@type\":\"SearchAction\",\"target\":{\"@type\":\"EntryPoint\",\"urlTemplate\":\"https:\\\/\\\/www.tourenwagenjuniorcup.de\\\/en\\\/?s={search_term_string}\"},\"query-input\":{\"@type\":\"PropertyValueSpecification\",\"valueRequired\":true,\"valueName\":\"search_term_string\"}}],\"inLanguage\":\"en-US\"},{\"@type\":\"Person\",\"@id\":\"https:\\\/\\\/www.tourenwagenjuniorcup.de\\\/en\\\/#\\\/schema\\\/person\\\/f231b7266450318cdcefd2bb168fb9a1\",\"name\":\"Heiko Stritzke\",\"image\":{\"@type\":\"ImageObject\",\"inLanguage\":\"en-US\",\"@id\":\"https:\\\/\\\/secure.gravatar.com\\\/avatar\\\/7f64a18f5c6f9d38ded85ce0f1c6b738d1ecc5ef0c1405b8a73340245be943a8?s=96&d=mm&r=g\",\"url\":\"https:\\\/\\\/secure.gravatar.com\\\/avatar\\\/7f64a18f5c6f9d38ded85ce0f1c6b738d1ecc5ef0c1405b8a73340245be943a8?s=96&d=mm&r=g\",\"contentUrl\":\"https:\\\/\\\/secure.gravatar.com\\\/avatar\\\/7f64a18f5c6f9d38ded85ce0f1c6b738d1ecc5ef0c1405b8a73340245be943a8?s=96&d=mm&r=g\",\"caption\":\"Heiko Stritzke\"},\"url\":\"https:\\\/\\\/www.tourenwagenjuniorcup.de\\\/en\\\/author\\\/heiko\\\/\"}]}<\/script>\n<!-- \/ Yoast SEO plugin. -->","yoast_head_json":{"title":"GRONECK SETZT SICH KNAPP GEGEN MOHR DURCH | ADAC Tourenwagen Junior Cup","robots":{"index":"index","follow":"follow","max-snippet":"max-snippet:-1","max-image-preview":"max-image-preview:large","max-video-preview":"max-video-preview:-1"},"canonical":"https:\/\/www.tourenwagenjuniorcup.de\/en\/groneck-setzt-sich-knapp-gegen-mohr-durch\/","og_locale":"en_US","og_type":"article","og_title":"GRONECK SETZT SICH KNAPP GEGEN MOHR DURCH | ADAC Tourenwagen Junior Cup","og_description":"Moritz Groneck (H&amp;R Das Juniorteam! - PT Sports by Up2race) holt sich den Sieg im Samstagsrennen auf dem Salzburgring in einem knappen Finish gegen Alex Mohr (TOPCAR sport) und Finn Niklas Wollnik (Georg Motorsport). F\u00fcr das Samstagsrennen des ADAC Tourenwagen Junior Cup auf dem Salzburgring lie\u00df sich Petrus etwas ganz Besonderes einfallen: Im Vorfeld des Rennens am sp\u00e4ten Nachmittag \u00f6ffneten ... Read More","og_url":"https:\/\/www.tourenwagenjuniorcup.de\/groneck-setzt-sich-knapp-gegen-mohr-durch\/","og_site_name":"ADAC Tourenwagen Junior Cup","article_published_time":"2026-09-05T18:17:23+00:00","article_modified_time":"2026-09-05T18:17:25+00:00","og_image":[{"width":1920,"height":1280,"url":"https:\/\/www.tourenwagenjuniorcup.de\/wp-content\/uploads\/2026-09-05-AT-ADAC-RW-Salzburg-5835-1.jpg","type":"image\/jpeg"}],"author":"Heiko Stritzke","twitter_card":"summary_large_image","twitter_misc":{"Written by":"Heiko Stritzke","Est. reading time":"8 minutes"},"schema":{"@context":"https:\/\/schema.org","@graph":[{"@type":"Article","@id":"https:\/\/www.tourenwagenjuniorcup.de\/groneck-setzt-sich-knapp-gegen-mohr-durch\/#article","isPartOf":{"@id":"https:\/\/www.tourenwagenjuniorcup.de\/groneck-setzt-sich-knapp-gegen-mohr-durch\/"},"author":{"name":"Heiko Stritzke","@id":"https:\/\/www.tourenwagenjuniorcup.de\/en\/#\/schema\/person\/f231b7266450318cdcefd2bb168fb9a1"},"headline":"GRONECK SETZT SICH KNAPP GEGEN MOHR DURCH","datePublished":"2026-09-05T18:17:23+00:00","dateModified":"2026-09-05T18:17:25+00:00","mainEntityOfPage":{"@id":"https:\/\/www.tourenwagenjuniorcup.de\/groneck-setzt-sich-knapp-gegen-mohr-durch\/"},"wordCount":700,"image":{"@id":"https:\/\/www.tourenwagenjuniorcup.de\/groneck-setzt-sich-knapp-gegen-mohr-durch\/#primaryimage"},"thumbnailUrl":"https:\/\/www.tourenwagenjuniorcup.de\/wp-content\/uploads\/2026-09-05-AT-ADAC-RW-Salzburg-5835-1.jpg","articleSection":["Unkategorisiert"],"inLanguage":"en-US"},{"@type":"WebPage","@id":"https:\/\/www.tourenwagenjuniorcup.de\/groneck-setzt-sich-knapp-gegen-mohr-durch\/","url":"https:\/\/www.tourenwagenjuniorcup.de\/groneck-setzt-sich-knapp-gegen-mohr-durch\/","name":"GRONECK SETZT SICH KNAPP GEGEN MOHR DURCH | ADAC Tourenwagen Junior Cup","isPartOf":{"@id":"https:\/\/www.tourenwagenjuniorcup.de\/en\/#website"},"primaryImageOfPage":{"@id":"https:\/\/www.tourenwagenjuniorcup.de\/groneck-setzt-sich-knapp-gegen-mohr-durch\/#primaryimage"},"image":{"@id":"https:\/\/www.tourenwagenjuniorcup.de\/groneck-setzt-sich-knapp-gegen-mohr-durch\/#primaryimage"},"thumbnailUrl":"https:\/\/www.tourenwagenjuniorcup.de\/wp-content\/uploads\/2026-09-05-AT-ADAC-RW-Salzburg-5835-1.jpg","datePublished":"2026-09-05T18:17:23+00:00","dateModified":"2026-09-05T18:17:25+00:00","author":{"@id":"https:\/\/www.tourenwagenjuniorcup.de\/en\/#\/schema\/person\/f231b7266450318cdcefd2bb168fb9a1"},"breadcrumb":{"@id":"https:\/\/www.tourenwagenjuniorcup.de\/groneck-setzt-sich-knapp-gegen-mohr-durch\/#breadcrumb"},"inLanguage":"en-US","potentialAction":[{"@type":"ReadAction","target":["https:\/\/www.tourenwagenjuniorcup.de\/groneck-setzt-sich-knapp-gegen-mohr-durch\/"]}]},{"@type":"ImageObject","inLanguage":"en-US","@id":"https:\/\/www.tourenwagenjuniorcup.de\/groneck-setzt-sich-knapp-gegen-mohr-durch\/#primaryimage","url":"https:\/\/www.tourenwagenjuniorcup.de\/wp-content\/uploads\/2026-09-05-AT-ADAC-RW-Salzburg-5835-1.jpg","contentUrl":"https:\/\/www.tourenwagenjuniorcup.de\/wp-content\/uploads\/2026-09-05-AT-ADAC-RW-Salzburg-5835-1.jpg","width":1920,"height":1280,"caption":"05.09.2026, Salzburgring, Salzburg, AUT, ADAC-Racing Weekend, Salzburgring \u00b4Foto: Alexander Trienitz"},{"@type":"BreadcrumbList","@id":"https:\/\/www.tourenwagenjuniorcup.de\/groneck-setzt-sich-knapp-gegen-mohr-durch\/#breadcrumb","itemListElement":[{"@type":"ListItem","position":1,"name":"Startseite","item":"https:\/\/www.tourenwagenjuniorcup.de\/en\/"},{"@type":"ListItem","position":2,"name":"GRONECK SETZT SICH KNAPP GEGEN MOHR DURCH"}]},{"@type":"WebSite","@id":"https:\/\/www.tourenwagenjuniorcup.de\/en\/#website","url":"https:\/\/www.tourenwagenjuniorcup.de\/en\/","name":"ADAC Tourenwagen Junior Cup","description":"Der ADAC Tourenwagen Junior Cup ist die deutsche Nachwuchsliga und dein Sprungbrett in den Profi-Sport.","potentialAction":[{"@type":"SearchAction","target":{"@type":"EntryPoint","urlTemplate":"https:\/\/www.tourenwagenjuniorcup.de\/en\/?s={search_term_string}"},"query-input":{"@type":"PropertyValueSpecification","valueRequired":true,"valueName":"search_term_string"}}],"inLanguage":"en-US"},{"@type":"Person","@id":"https:\/\/www.tourenwagenjuniorcup.de\/en\/#\/schema\/person\/f231b7266450318cdcefd2bb168fb9a1","name":"Heiko Stritzke","image":{"@type":"ImageObject","inLanguage":"en-US","@id":"https:\/\/secure.gravatar.com\/avatar\/7f64a18f5c6f9d38ded85ce0f1c6b738d1ecc5ef0c1405b8a73340245be943a8?s=96&d=mm&r=g","url":"https:\/\/secure.gravatar.com\/avatar\/7f64a18f5c6f9d38ded85ce0f1c6b738d1ecc5ef0c1405b8a73340245be943a8?s=96&d=mm&r=g","contentUrl":"https:\/\/secure.gravatar.com\/avatar\/7f64a18f5c6f9d38ded85ce0f1c6b738d1ecc5ef0c1405b8a73340245be943a8?s=96&d=mm&r=g","caption":"Heiko Stritzke"},"url":"https:\/\/www.tourenwagenjuniorcup.de\/en\/author\/heiko\/"}]}},"_links":{"self":[{"href":"https:\/\/www.tourenwagenjuniorcup.de\/en\/wp-json\/wp\/v2\/posts\/9341","targetHints":{"allow":["GET"]}}],"collection":[{"href":"https:\/\/www.tourenwagenjuniorcup.de\/en\/wp-json\/wp\/v2\/posts"}],"about":[{"href":"https:\/\/www.tourenwagenjuniorcup.de\/en\/wp-json\/wp\/v2\/types\/post"}],"author":[{"embeddable":true,"href":"https:\/\/www.tourenwagenjuniorcup.de\/en\/wp-json\/wp\/v2\/users\/8"}],"replies":[{"embeddable":true,"href":"https:\/\/www.tourenwagenjuniorcup.de\/en\/wp-json\/wp\/v2\/comments?post=9341"}],"version-history":[{"count":2,"href":"https:\/\/www.tourenwagenjuniorcup.de\/en\/wp-json\/wp\/v2\/posts\/9341\/revisions"}],"predecessor-version":[{"id":9343,"href":"https:\/\/www.tourenwagenjuniorcup.de\/en\/wp-json\/wp\/v2\/posts\/9341\/revisions\/9343"}],"wp:featuredmedia":[{"embeddable":true,"href":"https:\/\/www.tourenwagenjuniorcup.de\/en\/wp-json\/wp\/v2\/media\/9346"}],"wp:attachment":[{"href":"https:\/\/www.tourenwagenjuniorcup.de\/en\/wp-json\/wp\/v2\/media?parent=9341"}],"wp:term":[{"taxonomy":"category","embeddable":true,"href":"https:\/\/www.tourenwagenjuniorcup.de\/en\/wp-json\/wp\/v2\/categories?post=9341"},{"taxonomy":"post_tag","embeddable":true,"href":"https:\/\/www.tourenwagenjuniorcup.de\/en\/wp-json\/wp\/v2\/tags?post=9341"}],"curies":[{"name":"wp","href":"https:\/\/api.w.org\/{rel}","templated":true}]}}