{"id":936,"date":"2020-11-02T13:28:32","date_gmt":"2020-11-02T13:28:32","guid":{"rendered":"https:\/\/www.tourenwagenjuniorcup.de\/?p=936"},"modified":"2020-11-02T15:14:40","modified_gmt":"2020-11-02T15:14:40","slug":"jan-noller-und-lion-duker-mit-testdebut-bei-lubner-motorsport","status":"publish","type":"post","link":"https:\/\/www.tourenwagenjuniorcup.de\/en\/jan-noller-und-lion-duker-mit-testdebut-bei-lubner-motorsport\/","title":{"rendered":"JAN NOLLER UND LION D\u00dcKER MIT TESTDEBUT BEI LUBNER MOTORSPORT"},"content":{"rendered":"<div id=\"cs-content\" class=\"cs-content\"><\/div>\n","protected":false},"excerpt":{"rendered":"<p>Am vergangenen Wochenende waren zwei VW up! GTI Cup zu Gast in der Motorsport Arena Oschersleben. Die beiden Nachwuchsfahrer Jan Noller und Lion D\u00fcker pilotierten die Cup-Fahrzeuge auf dem Kurs in der B\u00f6rde. Am 1. November brachte Lubner Motorsport die zwei teameigenen VW up! GTI Cup in Oschersleben an den Start. Das Th\u00fcringer Team nutzte die November-Veranstaltung, um mit zwei &#8230; <\/p>\n<div><a href=\"https:\/\/www.tourenwagenjuniorcup.de\/en\/jan-noller-und-lion-duker-mit-testdebut-bei-lubner-motorsport\/\" class=\"more-link\">Read More<\/a><\/div>\n","protected":false},"author":3,"featured_media":942,"comment_status":"closed","ping_status":"closed","sticky":false,"template":"","format":"standard","meta":{"footnotes":""},"categories":[3],"tags":[],"class_list":["post-936","post","type-post","status-publish","format-standard","has-post-thumbnail","hentry","category-unkategorisiert"],"yoast_head":"<!-- This site is optimized with the Yoast SEO plugin v25.9 - https:\/\/yoast.com\/wordpress\/plugins\/seo\/ -->\n<title>JAN NOLLER UND LION D\u00dcKER MIT TESTDEBUT BEI LUBNER MOTORSPORT | ADAC Tourenwagen Junior Cup<\/title>\n<meta name=\"robots\" content=\"index, follow, max-snippet:-1, max-image-preview:large, max-video-preview:-1\" \/>\n<link rel=\"canonical\" href=\"https:\/\/www.tourenwagenjuniorcup.de\/en\/jan-noller-und-lion-duker-mit-testdebut-bei-lubner-motorsport\/\" \/>\n<meta property=\"og:locale\" content=\"en_US\" \/>\n<meta property=\"og:type\" content=\"article\" \/>\n<meta property=\"og:title\" content=\"JAN NOLLER UND LION D\u00dcKER MIT TESTDEBUT BEI LUBNER MOTORSPORT | ADAC Tourenwagen Junior Cup\" \/>\n<meta property=\"og:description\" content=\"Am vergangenen Wochenende waren zwei VW up! GTI Cup zu Gast in der Motorsport Arena Oschersleben. Die beiden Nachwuchsfahrer Jan Noller und Lion D\u00fcker pilotierten die Cup-Fahrzeuge auf dem Kurs in der B\u00f6rde. Am 1. November brachte Lubner Motorsport die zwei teameigenen VW up! GTI Cup in Oschersleben an den Start. Das Th\u00fcringer Team nutzte die November-Veranstaltung, um mit zwei ... Read More\" \/>\n<meta property=\"og:url\" content=\"https:\/\/www.tourenwagenjuniorcup.de\/en\/jan-noller-und-lion-duker-mit-testdebut-bei-lubner-motorsport\/\" \/>\n<meta property=\"og:site_name\" content=\"ADAC Tourenwagen Junior Cup\" \/>\n<meta property=\"article:published_time\" content=\"2020-11-02T13:28:32+00:00\" \/>\n<meta property=\"article:modified_time\" content=\"2020-11-02T15:14:40+00:00\" \/>\n<meta property=\"og:image\" content=\"https:\/\/www.tourenwagenjuniorcup.de\/wp-content\/uploads\/2020\/11\/2020_11_01_Tourenwagen_Junior_Cup_01.jpg\" \/>\n\t<meta property=\"og:image:width\" content=\"1920\" \/>\n\t<meta property=\"og:image:height\" content=\"1280\" \/>\n\t<meta property=\"og:image:type\" content=\"image\/jpeg\" \/>\n<meta name=\"author\" content=\"Matthias Meyer\" \/>\n<meta name=\"twitter:card\" content=\"summary_large_image\" \/>\n<meta name=\"twitter:label1\" content=\"Written by\" \/>\n\t<meta name=\"twitter:data1\" content=\"Matthias Meyer\" \/>\n<script type=\"application\/ld+json\" class=\"yoast-schema-graph\">{\"@context\":\"https:\/\/schema.org\",\"@graph\":[{\"@type\":\"WebPage\",\"@id\":\"https:\/\/www.tourenwagenjuniorcup.de\/en\/jan-noller-und-lion-duker-mit-testdebut-bei-lubner-motorsport\/\",\"url\":\"https:\/\/www.tourenwagenjuniorcup.de\/en\/jan-noller-und-lion-duker-mit-testdebut-bei-lubner-motorsport\/\",\"name\":\"JAN NOLLER UND LION D\u00dcKER MIT TESTDEBUT BEI LUBNER MOTORSPORT | ADAC Tourenwagen Junior Cup\",\"isPartOf\":{\"@id\":\"https:\/\/www.tourenwagenjuniorcup.de\/en\/#website\"},\"primaryImageOfPage\":{\"@id\":\"https:\/\/www.tourenwagenjuniorcup.de\/en\/jan-noller-und-lion-duker-mit-testdebut-bei-lubner-motorsport\/#primaryimage\"},\"image\":{\"@id\":\"https:\/\/www.tourenwagenjuniorcup.de\/en\/jan-noller-und-lion-duker-mit-testdebut-bei-lubner-motorsport\/#primaryimage\"},\"thumbnailUrl\":\"https:\/\/www.tourenwagenjuniorcup.de\/wp-content\/uploads\/2020\/11\/2020_11_01_Tourenwagen_Junior_Cup_01.jpg\",\"datePublished\":\"2020-11-02T13:28:32+00:00\",\"dateModified\":\"2020-11-02T15:14:40+00:00\",\"author\":{\"@id\":\"https:\/\/www.tourenwagenjuniorcup.de\/en\/#\/schema\/person\/555d6c5113b5491d1fd53b653f9acf4c\"},\"breadcrumb\":{\"@id\":\"https:\/\/www.tourenwagenjuniorcup.de\/en\/jan-noller-und-lion-duker-mit-testdebut-bei-lubner-motorsport\/#breadcrumb\"},\"inLanguage\":\"en-US\",\"potentialAction\":[{\"@type\":\"ReadAction\",\"target\":[\"https:\/\/www.tourenwagenjuniorcup.de\/en\/jan-noller-und-lion-duker-mit-testdebut-bei-lubner-motorsport\/\"]}]},{\"@type\":\"ImageObject\",\"inLanguage\":\"en-US\",\"@id\":\"https:\/\/www.tourenwagenjuniorcup.de\/en\/jan-noller-und-lion-duker-mit-testdebut-bei-lubner-motorsport\/#primaryimage\",\"url\":\"https:\/\/www.tourenwagenjuniorcup.de\/wp-content\/uploads\/2020\/11\/2020_11_01_Tourenwagen_Junior_Cup_01.jpg\",\"contentUrl\":\"https:\/\/www.tourenwagenjuniorcup.de\/wp-content\/uploads\/2020\/11\/2020_11_01_Tourenwagen_Junior_Cup_01.jpg\",\"width\":1920,\"height\":1280},{\"@type\":\"BreadcrumbList\",\"@id\":\"https:\/\/www.tourenwagenjuniorcup.de\/en\/jan-noller-und-lion-duker-mit-testdebut-bei-lubner-motorsport\/#breadcrumb\",\"itemListElement\":[{\"@type\":\"ListItem\",\"position\":1,\"name\":\"Startseite\",\"item\":\"https:\/\/www.tourenwagenjuniorcup.de\/en\/\"},{\"@type\":\"ListItem\",\"position\":2,\"name\":\"JAN NOLLER UND LION D\u00dcKER MIT TESTDEBUT BEI LUBNER MOTORSPORT\"}]},{\"@type\":\"WebSite\",\"@id\":\"https:\/\/www.tourenwagenjuniorcup.de\/en\/#website\",\"url\":\"https:\/\/www.tourenwagenjuniorcup.de\/en\/\",\"name\":\"ADAC Tourenwagen Junior Cup\",\"description\":\"Der ADAC Tourenwagen Junior Cup ist die deutsche Nachwuchsliga und dein Sprungbrett in den Profi-Sport.\",\"potentialAction\":[{\"@type\":\"SearchAction\",\"target\":{\"@type\":\"EntryPoint\",\"urlTemplate\":\"https:\/\/www.tourenwagenjuniorcup.de\/en\/?s={search_term_string}\"},\"query-input\":{\"@type\":\"PropertyValueSpecification\",\"valueRequired\":true,\"valueName\":\"search_term_string\"}}],\"inLanguage\":\"en-US\"},{\"@type\":\"Person\",\"@id\":\"https:\/\/www.tourenwagenjuniorcup.de\/en\/#\/schema\/person\/555d6c5113b5491d1fd53b653f9acf4c\",\"name\":\"Matthias Meyer\",\"image\":{\"@type\":\"ImageObject\",\"inLanguage\":\"en-US\",\"@id\":\"https:\/\/www.tourenwagenjuniorcup.de\/en\/#\/schema\/person\/image\/\",\"url\":\"https:\/\/secure.gravatar.com\/avatar\/4f7f88e9834655263977d4fa2e611bbaca4504a33c25d4bd6d973af7e9255f71?s=96&d=mm&r=g\",\"contentUrl\":\"https:\/\/secure.gravatar.com\/avatar\/4f7f88e9834655263977d4fa2e611bbaca4504a33c25d4bd6d973af7e9255f71?s=96&d=mm&r=g\",\"caption\":\"Matthias Meyer\"},\"url\":\"https:\/\/www.tourenwagenjuniorcup.de\/en\/author\/matthias\/\"}]}<\/script>\n<!-- \/ Yoast SEO plugin. -->","yoast_head_json":{"title":"JAN NOLLER UND LION D\u00dcKER MIT TESTDEBUT BEI LUBNER MOTORSPORT | ADAC Tourenwagen Junior Cup","robots":{"index":"index","follow":"follow","max-snippet":"max-snippet:-1","max-image-preview":"max-image-preview:large","max-video-preview":"max-video-preview:-1"},"canonical":"https:\/\/www.tourenwagenjuniorcup.de\/en\/jan-noller-und-lion-duker-mit-testdebut-bei-lubner-motorsport\/","og_locale":"en_US","og_type":"article","og_title":"JAN NOLLER UND LION D\u00dcKER MIT TESTDEBUT BEI LUBNER MOTORSPORT | ADAC Tourenwagen Junior Cup","og_description":"Am vergangenen Wochenende waren zwei VW up! GTI Cup zu Gast in der Motorsport Arena Oschersleben. Die beiden Nachwuchsfahrer Jan Noller und Lion D\u00fcker pilotierten die Cup-Fahrzeuge auf dem Kurs in der B\u00f6rde. Am 1. November brachte Lubner Motorsport die zwei teameigenen VW up! GTI Cup in Oschersleben an den Start. Das Th\u00fcringer Team nutzte die November-Veranstaltung, um mit zwei ... Read More","og_url":"https:\/\/www.tourenwagenjuniorcup.de\/en\/jan-noller-und-lion-duker-mit-testdebut-bei-lubner-motorsport\/","og_site_name":"ADAC Tourenwagen Junior Cup","article_published_time":"2020-11-02T13:28:32+00:00","article_modified_time":"2020-11-02T15:14:40+00:00","og_image":[{"width":1920,"height":1280,"url":"https:\/\/www.tourenwagenjuniorcup.de\/wp-content\/uploads\/2020\/11\/2020_11_01_Tourenwagen_Junior_Cup_01.jpg","type":"image\/jpeg"}],"author":"Matthias Meyer","twitter_card":"summary_large_image","twitter_misc":{"Written by":"Matthias Meyer"},"schema":{"@context":"https:\/\/schema.org","@graph":[{"@type":"WebPage","@id":"https:\/\/www.tourenwagenjuniorcup.de\/en\/jan-noller-und-lion-duker-mit-testdebut-bei-lubner-motorsport\/","url":"https:\/\/www.tourenwagenjuniorcup.de\/en\/jan-noller-und-lion-duker-mit-testdebut-bei-lubner-motorsport\/","name":"JAN NOLLER UND LION D\u00dcKER MIT TESTDEBUT BEI LUBNER MOTORSPORT | ADAC Tourenwagen Junior Cup","isPartOf":{"@id":"https:\/\/www.tourenwagenjuniorcup.de\/en\/#website"},"primaryImageOfPage":{"@id":"https:\/\/www.tourenwagenjuniorcup.de\/en\/jan-noller-und-lion-duker-mit-testdebut-bei-lubner-motorsport\/#primaryimage"},"image":{"@id":"https:\/\/www.tourenwagenjuniorcup.de\/en\/jan-noller-und-lion-duker-mit-testdebut-bei-lubner-motorsport\/#primaryimage"},"thumbnailUrl":"https:\/\/www.tourenwagenjuniorcup.de\/wp-content\/uploads\/2020\/11\/2020_11_01_Tourenwagen_Junior_Cup_01.jpg","datePublished":"2020-11-02T13:28:32+00:00","dateModified":"2020-11-02T15:14:40+00:00","author":{"@id":"https:\/\/www.tourenwagenjuniorcup.de\/en\/#\/schema\/person\/555d6c5113b5491d1fd53b653f9acf4c"},"breadcrumb":{"@id":"https:\/\/www.tourenwagenjuniorcup.de\/en\/jan-noller-und-lion-duker-mit-testdebut-bei-lubner-motorsport\/#breadcrumb"},"inLanguage":"en-US","potentialAction":[{"@type":"ReadAction","target":["https:\/\/www.tourenwagenjuniorcup.de\/en\/jan-noller-und-lion-duker-mit-testdebut-bei-lubner-motorsport\/"]}]},{"@type":"ImageObject","inLanguage":"en-US","@id":"https:\/\/www.tourenwagenjuniorcup.de\/en\/jan-noller-und-lion-duker-mit-testdebut-bei-lubner-motorsport\/#primaryimage","url":"https:\/\/www.tourenwagenjuniorcup.de\/wp-content\/uploads\/2020\/11\/2020_11_01_Tourenwagen_Junior_Cup_01.jpg","contentUrl":"https:\/\/www.tourenwagenjuniorcup.de\/wp-content\/uploads\/2020\/11\/2020_11_01_Tourenwagen_Junior_Cup_01.jpg","width":1920,"height":1280},{"@type":"BreadcrumbList","@id":"https:\/\/www.tourenwagenjuniorcup.de\/en\/jan-noller-und-lion-duker-mit-testdebut-bei-lubner-motorsport\/#breadcrumb","itemListElement":[{"@type":"ListItem","position":1,"name":"Startseite","item":"https:\/\/www.tourenwagenjuniorcup.de\/en\/"},{"@type":"ListItem","position":2,"name":"JAN NOLLER UND LION D\u00dcKER MIT TESTDEBUT BEI LUBNER MOTORSPORT"}]},{"@type":"WebSite","@id":"https:\/\/www.tourenwagenjuniorcup.de\/en\/#website","url":"https:\/\/www.tourenwagenjuniorcup.de\/en\/","name":"ADAC Tourenwagen Junior Cup","description":"Der ADAC Tourenwagen Junior Cup ist die deutsche Nachwuchsliga und dein Sprungbrett in den Profi-Sport.","potentialAction":[{"@type":"SearchAction","target":{"@type":"EntryPoint","urlTemplate":"https:\/\/www.tourenwagenjuniorcup.de\/en\/?s={search_term_string}"},"query-input":{"@type":"PropertyValueSpecification","valueRequired":true,"valueName":"search_term_string"}}],"inLanguage":"en-US"},{"@type":"Person","@id":"https:\/\/www.tourenwagenjuniorcup.de\/en\/#\/schema\/person\/555d6c5113b5491d1fd53b653f9acf4c","name":"Matthias Meyer","image":{"@type":"ImageObject","inLanguage":"en-US","@id":"https:\/\/www.tourenwagenjuniorcup.de\/en\/#\/schema\/person\/image\/","url":"https:\/\/secure.gravatar.com\/avatar\/4f7f88e9834655263977d4fa2e611bbaca4504a33c25d4bd6d973af7e9255f71?s=96&d=mm&r=g","contentUrl":"https:\/\/secure.gravatar.com\/avatar\/4f7f88e9834655263977d4fa2e611bbaca4504a33c25d4bd6d973af7e9255f71?s=96&d=mm&r=g","caption":"Matthias Meyer"},"url":"https:\/\/www.tourenwagenjuniorcup.de\/en\/author\/matthias\/"}]}},"_links":{"self":[{"href":"https:\/\/www.tourenwagenjuniorcup.de\/en\/wp-json\/wp\/v2\/posts\/936","targetHints":{"allow":["GET"]}}],"collection":[{"href":"https:\/\/www.tourenwagenjuniorcup.de\/en\/wp-json\/wp\/v2\/posts"}],"about":[{"href":"https:\/\/www.tourenwagenjuniorcup.de\/en\/wp-json\/wp\/v2\/types\/post"}],"author":[{"embeddable":true,"href":"https:\/\/www.tourenwagenjuniorcup.de\/en\/wp-json\/wp\/v2\/users\/3"}],"replies":[{"embeddable":true,"href":"https:\/\/www.tourenwagenjuniorcup.de\/en\/wp-json\/wp\/v2\/comments?post=936"}],"version-history":[{"count":6,"href":"https:\/\/www.tourenwagenjuniorcup.de\/en\/wp-json\/wp\/v2\/posts\/936\/revisions"}],"predecessor-version":[{"id":944,"href":"https:\/\/www.tourenwagenjuniorcup.de\/en\/wp-json\/wp\/v2\/posts\/936\/revisions\/944"}],"wp:featuredmedia":[{"embeddable":true,"href":"https:\/\/www.tourenwagenjuniorcup.de\/en\/wp-json\/wp\/v2\/media\/942"}],"wp:attachment":[{"href":"https:\/\/www.tourenwagenjuniorcup.de\/en\/wp-json\/wp\/v2\/media?parent=936"}],"wp:term":[{"taxonomy":"category","embeddable":true,"href":"https:\/\/www.tourenwagenjuniorcup.de\/en\/wp-json\/wp\/v2\/categories?post=936"},{"taxonomy":"post_tag","embeddable":true,"href":"https:\/\/www.tourenwagenjuniorcup.de\/en\/wp-json\/wp\/v2\/tags?post=936"}],"curies":[{"name":"wp","href":"https:\/\/api.w.org\/{rel}","templated":true}]}}